{"id":41106,"date":"2026-03-30T16:31:40","date_gmt":"2026-03-30T16:31:40","guid":{"rendered":"http:\/\/7a7f08bcbef698afbf75c1ec79c21bd6"},"modified":"2026-03-30T16:31:40","modified_gmt":"2026-03-30T16:31:40","slug":"fallo-por-ypf-kicillof-dijo-que-milei-le-da-argumentos-a-burford-para-la-apelacion","status":"publish","type":"post","link":"https:\/\/latecordoba.com\/index.php\/2026\/03\/30\/fallo-por-ypf-kicillof-dijo-que-milei-le-da-argumentos-a-burford-para-la-apelacion\/","title":{"rendered":"Fallo por YPF: Kicillof dijo que Milei le da argumentos a Burford para la apelaci\u00f3n"},"content":{"rendered":"\n<div class=\"media_block\"><img decoding=\"async\" src=\"http:\/\/latecordoba.com\/wp-content\/uploads\/2026\/03\/fallo-por-ypf-kicillof-dijo-que-milei-le-da-argumentos-a-burford-para-la-apelacion.jpg\"><\/div>\n<p>Axel Kicillof sali\u00f3 a confrontar con Javier Milei por el fallo de la justicia estadounidense sobre la expropiaci\u00f3n de YPF y advirti\u00f3 que el presidente les est\u00e1 dando argumentos al fondo Burford para una apelaci\u00f3n.<\/p>\n<p>&#8220;Si alguien insiste en que ten\u00edan raz\u00f3n los demandantes, los fondos buitres, sigue dando argumentos para una apelaci\u00f3n&#8221;, afirm\u00f3 Kicillof durante una conferencia de prensa en la Casa de Gobierno. &#8220;Milei siempre les dio la raz\u00f3n a los buitres&#8221;, golpe\u00f3.<\/p>\n<p>&#8220;Tenemos que ser muy prudentes. Que el Presidente les d\u00e9 la raz\u00f3n a quienes quer\u00edan quedarse con YPF, quienes quer\u00edan una indemnizaci\u00f3n absolutamente desproporcionada,&nbsp;no solo es contrario a los intereses del pa\u00eds, es muy riesgoso&#8221; frente a nuevas apelaciones, agreg\u00f3.<\/p>\n<p>&#8220;Hay quienes siempre est\u00e1n del lado de los fondos buitres, del lado de quienes atentan contra Argentina.&nbsp;Eso es Javier Milei, por eso lo estrafalario de festejar un fallo en contra y festejar el fallo a favor&#8221;, afirm\u00f3 Kicillof.<\/p>\n<p><a href=\"https:\/\/www.lapoliticaonline.com\/tools\/redirect.php?t=3&amp;i=342227&amp;s=35979046b5cb895d4f3c6c602b016dfd\" target=\"_blank\" class=\"link-type-content content-type-noticia-ar\" rel=\"noopener\">Fallo hist\u00f3rico: la Justicia de Estados Unidos revoc\u00f3 la condena por la expropiaci\u00f3n de YPF y Argentina se ahorra USD 16 mil millones<\/a><\/p>\n<p>Kicillof acus\u00f3 a Milei de querer vender la petrolera y record\u00f3 que incluy\u00f3 su posible privatizaci\u00f3n en la Ley Bases. &#8220;Propon\u00eda reprivatizar YPF con el argumento de que se hab\u00eda hecho mal y siempre tiene que ser privada. Milei, privatizar de mala manera trae riesgos tr\u00e1gicos&#8221;, advirti\u00f3.<\/p>\n<p>&#8220;YPF fue un ejemplo del efecto de las privatizaciones que se hicieron en la d\u00e9cada del \u00b490 y derivaron en el vaciamiento de activos estrat\u00e9gicos para el pa\u00eds. Con la recuperaci\u00f3n del control de la empresa, logramos revertir inmediatamente la tendencia, pero hoy el Gobierno nacional apuesta nuevamente al mismo plan privatizador&#8221;, continu\u00f3.<\/p>\n<figure class=\"vsmimage\" contenteditable=\"false\"><img decoding=\"async\" loading=\"lazy\" alt=\"Fallo por YPF: Kicillof dijo que Milei le da argumentos a Burford para la apelaci\u00f3n\" data-vsmid=\"283429\" data-owidth=\"4000\" data-oheight=\"2667\" src=\"data:image\/png;base64,iVBORw0KGgoAAAANSUhEUgAAAx4AAAIOAQMAAAAMVUlSAAAAA1BMVEUAAACnej3aAAAAAXRSTlMAQObYZgAAAElJREFUeJztwQEBAAAAgiD\/r25IQAEAAAAAAAAAAAAAAAAAAAAAAAAAAAAAAAAAAAAAAAAAAAAAAAAAAAAAAAAAAAAAAAAAAPBjz4YAAXoxaWgAAAAASUVORK5CYII=\" vsmidos=\"1\" vsmsrc=\"\/files\/image\/283\/283429\/69ca8988c9a24_798_526!.jpg?s=2d9d116cecc5c2330973eeb097dcd9f1&amp;d=1774889475\" width=\"798\" height=\"526\"><\/figure>\n<p>Kicillof dijo que &#8220;la cuesti\u00f3n de fondo es para qu\u00e9 sirve YPF&#8221; y se refiri\u00f3 a los \u00faltimos aumentos de la nafta, que llevaron el litro arriba de los 2 mil pesos. &#8220;En un momento de alta volatilidad, el pa\u00eds cuenta con&nbsp; un instrumento muy poderoso para tener una pol\u00edtica sobre el precio interno de los combustibles: llamo al Gobierno nacional a cuidar el bolsillo de los argentinos&#8221;, exigi\u00f3.&nbsp;<\/p>\n<p>De todos modos, se mostr\u00f3 pesimista sobre alguna posible medida del gobierno para bajar los precios. &#8220;Milei no lo entiende, solo ve sus resultados y lucra con eso&#8221;, chicane\u00f3.<\/p>\n","protected":false},"excerpt":{"rendered":"\n<div class=\"media_block\"><img decoding=\"async\" src=\"http:\/\/latecordoba.com\/wp-content\/uploads\/2026\/03\/fallo-por-ypf-kicillof-dijo-que-milei-le-da-argumentos-a-burford-para-la-apelacion.jpg\"><\/div>\n<p>El gobernador record\u00f3 que el presidente quer\u00eda privatizar la petrolera y le advirti\u00f3 que &#8220;es riesgoso&#8221; darles la raz\u00f3n a los fondos buitres.  <\/p>\n","protected":false},"author":1,"featured_media":41107,"comment_status":"closed","ping_status":"closed","sticky":false,"template":"","format":"standard","meta":[],"categories":[18],"tags":[],"_links":{"self":[{"href":"https:\/\/latecordoba.com\/index.php\/wp-json\/wp\/v2\/posts\/41106"}],"collection":[{"href":"https:\/\/latecordoba.com\/index.php\/wp-json\/wp\/v2\/posts"}],"about":[{"href":"https:\/\/latecordoba.com\/index.php\/wp-json\/wp\/v2\/types\/post"}],"author":[{"embeddable":true,"href":"https:\/\/latecordoba.com\/index.php\/wp-json\/wp\/v2\/users\/1"}],"replies":[{"embeddable":true,"href":"https:\/\/latecordoba.com\/index.php\/wp-json\/wp\/v2\/comments?post=41106"}],"version-history":[{"count":0,"href":"https:\/\/latecordoba.com\/index.php\/wp-json\/wp\/v2\/posts\/41106\/revisions"}],"wp:featuredmedia":[{"embeddable":true,"href":"https:\/\/latecordoba.com\/index.php\/wp-json\/wp\/v2\/media\/41107"}],"wp:attachment":[{"href":"https:\/\/latecordoba.com\/index.php\/wp-json\/wp\/v2\/media?parent=41106"}],"wp:term":[{"taxonomy":"category","embeddable":true,"href":"https:\/\/latecordoba.com\/index.php\/wp-json\/wp\/v2\/categories?post=41106"},{"taxonomy":"post_tag","embeddable":true,"href":"https:\/\/latecordoba.com\/index.php\/wp-json\/wp\/v2\/tags?post=41106"}],"curies":[{"name":"wp","href":"https:\/\/api.w.org\/{rel}","templated":true}]}}