{"id":40299,"date":"2026-02-03T13:04:00","date_gmt":"2026-02-03T13:04:00","guid":{"rendered":"https:\/\/www.iprofesional.com\/tecnologia\/447429-elon-musk-busca-lanzar-un-millon-de-satelites-para-procesar-ia-en-el-espacio"},"modified":"2026-02-03T13:04:00","modified_gmt":"2026-02-03T13:04:00","slug":"elon-musk-busca-lanzar-un-millon-de-satelites-para-procesar-ia-en-el-espacio","status":"publish","type":"post","link":"https:\/\/latecordoba.com\/index.php\/2026\/02\/03\/elon-musk-busca-lanzar-un-millon-de-satelites-para-procesar-ia-en-el-espacio\/","title":{"rendered":"Elon Musk busca lanzar un mill\u00f3n de sat\u00e9lites para procesar IA en el espacio"},"content":{"rendered":"\n<div class=\"media_block\"><img decoding=\"async\" src=\"http:\/\/latecordoba.com\/wp-content\/uploads\/2026\/02\/elon-musk-busca-lanzar-un-millon-de-satelites-para-procesar-ia-en-el-espacio.jpg\"><\/div>\n<div id>\n<p> Este proyecto marcar\u00eda un punto de inflexi\u00f3n, al fusionar la exploraci\u00f3n espacial comercial con el desarrollo de la inteligencia artificial, <\/p>\n<p><strong>03\/02\/2026<\/strong> &#8211; 10:04hs<\/p>\n<div class=\"image-container img-wide padding-b\"> <picture><source type=\"image\/webp\" media=\"(max-width: 642px)\" srcset=\"http:\/\/latecordoba.com\/wp-content\/uploads\/2026\/02\/elon-musk-busca-lanzar-un-millon-de-satelites-para-procesar-ia-en-el-espacio-1.webp 384w, http:\/\/latecordoba.com\/wp-content\/uploads\/2026\/02\/elon-musk-busca-lanzar-un-millon-de-satelites-para-procesar-ia-en-el-espacio-2.webp 512w, https:\/\/resizer.iproimg.com\/unsafe\/640x\/filters:format(webp):quality(75):max_bytes(102400)\/https:\/\/assets.iprofesional.com\/assets\/jpg\/2020\/02\/490509.jpg 640w\" sizes=\"100vw\"><source type=\"image\/webp\" media=\"(min-width: 642.01px) and (max-width: 1270px)\" srcset=\"https:\/\/resizer.iproimg.com\/unsafe\/614x\/filters:format(webp):quality(75):max_bytes(102400)\/https:\/\/assets.iprofesional.com\/assets\/jpg\/2020\/02\/490509.jpg 614w\" sizes=\"614px\"><source type=\"image\/webp\" media=\"(min-width: 1270.01px) and (max-width: 1898px)\" srcset=\"https:\/\/resizer.iproimg.com\/unsafe\/928x\/filters:format(webp):quality(75):max_bytes(102400)\/https:\/\/assets.iprofesional.com\/assets\/jpg\/2020\/02\/490509.jpg 928w\" sizes=\"928px\"><source type=\"image\/webp\" media=\"(min-width: 1898.01px)\" srcset=\"https:\/\/resizer.iproimg.com\/unsafe\/1270x\/filters:format(webp):quality(75):max_bytes(102400)\/https:\/\/assets.iprofesional.com\/assets\/jpg\/2020\/02\/490509.jpg 1270w\" sizes=\"1270px\"><img loading=\"lazy\" decoding=\"async\" src=\"http:\/\/latecordoba.com\/wp-content\/uploads\/2026\/02\/elon-musk-busca-lanzar-un-millon-de-satelites-para-procesar-ia-en-el-espacio.webp\" sizes=\"100vw\" class alt=\"Elon Musk busca lanzar un mill\u00f3n de sat\u00e9lites para procesar IA en el espacio\" width=\"768\" height=\"432\" fetchpriority=\"high\"> <\/picture> <\/div>\n<\/p><\/div>\n<div readability=\"86.311610982468\">\n<p>En un movimiento que podr\u00eda redefinir tanto la infraestructura de Internet como la carrera por la inteligencia artificial (IA), la empresa <strong><a href=\"https:\/\/www.iprofesional.com\/tecnologia\/447414-fusion-de-spacex-y-xai-elon-musk-consolida-su-imperio-para-una-posible-ipo-historica\" target=\"_blank\" title=\"Elon Musk quiere fusionar SpaceX con xAI\" rel=\"noopener noreferrer\">SpaceX<\/a> <\/strong>formaliz\u00f3 una ambiciosa petici\u00f3n ante los reguladores estadounidenses: el permiso para poner en \u00f3rbita hasta un mill\u00f3n de nuevos sat\u00e9lites.<\/p>\n<p>El objetivo trasciende la conectividad global; la compa\u00f1\u00eda del magnate sudafricano-estadounidense <strong>Elon Musk <\/strong>pretende crear una red de centros de datos espaciales dise\u00f1ados espec\u00edficamente para satisfacer la demanda de c\u00f3mputo de la IA.<\/p>\n<p>Seg\u00fan la documentaci\u00f3n presentada el viernes ante la <strong>Comisi\u00f3n Federal de Comunicaciones <\/strong>(FCC), esta nueva constelaci\u00f3n busca ampliar la cobertura de banda ancha, y trasladar la capacidad de procesamiento fuera de la superficie terrestre. La firma argumenta que el crecimiento explosivo del aprendizaje autom\u00e1tico y la computaci\u00f3n perif\u00e9rica est\u00e1 comenzando a superar las capacidades de la infraestructura terrestre actual.<\/p>\n<h2>Energ\u00eda solar y l\u00e1seres en \u00f3rbita baja<\/h2>\n<p>El proyecto plantea un despliegue en la <strong>\u00f3rbita terrestre baja <\/strong>(LEO), donde los sat\u00e9lites operar\u00edan dentro de capas orbitales estrechas de hasta 50 kil\u00f3metros. Para garantizar la velocidad y la latencia necesarias para el procesamiento de datos complejos, las unidades se comunicar\u00e1n entre s\u00ed mediante enlaces l\u00e1ser, creando una malla de informaci\u00f3n de alta velocidad en el vac\u00edo espacial.<\/p>\n<p>Uno de los argumentos centrales de <a href=\"https:\/\/www.iprofesional.com\/economia\/444077-el-plan-oculto-de-elon-musk-spacex-prepara-la-salida-mas-grande-de-wall-street\" target=\"_blank\" title=\"SpaceX prepara su salida a bolsa\" rel=\"noopener noreferrer\">SpaceX<\/a> para justificar esta inversi\u00f3n es la <strong>eficiencia energ\u00e9tica<\/strong>. Los centros de datos en la Tierra tienen un alto consumo el\u00e9ctrico y necesidades intensas de refrigeraci\u00f3n.<\/p>\n<p>La compa\u00f1\u00eda sostiene que llevar estos <strong>servidores al espacio <\/strong>es &#8220;la forma m\u00e1s eficiente&#8221; de alimentar la IA, aprovechando la disponibilidad constante y directa de la energ\u00eda solar fuera de la atm\u00f3sfera, y eliminando as\u00ed de la ecuaci\u00f3n las limitaciones de la red el\u00e9ctrica terrestre.<\/p>\n<h2>Una constelaci\u00f3n en expansi\u00f3n constante<\/h2>\n<p>La solicitud llega en un momento de consolidaci\u00f3n para <a href=\"https:\/\/www.iprofesional.com\/tecnologia\/446955-elon-musk-instalo-una-base-de-starlink-en-una-ciudad-argentina-cual-es-y-por-que-importa\" target=\"_blank\" title=\"Elon Musk instala base de SpaceX en Argentina\" rel=\"noopener noreferrer\">Starlink<\/a>, la divisi\u00f3n de Internet satelital de la empresa. Actualmente, se estima que <strong>SpaceX opera m\u00e1s de 9.600 sat\u00e9lites<\/strong>, seg\u00fan datos de Jonathan&#8217;s Space Pages. Adem\u00e1s, la compa\u00f1\u00eda recibi\u00f3 luz verde a principios de enero para desplegar 7.500 unidades adicionales de su generaci\u00f3n Gen2, con la meta de alcanzar los 15.000 sat\u00e9lites operativos para 2031.<\/p>\n<p>Sin embargo, la nueva propuesta eleva la escala del proyecto a un nivel sin precedentes. Consciente de las crecientes preocupaciones sobre la <strong>basura espacial <\/strong>y la congesti\u00f3n orbital, SpaceX asegur\u00f3 en su propuesta que el sistema dejar\u00e1 &#8220;espacio suficiente&#8221; para evitar conflictos con otros operadores y sistemas satelitales.<\/p>\n<p>De aprobarse, este proyecto marcar\u00eda un punto de inflexi\u00f3n en la industria tecnol\u00f3gica, al fusionar la exploraci\u00f3n espacial comercial con el desarrollo de la <strong>inteligencia artificial<\/strong>, y converir al espacio exterior en la nueva sala de servidores de la humanidad.<\/p>\n<\/p><\/div>\n","protected":false},"excerpt":{"rendered":"\n<div class=\"media_block\"><img decoding=\"async\" src=\"http:\/\/latecordoba.com\/wp-content\/uploads\/2026\/02\/elon-musk-busca-lanzar-un-millon-de-satelites-para-procesar-ia-en-el-espacio.jpg\"><\/div>\n<p> Este proyecto marcar\u00eda un punto de inflexi\u00f3n, al fusionar la exploraci\u00f3n espacial comercial con el desarrollo de la inteligencia artificial, <iframe width=\"0\" height=\"0\" border=\"0\"> <script> (function(i,s,o,g,r,a,m){i['GoogleAnalyticsObject']=r;i[r]=i[r]||function(){ (i[r].q=i[r].q||[]).push(arguments)},i[r].l=1*new Date();a=s.createElement(o), m=s.getElementsByTagName(o)[0];a.async=1;a.src=g;m.parentNode.insertBefore(a,m) })(window,document,'script','https:\/\/www.google-analytics.com\/analytics.js','ga'); ga('create', 'GTM-5LW5KQD', 'auto'); ga('require', 'displayfeatures'); ga('set', 'campaignSource', 'RSS Client for iProfesional'); ga('set', 'campaignMedium', 'RSS Client for iProfesional'); ga('set', {\"dataSource\": \"rss.atom.iprofesional.com\"}); ga('set', {\"referrer\": \"rss.atom.iprofesional.com\"}); ga('set', 'title', 'RSS Client for iProfesional'); ga('send', 'pageview'); <\/script> <!-- Begin comScore Tag --> <script> var _comscore = _comscore || []; _comscore.push({ c1: \"2\", c2: \"16597048\" }); (function() { var s = document.createElement(\"script\"), el = document.getElementsByTagName(\"script\")[0]; s.async = true; s.src = \"https:\/\/sb.scorecardresearch.com\/cs\/16597048\/beacon.js\"; el.parentNode.insertBefore(s, el); })(); <\/script> <noscript> <img decoding=\"async\" src=\"http:\/\/latecordoba.com\/wp-content\/uploads\/2026\/02\/elon-musk-busca-lanzar-un-millon-de-satelites-para-procesar-ia-en-el-espacio.gif\"> <\/noscript> <!-- End comScore Tag --> <\/iframe> <iframe border=\"0px\" style=\"display: none\" width=0 height=0 src=\"https:\/\/www.iprofesional.com\/ga4.html?gtag_id=G-N13KWJP8BK&amp;title=Elon Musk busca lanzar un mill\u00f3n de sat\u00e9lites para procesar IA en el espacio&amp;location=https:\/\/www.iprofesional.com\/tecnologia\/447429-elon-musk-busca-lanzar-un-millon-de-satelites-para-procesar-ia-en-el-espacio&amp;referrer=rss.atom.iprofesional.com&amp;ci=RSS Client for iProfesional&amp;cs=RSS Client for iProfesional&amp;cm=RSS&amp;cn=RSS Client for iProfesional&amp;cc=RSS Client for iProfesional\"><\/iframe>  <\/p>\n","protected":false},"author":1,"featured_media":40300,"comment_status":"open","ping_status":"closed","sticky":false,"template":"","format":"standard","meta":[],"categories":[13],"tags":[],"_links":{"self":[{"href":"https:\/\/latecordoba.com\/index.php\/wp-json\/wp\/v2\/posts\/40299"}],"collection":[{"href":"https:\/\/latecordoba.com\/index.php\/wp-json\/wp\/v2\/posts"}],"about":[{"href":"https:\/\/latecordoba.com\/index.php\/wp-json\/wp\/v2\/types\/post"}],"author":[{"embeddable":true,"href":"https:\/\/latecordoba.com\/index.php\/wp-json\/wp\/v2\/users\/1"}],"replies":[{"embeddable":true,"href":"https:\/\/latecordoba.com\/index.php\/wp-json\/wp\/v2\/comments?post=40299"}],"version-history":[{"count":0,"href":"https:\/\/latecordoba.com\/index.php\/wp-json\/wp\/v2\/posts\/40299\/revisions"}],"wp:featuredmedia":[{"embeddable":true,"href":"https:\/\/latecordoba.com\/index.php\/wp-json\/wp\/v2\/media\/40300"}],"wp:attachment":[{"href":"https:\/\/latecordoba.com\/index.php\/wp-json\/wp\/v2\/media?parent=40299"}],"wp:term":[{"taxonomy":"category","embeddable":true,"href":"https:\/\/latecordoba.com\/index.php\/wp-json\/wp\/v2\/categories?post=40299"},{"taxonomy":"post_tag","embeddable":true,"href":"https:\/\/latecordoba.com\/index.php\/wp-json\/wp\/v2\/tags?post=40299"}],"curies":[{"name":"wp","href":"https:\/\/api.w.org\/{rel}","templated":true}]}}