{"id":40291,"date":"2026-02-04T00:19:27","date_gmt":"2026-02-04T00:19:27","guid":{"rendered":"http:\/\/bbb29e8a2e869d23be38018bf00a6dd4"},"modified":"2026-02-04T00:19:27","modified_gmt":"2026-02-04T00:19:27","slug":"intendente-aliado-de-milei-desafia-a-caputo-y-quiere-cobrar-el-alumbrado-en-las-boletas-de-luz","status":"publish","type":"post","link":"https:\/\/latecordoba.com\/index.php\/2026\/02\/04\/intendente-aliado-de-milei-desafia-a-caputo-y-quiere-cobrar-el-alumbrado-en-las-boletas-de-luz\/","title":{"rendered":"Intendente aliado de Milei desaf\u00eda a Caputo y quiere cobrar el alumbrado en las boletas de luz"},"content":{"rendered":"\n<div class=\"media_block\"><img decoding=\"async\" src=\"http:\/\/latecordoba.com\/wp-content\/uploads\/2026\/02\/intendente-aliado-de-milei-desafia-a-caputo-y-quiere-cobrar-el-alumbrado-en-las-boletas-de-luz.jpg\"><\/div>\n<div><img decoding=\"async\" src=\"http:\/\/latecordoba.com\/wp-content\/uploads\/2026\/02\/intendente-aliado-de-milei-desafia-a-caputo-y-quiere-cobrar-el-alumbrado-en-las-boletas-de-luz-1.jpg\" class=\"ff-og-image-inserted\"><\/div>\n<p>El reemplazante de Guillermo Montenegro en Mar del Plata, Agust\u00edn Neme, pretende instaurar el cobro de la tasa de alumbrado p\u00fablico en las boletas de luz, algo que choca directo con Luis &#8220;Toto&#8221; Caputo, que intent\u00f3 prohibir ese mecanismo.<\/p>\n<p>Aliado del Gobierno, Neme se reserv\u00f3 la presentaci\u00f3n del presupuesto y la fiscal-impositiva para despu\u00e9s de la visita de Javier Milei a la ciudad. El fin era evitar que algunas subas de tasas en discusi\u00f3n con los libertarios tensionen ese desembarco.<\/p>\n<p>Superada la visita presidencial, el municipio dio a conocer su pretensi\u00f3n de cobrar el alumbrado p\u00fablico en la factura de la distribuidora EDEA. El objetivo es alcanzar una recaudaci\u00f3n superior al 90% a trav\u00e9s de &#8220;un mecanismo de liquidaci\u00f3n y recaudaci\u00f3n \u00e1gil y sumamente efectivo&#8221;, seg\u00fan se desprendi\u00f3 del proyecto del Ejecutivo local.<\/p>\n<p>El movimiento del intendente interino sorprendi\u00f3 en sectores del Gobierno que ya ven\u00edan cuestionando a Montenegro por el cobro de la tasa vial a la carga de combustible, otro tributo objetado en el Ministerio de Econom\u00eda.<\/p>\n<p><a href=\"https:\/\/www.lapoliticaonline.com\/tools\/redirect.php?t=3&amp;i=298913&amp;s=96ecb4ab7e9eaf910236ef4bd59954b9\" class=\"link-type-content content-type-noticia-ar\">Caputo truch\u00f3 una factura de luz para justificar una medida contra los intendentes<\/a><\/p>\n<p>El rechazo al cobro del alumbrado p\u00fablico en la boleta de luz fue la primera pelea fuerte que Caputo tuvo con los intendentes peronistas del conurbano, guerra que el ministro llev\u00f3 al l\u00edmite de sacar una resoluci\u00f3n prohibiendo ese mecanismo, en 2024.<\/p>\n<p>Pero los intendentes del peronismo judicializaron la medida, advirtiendo que estaba en riesgo el sistema de alumbrado p\u00fablico de sus comunas. Poco despu\u00e9s, la Justicia le dio la raz\u00f3n a los jefes comunales.<\/p>\n<p>Ahora, Neme pretende que este nuevo sistema garantice una cobrabilidad plena de sumas que van de los 1.000 a los 6.700 pesos.<\/p>\n<p class=\"authorquote\">&nbsp;Cerca del municipio se\u00f1alaron a LPO que, para esta reconfiguraci\u00f3n del cobro del alumbrado p\u00fablico tiene el acompa\u00f1amiento de los concejales de La Libertad Avanza. Aunque hay quienes tienen sus reservas sobre la recepci\u00f3n de esta medida en Casa Rosada.&nbsp;<\/p>\n<p>&#8220;Esta medida encarece la boleta el\u00e9ctrica para numerosos hogares. Adem\u00e1s, expone a los vecinos a futuros tarifazos&#8221;, alertaron en el bloque de concejales de Uni\u00f3n por la Patria, donde tambi\u00e9n acusaron a Neme de esconder &#8220;un aumento real del 37% en la Tasa de Servicios Urbanos, al que se le suma una cl\u00e1usula gatillo por inflaci\u00f3n&#8221;.<\/p>\n<p>&#8220;Todo esto ocurre mientras el gobierno sostiene la tasa vial m\u00e1s cara de la provincia de Buenos Aires. Y ese esfuerzo no se traslada a mejoras en las calles: siguen llenas de baches&#8221;, agregaron los concejales del kirchnerismo.<\/p>\n<p><a href=\"https:\/\/www.lapoliticaonline.com\/tools\/redirect.php?t=3&amp;i=298899&amp;s=560e135619eba41ceeb52461906a5845\" class=\"link-type-content content-type-noticia-ar\">Intendentes le advierten a Caputo que no podr\u00e1n pagar el alumbrado p\u00fablico si no cobran las tasas en las boletas<\/a><\/p>\n<p>Cerca del municipio se\u00f1alaron a LPO que, para esta reconfiguraci\u00f3n del cobro del alumbrado p\u00fablico tiene el acompa\u00f1amiento de los concejales de La Libertad Avanza. Aunque hay quienes tienen sus reservas sobre la recepci\u00f3n de esta medida en Casa Rosada.<\/p>\n<p>Como sea, Neme pretende tener aprobado el presupuesto y la fiscal-impositiva antes de su primera apertura de sesiones, a principios de marzo, por lo que se espera que estos proyectos, que comenzar\u00e1n a discutirse en comisiones este mi\u00e9rcoles, lleguen al recinto para su votaci\u00f3n a finales de febrero. <\/p>\n","protected":false},"excerpt":{"rendered":"\n<div class=\"media_block\"><img decoding=\"async\" src=\"http:\/\/latecordoba.com\/wp-content\/uploads\/2026\/02\/intendente-aliado-de-milei-desafia-a-caputo-y-quiere-cobrar-el-alumbrado-en-las-boletas-de-luz.jpg\"><\/div>\n<p>Neme, reemplazante de Montenegro en Mar del Plata, propuso la medida que Caputo intent\u00f3 prohibir.  <\/p>\n","protected":false},"author":1,"featured_media":40292,"comment_status":"closed","ping_status":"closed","sticky":false,"template":"","format":"standard","meta":[],"categories":[18],"tags":[],"_links":{"self":[{"href":"https:\/\/latecordoba.com\/index.php\/wp-json\/wp\/v2\/posts\/40291"}],"collection":[{"href":"https:\/\/latecordoba.com\/index.php\/wp-json\/wp\/v2\/posts"}],"about":[{"href":"https:\/\/latecordoba.com\/index.php\/wp-json\/wp\/v2\/types\/post"}],"author":[{"embeddable":true,"href":"https:\/\/latecordoba.com\/index.php\/wp-json\/wp\/v2\/users\/1"}],"replies":[{"embeddable":true,"href":"https:\/\/latecordoba.com\/index.php\/wp-json\/wp\/v2\/comments?post=40291"}],"version-history":[{"count":0,"href":"https:\/\/latecordoba.com\/index.php\/wp-json\/wp\/v2\/posts\/40291\/revisions"}],"wp:featuredmedia":[{"embeddable":true,"href":"https:\/\/latecordoba.com\/index.php\/wp-json\/wp\/v2\/media\/40292"}],"wp:attachment":[{"href":"https:\/\/latecordoba.com\/index.php\/wp-json\/wp\/v2\/media?parent=40291"}],"wp:term":[{"taxonomy":"category","embeddable":true,"href":"https:\/\/latecordoba.com\/index.php\/wp-json\/wp\/v2\/categories?post=40291"},{"taxonomy":"post_tag","embeddable":true,"href":"https:\/\/latecordoba.com\/index.php\/wp-json\/wp\/v2\/tags?post=40291"}],"curies":[{"name":"wp","href":"https:\/\/api.w.org\/{rel}","templated":true}]}}