{"id":40283,"date":"2026-02-03T10:46:00","date_gmt":"2026-02-03T10:46:00","guid":{"rendered":"https:\/\/www.iprofesional.com\/economia\/447401-cual-es-el-sueldo-de-febrero-2026-de-un-empleado-de-guerrin-el-cuartito-o-los-inmortales"},"modified":"2026-02-03T10:46:00","modified_gmt":"2026-02-03T10:46:00","slug":"cual-es-el-sueldo-de-febrero-de-un-empleado-de-guerrin-el-cuartito-o-los-inmortales","status":"publish","type":"post","link":"https:\/\/latecordoba.com\/index.php\/2026\/02\/03\/cual-es-el-sueldo-de-febrero-de-un-empleado-de-guerrin-el-cuartito-o-los-inmortales\/","title":{"rendered":"Cu\u00e1l es el sueldo de febrero de un empleado de Guerr\u00edn, El Cuartito o Los Inmortales"},"content":{"rendered":"\n<div class=\"media_block\"><img decoding=\"async\" src=\"http:\/\/latecordoba.com\/wp-content\/uploads\/2026\/02\/cual-es-el-sueldo-de-febrero-de-un-empleado-de-guerrin-el-cuartito-o-los-inmortales.jpg\"><\/div>\n<div id>\n<p> El sindicato de Pasteleros record\u00f3 que el acuerdo salarial vigente finaliza en marzo, mes en el que retomar\u00e1n las discusiones con la c\u00e1mara empresarial. <\/p>\n<p><strong>03\/02\/2026<\/strong> &#8211; 07:46hs<\/p>\n<div class=\"image-container img-wide padding-b\"> <picture><source type=\"image\/webp\" media=\"(max-width: 642px)\" srcset=\"http:\/\/latecordoba.com\/wp-content\/uploads\/2026\/02\/cual-es-el-sueldo-de-febrero-de-un-empleado-de-guerrin-el-cuartito-o-los-inmortales-1.webp 384w, http:\/\/latecordoba.com\/wp-content\/uploads\/2026\/02\/cual-es-el-sueldo-de-febrero-de-un-empleado-de-guerrin-el-cuartito-o-los-inmortales-2.webp 512w, https:\/\/resizer.iproimg.com\/unsafe\/640x\/filters:format(webp):quality(75):max_bytes(102400)\/https:\/\/assets.iprofesional.com\/assets\/jpg\/2026\/01\/610753.jpg 640w\" sizes=\"100vw\"><source type=\"image\/webp\" media=\"(min-width: 642.01px) and (max-width: 1270px)\" srcset=\"https:\/\/resizer.iproimg.com\/unsafe\/614x\/filters:format(webp):quality(75):max_bytes(102400)\/https:\/\/assets.iprofesional.com\/assets\/jpg\/2026\/01\/610753.jpg 614w\" sizes=\"614px\"><source type=\"image\/webp\" media=\"(min-width: 1270.01px) and (max-width: 1898px)\" srcset=\"https:\/\/resizer.iproimg.com\/unsafe\/928x\/filters:format(webp):quality(75):max_bytes(102400)\/https:\/\/assets.iprofesional.com\/assets\/jpg\/2026\/01\/610753.jpg 928w\" sizes=\"928px\"><source type=\"image\/webp\" media=\"(min-width: 1898.01px)\" srcset=\"https:\/\/resizer.iproimg.com\/unsafe\/1270x\/filters:format(webp):quality(75):max_bytes(102400)\/https:\/\/assets.iprofesional.com\/assets\/jpg\/2026\/01\/610753.jpg 1270w\" sizes=\"1270px\"><img loading=\"lazy\" decoding=\"async\" src=\"http:\/\/latecordoba.com\/wp-content\/uploads\/2026\/02\/cual-es-el-sueldo-de-febrero-de-un-empleado-de-guerrin-el-cuartito-o-los-inmortales.webp\" sizes=\"100vw\" class alt=\"pizzeria\" width=\"768\" height=\"432\" fetchpriority=\"high\"> <\/picture> <\/div>\n<\/p><\/div>\n<div readability=\"114.29899302866\">\n<p><span>En el marco del \u00faltimo <strong>acuerdo paritario,<\/strong> el consejo directivo de la Federaci\u00f3n de Pasteleros, Servicios R\u00e1pidos, Confiteros, Heladeros, Pizzeros y Alfajoreros dio a conocer la escala salarial de febrero para<a href=\"https:\/\/www.iprofesional.com\/economia\/437769-cuanto-gana-en-septiembre-un-empleado-de-guerrin-banchero-o-los-inmortales\" target=\"_blank\" title=\"pizzeria\" rel=\"noopener noreferrer\"> los trabajadores de Pizzer\u00edas, Pizzer\u00edas-Grill, Pizza-Caf\u00e9, Rotiser\u00edas y Casas de Empanadas.<\/a><\/span><\/p>\n<p><span>La mejora beneficia al personal bajo el <a href=\"https:\/\/www.iprofesional.com\/economia\/420500-empleado-pizzeria-logro-aumento-sueldo-enero-2025-cuanto-cobran-guerrin-o-el-cuartito\" target=\"_blank\" title=\"convenio colectivo de trabajo 24\/88\" rel=\"noopener noreferrer\">convenio colectivo de trabajo 24\/88<\/a>, que fue homologado por la secretar\u00eda de Trabajo, bajo la \u00f3rbita del ministerio de Capital Humano. Para marzo, el gremio que lidera <strong>Luis Ram\u00f3n Hlebowicz,<\/strong>&nbsp;y los directivos de la Asociaci\u00f3n de Propietarios de Pizzer\u00edas, Casas de Empanadas, y Actividades Afines retomar\u00e1n las negociaciones para aplicar un nuevo incremento en los haberes del personal de pizzer\u00edas emblem\u00e1ticas como Banchero, Guerr\u00edn, La Americana, El Cuartito o Los Inmortales.<\/span><\/p>\n<h2><span>De cu\u00e1nto es el aumento salarial y c\u00f3mo se aplica<\/span><\/h2>\n<ul>\n<li><span><a href=\"https:\/\/www.iprofesional.com\/management\/435013-sector-por-sector-el-sueldo-que-quieren-cobrar-los-argentinos\" target=\"_blank\" title=\"El aumento \" rel=\"noopener noreferrer\">El <strong>aumento<\/strong> <\/a>comenz\u00f3 a aplicarse en noviembre con una asignaci\u00f3n no remunerativa del 2 por ciento.<\/span><\/li>\n<li><span>En diciembre, una asignaci\u00f3n<strong> no remunerativa<\/strong> de un 4,04 por ciento<\/span><\/li>\n<li><span>Enero, asignaci\u00f3n no remunerativa del 6,12 por ciento. &nbsp;<\/span><\/li>\n<li><span>Febrero, asignaci\u00f3n no remunerativa del 8,77 por ciento. &nbsp;<\/span><\/li>\n<li><span>Marzo, incremento en el salario b\u00e1sico del 8,77 por ciento.<\/span><\/li>\n<\/ul>\n<p><span>Las subas se aplican para todas las categor\u00edas, en tanto que los porcentajes se calculan sobre los<a href=\"https:\/\/www.iprofesional.com\/actualidad\/419576-revelo-pizzeria-con-pizzas-que-mas-queso-tienen-ciudad-buenos-aires-ademas-baratas\" target=\"_blank\" title=\" b\u00e1sicos de noviembre. \" rel=\"noopener noreferrer\"> <strong>b\u00e1sicos de noviembre.<\/strong> <\/a>Las partes se\u00f1alaron que las asignaciones no remunerativas durante cada per\u00edodo deber\u00e1n efectuar los aportes y contribuciones de obra social y convencionales de mutual y sindicato.<\/span><\/p>\n<p><span>Asimismo, se deben computar para el <strong>c\u00e1lculo de vacaciones, horas extras, sueldo anual complementario y premios <\/strong>y conceptos convencionales que se calculen sobre el salario b\u00e1sico (antig\u00fcedad y otras asignaciones). Los conceptos que se calculen sobre el importe no remunerativo pactado, tendr\u00e1n la misma naturaleza. &nbsp;<\/span><\/p>\n<h2><span>Mejora por antig\u00fcedad<\/span><\/h2>\n<p><span>Se inform\u00f3 adem\u00e1s que el <strong>art\u00edculo 40,<\/strong> referido a la suba por antig\u00fcedad: Todo el personal involucrado en dicha convenci\u00f3n colectiva de trabajo, que cuente con una antig\u00fcedad de dos a\u00f1os como m\u00ednimo, gozar\u00e1 de la siguiente escala de aumento por antig\u00fcedad sobre los b\u00e1sicos de convenio. Dichos incrementos regir\u00e1n junto al aplicar la escala de sueldo por categor\u00eda.<\/span><\/p>\n<ul>\n<li><span>De 2 a 5 a\u00f1os: 3 por ciento<\/span><\/li>\n<li><span>De 5 a 10 a\u00f1os: 8 por ciento<\/span><\/li>\n<li><span>De 10 a 15 a\u00f1os: 13 por ciento<\/span><\/li>\n<li><span>De 15 a 20 a\u00f1os: 15 por ciento<\/span><\/li>\n<li><span>De 20 a 25 a\u00f1os: 18 por ciento<\/span><\/li>\n<li><span>De 25 a\u00f1os en adelante: 24 por ciento<\/span><\/li>\n<\/ul>\n<h2><span>C\u00f3mo quedaron los salarios b\u00e1sicos<\/span><\/h2>\n<p><span>En febrero, el<strong> salario de un Aprendiz <\/strong>Inicial hasta 6 meses por 6 horas ser\u00e1 de 1.009.332 pesos m\u00e1s 88.518 pesos de asignaci\u00f3n no remunerativa, haciendo un total de 1.097.850 pesos y el de un Repartidor a Domicilio por 6 horas, percibir\u00e1 930.417 pesos m\u00e1s una asignaci\u00f3n no remunerativa de 81.598 pesos; total 1.012.015 pesos.<\/span><\/p>\n<p><span>En cuanto a la categor\u00eda m\u00e1s alta, que es la de <strong>Maestro Pizzero, Cocinero, Maestro Pastelero, Encargado,<\/strong> cobrar\u00e1 en septiembre un b\u00e1sico mensual de 1.822.426 pesos, m\u00e1s la asignaci\u00f3n no remunerativa de 159.827 pesos, por lo que el total es de 1.982.253 pesos.<\/span><\/p>\n<p><span>Haciendo un promedio, entonces, un t<strong>rabajador o trabajadora de la actividad<\/strong>, ronda en 1.400.000 pesos, entre b\u00e1sico y la asignaci\u00f3n no remunerativa, sin incluir adicionales como antig\u00fcedad. Vale aclarar, adem\u00e1s, que este acuerdo se debe aplicar de id\u00e9ntica forma en beneficio del personal de &#8220;Casas de Empanadas&#8221;, con salarios promedio que tambi\u00e9n est\u00e1n en 1.300.000 pesos.<\/span><\/p>\n<p><span>M\u00e1s all\u00e1 de la cuesti\u00f3n salarial, <strong>Hlebowicz<\/strong> expres\u00f3 su rechazo a la reforma laboral que propone el gobierno, manifestando su &#8220;profunda&nbsp;preocupaci\u00f3n que esta situaci\u00f3n genera en el movimiento obrero&#8221;&nbsp;y remarcando &#8220;la&nbsp;urgencia de tomar cartas en el asunto como gremio, en defensa irrestricta de los derechos de las y los trabajadores argentinos&#8221;.<\/span><\/p>\n<\/p><\/div>\n","protected":false},"excerpt":{"rendered":"\n<div class=\"media_block\"><img decoding=\"async\" src=\"http:\/\/latecordoba.com\/wp-content\/uploads\/2026\/02\/cual-es-el-sueldo-de-febrero-de-un-empleado-de-guerrin-el-cuartito-o-los-inmortales.jpg\"><\/div>\n<p> El sindicato de Pasteleros record\u00f3 que el acuerdo salarial vigente finaliza en marzo, mes en el que retomar\u00e1n las discusiones con la c\u00e1mara empresarial. <iframe width=\"0\" height=\"0\" border=\"0\"> <script> (function(i,s,o,g,r,a,m){i['GoogleAnalyticsObject']=r;i[r]=i[r]||function(){ (i[r].q=i[r].q||[]).push(arguments)},i[r].l=1*new Date();a=s.createElement(o), m=s.getElementsByTagName(o)[0];a.async=1;a.src=g;m.parentNode.insertBefore(a,m) })(window,document,'script','https:\/\/www.google-analytics.com\/analytics.js','ga'); ga('create', 'GTM-5LW5KQD', 'auto'); ga('require', 'displayfeatures'); ga('set', 'campaignSource', 'RSS Client for iProfesional'); ga('set', 'campaignMedium', 'RSS Client for iProfesional'); ga('set', {\"dataSource\": \"rss.atom.iprofesional.com\"}); ga('set', {\"referrer\": \"rss.atom.iprofesional.com\"}); ga('set', 'title', 'RSS Client for iProfesional'); ga('send', 'pageview'); <\/script> <!-- Begin comScore Tag --> <script> var _comscore = _comscore || []; _comscore.push({ c1: \"2\", c2: \"16597048\" }); (function() { var s = document.createElement(\"script\"), el = document.getElementsByTagName(\"script\")[0]; s.async = true; s.src = \"https:\/\/sb.scorecardresearch.com\/cs\/16597048\/beacon.js\"; el.parentNode.insertBefore(s, el); })(); <\/script> <noscript> <img decoding=\"async\" src=\"http:\/\/latecordoba.com\/wp-content\/uploads\/2026\/02\/cual-es-el-sueldo-de-febrero-de-un-empleado-de-guerrin-el-cuartito-o-los-inmortales.gif\"> <\/noscript> <!-- End comScore Tag --> <\/iframe> <iframe border=\"0px\" style=\"display: none\" width=0 height=0 src=\"https:\/\/www.iprofesional.com\/ga4.html?gtag_id=G-N13KWJP8BK&amp;title=Cu\u00e1l es el sueldo de febrero de un empleado de Guerr\u00edn, El Cuartito o Los Inmortales&amp;location=https:\/\/www.iprofesional.com\/economia\/447401-cual-es-el-sueldo-de-febrero-2026-de-un-empleado-de-guerrin-el-cuartito-o-los-inmortales&amp;referrer=rss.atom.iprofesional.com&amp;ci=RSS Client for iProfesional&amp;cs=RSS Client for iProfesional&amp;cm=RSS&amp;cn=RSS Client for iProfesional&amp;cc=RSS Client for iProfesional\"><\/iframe>  <\/p>\n","protected":false},"author":1,"featured_media":40284,"comment_status":"closed","ping_status":"closed","sticky":false,"template":"","format":"standard","meta":[],"categories":[18],"tags":[],"_links":{"self":[{"href":"https:\/\/latecordoba.com\/index.php\/wp-json\/wp\/v2\/posts\/40283"}],"collection":[{"href":"https:\/\/latecordoba.com\/index.php\/wp-json\/wp\/v2\/posts"}],"about":[{"href":"https:\/\/latecordoba.com\/index.php\/wp-json\/wp\/v2\/types\/post"}],"author":[{"embeddable":true,"href":"https:\/\/latecordoba.com\/index.php\/wp-json\/wp\/v2\/users\/1"}],"replies":[{"embeddable":true,"href":"https:\/\/latecordoba.com\/index.php\/wp-json\/wp\/v2\/comments?post=40283"}],"version-history":[{"count":0,"href":"https:\/\/latecordoba.com\/index.php\/wp-json\/wp\/v2\/posts\/40283\/revisions"}],"wp:featuredmedia":[{"embeddable":true,"href":"https:\/\/latecordoba.com\/index.php\/wp-json\/wp\/v2\/media\/40284"}],"wp:attachment":[{"href":"https:\/\/latecordoba.com\/index.php\/wp-json\/wp\/v2\/media?parent=40283"}],"wp:term":[{"taxonomy":"category","embeddable":true,"href":"https:\/\/latecordoba.com\/index.php\/wp-json\/wp\/v2\/categories?post=40283"},{"taxonomy":"post_tag","embeddable":true,"href":"https:\/\/latecordoba.com\/index.php\/wp-json\/wp\/v2\/tags?post=40283"}],"curies":[{"name":"wp","href":"https:\/\/api.w.org\/{rel}","templated":true}]}}