{"id":37301,"date":"2025-09-13T01:27:24","date_gmt":"2025-09-13T01:27:24","guid":{"rendered":"http:\/\/9973901838217730ac9b6a76e42c266b"},"modified":"2025-09-13T01:27:24","modified_gmt":"2025-09-13T01:27:24","slug":"cacerolazos-en-distintos-barrios-de-la-ciudad-en-rechazo-a-los-vetos-de-milei-y-las-coimas-de-karina","status":"publish","type":"post","link":"https:\/\/latecordoba.com\/index.php\/2025\/09\/13\/cacerolazos-en-distintos-barrios-de-la-ciudad-en-rechazo-a-los-vetos-de-milei-y-las-coimas-de-karina\/","title":{"rendered":"Cacerolazos en distintos barrios de la Ciudad en rechazo a los vetos de Milei y las coimas de Karina"},"content":{"rendered":"\n<div class=\"media_block\"><img decoding=\"async\" src=\"http:\/\/latecordoba.com\/wp-content\/uploads\/2025\/09\/cacerolazos-en-distintos-barrios-de-la-ciudad-en-rechazo-a-los-vetos-de-milei-y-las-coimas-de-karina.jpg\"><\/div>\n<div><img decoding=\"async\" src=\"http:\/\/latecordoba.com\/wp-content\/uploads\/2025\/09\/cacerolazos-en-distintos-barrios-de-la-ciudad-en-rechazo-a-los-vetos-de-milei-y-las-coimas-de-karina-1.jpg\" class=\"ff-og-image-inserted\"><\/div>\n<p data-start=\"200\" data-end=\"442\">Los vecinos de distintos barrios porte\u00f1os salieron este viernes por la noche a la calle con cacerolas y bocinazos para mostrar su bronca contra los \u00faltimos vetos de Javier Milei y las denuncias de coimas que salpican a Karina Milei.<\/p>\n<p data-start=\"444\" data-end=\"699\">Uno de los puntos m\u00e1s fuertes fue en Acoyte y Rivadavia, en pleno Caballito, donde la protesta reuni\u00f3 a una multitud. Pero no fue el \u00fanico: tambi\u00e9n hubo ruido en Recoleta, Villa Urquiza, Parque Chacabuco, Almagro y Parque Patricios, entre otros barrios.<\/p>\n<p data-start=\"701\" data-end=\"927\">El malestar creci\u00f3 luego de que el Gobierno frenara leyes votadas en el Congreso, como la que garantizaba un nuevo esquema de financiamiento para las universidades y la que declaraba la emergencia pedi\u00e1trica en todo el pa\u00eds.<\/p>\n<p>Adem\u00e1s, los manifestantes ya dejaron en claro que esto reci\u00e9n empieza: convocaron a sumarse el pr\u00f3ximo 17 de septiembre a una movilizaci\u00f3n m\u00e1s grande, que se perfila como parte de un plan de protestas a nivel nacional.&nbsp;<\/p>\n<figure class=\"vsmwidget widget-wrapper iframehidden widget-type-youtube youtube \" vsmtype=\"youtube\" contenteditable=\"false\" hiturl=\"\/tools\/hit.php?d=39dad6c21a8dbd1e4ef08a22cce6a50b;;&amp;a=210\"><iframe loading=\"lazy\" width=\"113\" height=\"200\" src=\"https:\/\/www.youtube.com\/embed\/Zf-SxLDD53A?feature=oembed\" frameborder=\"0\" allow=\"accelerometer; autoplay; clipboard-write; encrypted-media; gyroscope; picture-in-picture; web-share\" referrerpolicy=\"strict-origin-when-cross-origin\" allowfullscreen title=\"Cacerolazos contra Karina por el esc\u00c3\u00a1ndalo de las coimas\">[embedded content]<\/iframe><\/figure>\n","protected":false},"excerpt":{"rendered":"\n<div class=\"media_block\"><img decoding=\"async\" src=\"http:\/\/latecordoba.com\/wp-content\/uploads\/2025\/09\/cacerolazos-en-distintos-barrios-de-la-ciudad-en-rechazo-a-los-vetos-de-milei-y-las-coimas-de-karina.jpg\"><\/div>\n<p>Se registraron protestas en Caballito, Recoleta, Villa Urquiza, Parque Chacabuco, Almagro y Parque Patricios.  <\/p>\n","protected":false},"author":1,"featured_media":37302,"comment_status":"closed","ping_status":"closed","sticky":false,"template":"","format":"standard","meta":[],"categories":[18],"tags":[],"_links":{"self":[{"href":"https:\/\/latecordoba.com\/index.php\/wp-json\/wp\/v2\/posts\/37301"}],"collection":[{"href":"https:\/\/latecordoba.com\/index.php\/wp-json\/wp\/v2\/posts"}],"about":[{"href":"https:\/\/latecordoba.com\/index.php\/wp-json\/wp\/v2\/types\/post"}],"author":[{"embeddable":true,"href":"https:\/\/latecordoba.com\/index.php\/wp-json\/wp\/v2\/users\/1"}],"replies":[{"embeddable":true,"href":"https:\/\/latecordoba.com\/index.php\/wp-json\/wp\/v2\/comments?post=37301"}],"version-history":[{"count":0,"href":"https:\/\/latecordoba.com\/index.php\/wp-json\/wp\/v2\/posts\/37301\/revisions"}],"wp:featuredmedia":[{"embeddable":true,"href":"https:\/\/latecordoba.com\/index.php\/wp-json\/wp\/v2\/media\/37302"}],"wp:attachment":[{"href":"https:\/\/latecordoba.com\/index.php\/wp-json\/wp\/v2\/media?parent=37301"}],"wp:term":[{"taxonomy":"category","embeddable":true,"href":"https:\/\/latecordoba.com\/index.php\/wp-json\/wp\/v2\/categories?post=37301"},{"taxonomy":"post_tag","embeddable":true,"href":"https:\/\/latecordoba.com\/index.php\/wp-json\/wp\/v2\/tags?post=37301"}],"curies":[{"name":"wp","href":"https:\/\/api.w.org\/{rel}","templated":true}]}}