{"id":37299,"date":"2025-09-12T23:13:14","date_gmt":"2025-09-12T23:13:14","guid":{"rendered":"http:\/\/11c825fa43cb52307d1eade1f8c2ee77"},"modified":"2025-09-12T23:13:14","modified_gmt":"2025-09-12T23:13:14","slug":"los-gobernadores-denuncian-que-la-rosada-manoteo-260-mil-millones-de-atn-en-el-primer-semestre","status":"publish","type":"post","link":"https:\/\/latecordoba.com\/index.php\/2025\/09\/12\/los-gobernadores-denuncian-que-la-rosada-manoteo-260-mil-millones-de-atn-en-el-primer-semestre\/","title":{"rendered":"Los gobernadores denuncian que la Rosada manote\u00f3 260 mil millones de ATN en el primer semestre"},"content":{"rendered":"\n<div class=\"media_block\"><img decoding=\"async\" src=\"http:\/\/latecordoba.com\/wp-content\/uploads\/2025\/09\/los-gobernadores-denuncian-que-la-rosada-manoteo-260-mil-millones-de-atn-en-el-primer-semestre.jpg\"><\/div>\n<div><img decoding=\"async\" src=\"http:\/\/latecordoba.com\/wp-content\/uploads\/2025\/09\/los-gobernadores-denuncian-que-la-rosada-manoteo-260-mil-millones-de-atn-en-el-primer-semestre-1.jpg\" class=\"ff-og-image-inserted\"><\/div>\n<p>Los gobernadores denuncian que el gobierno de Javier Milei recaud\u00f3 alrededor de $350 mil millones por Aportes del Tesoro Nacional (ATN) en el primer semestre pero s\u00f3lo gir\u00f3 $90 mil millones a las provincias, lo que representa una retenci\u00f3n ilegal de 260 mil millones.<\/p>\n<p>Los ATN son fondos que, por ley, deben dividirse entre la Naci\u00f3n y las provincias. El Gobierno puede quedarse con una parte, pero est\u00e1 obligado a liquidar el resto a las 23 provincias y la Ciudad. <\/p>\n<p>Sin embargo, los mandatarios provinciales aseguran que el 75% del dinero se lo encanut\u00f3 la Rosada. Si bien los fondos figuran contablemente, como son fungibles el gobierno los est\u00e1 usando para otros fines.<\/p>\n<p>Los mandatarios aseguran que la maniobra del gobierno es ilegal, ya que si no liquida los fondos de ATN, no los puede usar. Por este motivo los gobernadores aliados le suger\u00edan a Milei que dejara correr la ley de ATN sancionada en el Congreso, porque la Rosada se iba a llevar su parte.<\/p>\n<p>Lejos de ello, los gobernadores aliados fueron humillados el jueves en la Rosada, cuando fueron a tratar de impedir el veto de Milei a la ley de ATN y el presidente redactaba el veto en simult\u00e1neo con la reuni\u00f3n que tuvieron los mandatarios con el nuevo ministro del Interior, Lisandro Catal\u00e1n.<\/p>\n<p>Los gobernadores vienen denunciando hace meses que el equilibrio fiscal del que se jacta el gobierno se cimenta en partidas que deber\u00eda haber distribuido, lo que configurar\u00eda un d\u00e9ficit encubierto si se computaran correctamente los giros.<\/p>\n<p>A esta maniobra se suma el manejo del impuesto a los combustibles, que se recauda con destino espec\u00edfico para obras viales. Pero la Naci\u00f3n se queda con la totalidad de lo recaudado y no hace las rutas.<\/p>\n","protected":false},"excerpt":{"rendered":"\n<div class=\"media_block\"><img decoding=\"async\" src=\"http:\/\/latecordoba.com\/wp-content\/uploads\/2025\/09\/los-gobernadores-denuncian-que-la-rosada-manoteo-260-mil-millones-de-atn-en-el-primer-semestre.jpg\"><\/div>\n<p>El Gobierno recaud\u00f3 350 mil millones y se qued\u00f3 con el 75%. En las provincias dicen que es ilegal.  <\/p>\n","protected":false},"author":1,"featured_media":37300,"comment_status":"closed","ping_status":"closed","sticky":false,"template":"","format":"standard","meta":[],"categories":[18],"tags":[],"_links":{"self":[{"href":"https:\/\/latecordoba.com\/index.php\/wp-json\/wp\/v2\/posts\/37299"}],"collection":[{"href":"https:\/\/latecordoba.com\/index.php\/wp-json\/wp\/v2\/posts"}],"about":[{"href":"https:\/\/latecordoba.com\/index.php\/wp-json\/wp\/v2\/types\/post"}],"author":[{"embeddable":true,"href":"https:\/\/latecordoba.com\/index.php\/wp-json\/wp\/v2\/users\/1"}],"replies":[{"embeddable":true,"href":"https:\/\/latecordoba.com\/index.php\/wp-json\/wp\/v2\/comments?post=37299"}],"version-history":[{"count":0,"href":"https:\/\/latecordoba.com\/index.php\/wp-json\/wp\/v2\/posts\/37299\/revisions"}],"wp:featuredmedia":[{"embeddable":true,"href":"https:\/\/latecordoba.com\/index.php\/wp-json\/wp\/v2\/media\/37300"}],"wp:attachment":[{"href":"https:\/\/latecordoba.com\/index.php\/wp-json\/wp\/v2\/media?parent=37299"}],"wp:term":[{"taxonomy":"category","embeddable":true,"href":"https:\/\/latecordoba.com\/index.php\/wp-json\/wp\/v2\/categories?post=37299"},{"taxonomy":"post_tag","embeddable":true,"href":"https:\/\/latecordoba.com\/index.php\/wp-json\/wp\/v2\/tags?post=37299"}],"curies":[{"name":"wp","href":"https:\/\/api.w.org\/{rel}","templated":true}]}}