{"id":37253,"date":"2025-09-11T17:55:35","date_gmt":"2025-09-11T17:55:35","guid":{"rendered":"http:\/\/86bfe6138d8e8e694b34b107fb0eee76"},"modified":"2025-09-11T17:55:35","modified_gmt":"2025-09-11T17:55:35","slug":"por-miedo-al-descenso-de-talleres-fassi-se-acerca-a-tapia-y-abandona-a-milei-con-las-sad","status":"publish","type":"post","link":"https:\/\/latecordoba.com\/index.php\/2025\/09\/11\/por-miedo-al-descenso-de-talleres-fassi-se-acerca-a-tapia-y-abandona-a-milei-con-las-sad\/","title":{"rendered":"Por miedo al descenso de Talleres, Fassi se acerca a Tapia y abandona a Milei con las SAD"},"content":{"rendered":"\n<div class=\"media_block\"><img decoding=\"async\" src=\"http:\/\/latecordoba.com\/wp-content\/uploads\/2025\/09\/por-miedo-al-descenso-de-talleres-fassi-se-acerca-a-tapia-y-abandona-a-milei-con-las-sad.jpg\"><\/div>\n<div><img decoding=\"async\" src=\"http:\/\/latecordoba.com\/wp-content\/uploads\/2025\/09\/por-miedo-al-descenso-de-talleres-fassi-se-acerca-a-tapia-y-abandona-a-milei-con-las-sad-1.jpg\" class=\"ff-og-image-inserted\"><\/div>\n<p>&nbsp;<span>Dentro de la compleja realidad deportiva que vive Talleres de C\u00f3rdoba, su presidente, Andr\u00e9s Fassi convoc\u00f3 a una conferencia de prensa este mediod\u00eda para pedirle disculpas p\u00fablicamente al titular de la AFA, Claudio \u2018Chiqui&#8217; Tapia. A casi un a\u00f1o de haber arrancado una embestida contra el presidente de la entidad del f\u00fatbol argentino, y que incluy\u00f3 adem\u00e1s denuncias que respald\u00f3 el ministro de Justicia, Mariano C\u00faneo Libarona, Fassi sali\u00f3 a pedir disculpas en medio del caos deportivo que vive el club de C\u00f3rdoba, cada vez m\u00e1s complicado con el descenso y en un clima de malestar generalizado de los socios.<\/span><\/p>\n<p>&#8220;Ni el momento, ni la forma en la que me expres\u00e9 fueron las adecuadas. Me equivoqu\u00e9. Este hecho hizo que las diferencias se intensificaran a\u00fan m\u00e1s. Esto no ayud\u00f3 ni al f\u00fatbol, ni a Talleres, ni a m\u00ed en lo personal, por lo que expres\u00f3 p\u00fablicamente una disculpa al presidente de AFA, Claudio \u2018Chiqui&#8217; Tapia. \u2018Chiqui&#8217; me pongo a entera disposici\u00f3n para hacer cosas por el f\u00fatbol argentino y desde Talleres, con humildad, agregar nuestra experiencia y nuestra visi\u00f3n. Mucho por hacer por el f\u00fatbol, Talleres quiere sumar&#8221;, dijo Fassi en uno de los momentos m\u00e1s virales de la conferencia de prensa.<\/p>\n<p>As\u00ed, la \u00faltima carta que ten\u00eda el Gobierno nacional para tratar de insistir con las SAD en el f\u00fatbol argentino e incomodar a Tapia, se cay\u00f3. Fassi tambi\u00e9n salt\u00f3 del barco en la semana m\u00e1s complicada para los libertarios despu\u00e9s de la dura derrota en provincia de Buenos Aires.<\/p>\n<p>Y, adem\u00e1s, se concret\u00f3 lo que en junio pasado adelant\u00f3 LPO cuando Tapia vino a C\u00f3rdoba para la inauguraci\u00f3n de remodelaciones en el predio de Instituto, la entidad que dirige Juan Manuel Cavagliatto, amigo personal del mandam\u00e1s de AFA. En aquel momento, y en una cena posterior en la que incluso estuvo el gobernador cordob\u00e9s, Mart\u00edn Llaryora, Fassi intent\u00f3 un pedido de perd\u00f3n en la sobremesa para con Tapia y los aliados a \u2018Chiqui&#8217; saltaron para exigir: &#8220;ofensas p\u00fablicas, disculpas p\u00fablicas&#8221;.<\/p>\n<p><a href=\"https:\/\/www.lapoliticaonline.com\/tools\/redirect.php?t=3&amp;i=319403&amp;s=c2a4c7630ce9a6eca10fcdb7b9e85e23\" target=\"_blank\" class=\"link-type-content content-type-noticia-ar\" rel=\"noopener\">Llaryora fue testigo de un tenso reencuentro entre &#8220;Chiqui&#8221; Tapia y Fassi en C\u00f3rdoba<\/a><\/p>\n<p>Esta tarde, y despu\u00e9s que se conociera la disculpa p\u00fablica de Fassi, uno de los que sali\u00f3 al cruce fue precisamente Pablo Toviggino, mano derecha de Tapia y tesorero de AFA. &#8220;\u00a1\u00a1Qu\u00e9 CARA de PIEDRA que SOS!! Seguramente el Presidente Tapia (El Comandante) aceptar\u00e1 tus disculpas, porque es un caballero. Pero, SOS tan TRAIDOR y MENTIROSO, que te olvidaste de pedir disculpas por las denuncias que nos hiciste en complicidad con Mariano C\u00faneo Libarona, Juliana Santill\u00e1n y Daniel Scioli, utilizando y haciendo abuso del aparato del Estado nacional. Todos en banda y en despoblado, motorizaron distintas medidas judiciales y medi\u00e1ticas, en una clara maniobra de golpe institucional, contra las elecciones democr\u00e1ticas de la Honorable Asamblea de AFA. Pero como adem\u00e1s SOS COBARDE, tambi\u00e9n denunciaste al Hijo del Comandante, con la Familia NO!! En fin&#8221;, larg\u00f3 el pol\u00e9mico Toviggino.<\/p>\n<p>La referencia del monje negro de Tapia viene por la avanzada que trataron de realizar hace un a\u00f1o en el Congreso y que incluy\u00f3 a la diputada Santill\u00e1n, muy cercana en su momento al empresario del f\u00fatbol Guillermo Tofoni, junto con Scioli y el ministro Federico Sturzenegger para sacudir a Tapia. Algo que, finalmente no se concret\u00f3 y que ahora, con la decisi\u00f3n de Fassi de tratar de achicar con Chiqui deja pr\u00e1cticamente en el archivo el sue\u00f1o SAD de Milei.<\/p>\n","protected":false},"excerpt":{"rendered":"\n<div class=\"media_block\"><img decoding=\"async\" src=\"http:\/\/latecordoba.com\/wp-content\/uploads\/2025\/09\/por-miedo-al-descenso-de-talleres-fassi-se-acerca-a-tapia-y-abandona-a-milei-con-las-sad.jpg\"><\/div>\n<p>El titular de \u2018la T&#8217; le pidi\u00f3 disculpas p\u00fablicas a \u2018Chiqui&#8217; y se cae el \u00faltimo mohicano de la privatizaci\u00f3n de los clubes.  <\/p>\n","protected":false},"author":1,"featured_media":37254,"comment_status":"closed","ping_status":"closed","sticky":false,"template":"","format":"standard","meta":[],"categories":[18],"tags":[],"_links":{"self":[{"href":"https:\/\/latecordoba.com\/index.php\/wp-json\/wp\/v2\/posts\/37253"}],"collection":[{"href":"https:\/\/latecordoba.com\/index.php\/wp-json\/wp\/v2\/posts"}],"about":[{"href":"https:\/\/latecordoba.com\/index.php\/wp-json\/wp\/v2\/types\/post"}],"author":[{"embeddable":true,"href":"https:\/\/latecordoba.com\/index.php\/wp-json\/wp\/v2\/users\/1"}],"replies":[{"embeddable":true,"href":"https:\/\/latecordoba.com\/index.php\/wp-json\/wp\/v2\/comments?post=37253"}],"version-history":[{"count":0,"href":"https:\/\/latecordoba.com\/index.php\/wp-json\/wp\/v2\/posts\/37253\/revisions"}],"wp:featuredmedia":[{"embeddable":true,"href":"https:\/\/latecordoba.com\/index.php\/wp-json\/wp\/v2\/media\/37254"}],"wp:attachment":[{"href":"https:\/\/latecordoba.com\/index.php\/wp-json\/wp\/v2\/media?parent=37253"}],"wp:term":[{"taxonomy":"category","embeddable":true,"href":"https:\/\/latecordoba.com\/index.php\/wp-json\/wp\/v2\/categories?post=37253"},{"taxonomy":"post_tag","embeddable":true,"href":"https:\/\/latecordoba.com\/index.php\/wp-json\/wp\/v2\/tags?post=37253"}],"curies":[{"name":"wp","href":"https:\/\/api.w.org\/{rel}","templated":true}]}}