{"id":37251,"date":"2025-09-10T23:49:15","date_gmt":"2025-09-10T23:49:15","guid":{"rendered":"http:\/\/a6197a758b8c543a2d24703126e6ad03"},"modified":"2025-09-10T23:49:15","modified_gmt":"2025-09-10T23:49:15","slug":"en-el-pro-se-despegan-de-pareja-y-concejales-electos-avisan-que-armaran-bloques-aparte-de-los-libertarios","status":"publish","type":"post","link":"https:\/\/latecordoba.com\/index.php\/2025\/09\/10\/en-el-pro-se-despegan-de-pareja-y-concejales-electos-avisan-que-armaran-bloques-aparte-de-los-libertarios\/","title":{"rendered":"En el PRO se despegan de Pareja y concejales electos avisan que armar\u00e1n bloques aparte de los libertarios"},"content":{"rendered":"\n<div class=\"media_block\"><img decoding=\"async\" src=\"http:\/\/latecordoba.com\/wp-content\/uploads\/2025\/09\/en-el-pro-se-despegan-de-pareja-y-concejales-electos-avisan-que-armaran-bloques-aparte-de-los-libertarios.png\"><\/div>\n<p>Tres d\u00edas despu\u00e9s de la dura derrota del Gobierno en la provincia, concejales del PRO electos en las listas de La Libertad Avanza avisaron que no se integrar\u00e1n con los libertarios y armar\u00e1n bloques con el sello del partido fundado por Mauricio Macri. <\/p>\n<p>La decisi\u00f3n abarca a dirigentes alineados a Cristian Ritondo y se da en medio de la guerra interna por el control de la campa\u00f1a bonaerense a octubre, que incluy\u00f3 una cumbre de <a href=\"https:\/\/www.lapoliticaonline.com\/politica\/cumbre-de-santiago-con-el-pro-para-cargarse-a-pareja\/\">Santiago Caputo con el PRO para cargarse a Sebasti\u00e1n Pareja<\/a>.<\/p>\n<p>La primera en confirmar que no se integrar\u00e1 a un bloque libertario fue la concejal bahiense Gisela Caputo, que logr\u00f3 renovar su banca ocupando el tercer lugar de la lista de La Libertad Avanza que se impuso en Bah\u00eda este domingo. <\/p>\n<p>&#8220;Hay dirigentes del PRO que decidieron afiliarse a LLA y no es criticable. Pero nosotros decidimos seguir manteniendo la identidad del PRO. No hay una fusi\u00f3n ac\u00e1&#8221;, dijo la concejal a LPO.<\/p>\n<figure class=\"vsmimage\" contenteditable=\"false\"><img decoding=\"async\" loading=\"lazy\" alt=\"Ritondo junto a los concejales PRO de Bah\u00eda, Emiliano \u00c1lvarez Porte y Gisela Caputo.\" data-vsmid=\"265987\" data-owidth=\"1280\" data-oheight=\"960\" src=\"data:image\/png;base64,iVBORw0KGgoAAAANSUhEUgAAAx4AAAJSAQMAAAB3GYHeAAAAA1BMVEUAAACnej3aAAAAAXRSTlMAQObYZgAAAFFJREFUeJztwTEBAAAAwqD1T20ND6AAAAAAAAAAAAAAAAAAAAAAAAAAAAAAAAAAAAAAAAAAAAAAAAAAAAAAAAAAAAAAAAAAAAAAAAAAAAAAXgzqWgABgplh5QAAAABJRU5ErkJggg==\" vsmidos=\"1\" vsmsrc=\"\/files\/image\/265\/265987\/68c2108340fa1_798_594!.jpg?s=b6a877e81e10970297fd5ba2edc44151&amp;d=1757548676\" width=\"798\" height=\"594\"><\/figure>\n<p>Alineada al referente de Ritondo en Bah\u00eda, Emiliano \u00c1lvarez Porte, Caputo dijo que concejales electos de extracci\u00f3n PRO en otros municipios tambi\u00e9n se agrupar\u00e1n por fuera de las bancadas libertarias.<\/p>\n<p>&#8220;Quienes se molestan por esta decisi\u00f3n, no entendieron la g\u00e9nesis de esta alianza&#8221;, sostuvo Caputo, que a partir del 10 de diciembre conformar\u00e1 el bloque PRO con \u00c1lvarez Porte, aunque aclar\u00f3 que, con los libertarios, trabajar\u00e1n &#8220;en el marco de un interbloque&#8221;.<\/p>\n<p>Apenas la concejal revel\u00f3 a La Br\u00fajula 24 que no se integrar\u00eda al bloque LLA en redes los trolls libertarios levantaron el caso para pegarle directo al armador bonaerense de Karina Milei: &#8220;Otro gran \u00e9xito del gran armador Pareja&#8221;, dijo El Buni.<\/p>\n<p><a href=\"https:\/\/www.lapoliticaonline.com\/tools\/redirect.php?t=3&amp;i=326597&amp;s=8ee01f60fa266e9d25dac22df9ebb50d\" class=\"link-type-content content-type-noticia-ar\">Cumbre de Santiago con el PRO para cargarse a Pareja&nbsp;<\/a><\/p>\n<p>En Bah\u00eda, la bronca con Pareja es multisectorial. Dentro del mismo PRO bahiense aseguran que el tiempo del armador de Karina est\u00e1 agotado y lo acusan por el descalabro de la fiscalizaci\u00f3n, raz\u00f3n por la que tambi\u00e9n rompi\u00f3 con \u00e9l Oscar Liberman, que encabez\u00f3 la lista seccional.<\/p>\n<p>En las Fuerzas del Cielo, en tanto, acusan a Pareja por haber puesto al frente de la lista local a Franca Grippo. &#8220;Falt\u00f3 al debate de candidatos, casi no dio entrevistas y se escondi\u00f3 deliberadamente&#8221;, se\u00f1alaron cerca de ese espacio.<\/p>\n<p class=\"authorquote\" title=\"Gisela Caputo\">&nbsp;Hay dirigentes del PRO que decidieron afiliarse a LLA. Pero nosotros decidimos seguir manteniendo la identidad del PRO. No hay una fusi\u00f3n ac\u00e1&nbsp;<\/p>\n<p>M\u00e1s all\u00e1 de las particularidades de cada municipio y de c\u00f3mo interact\u00faen con los libertarios, en el armado provincial del PRO hay una decisi\u00f3n de sostener el sello en los concejos deliberantes a 2027 para posicionar candidatos propios a las intendencias.<\/p>\n<p>En Avellaneda, donde esta semana deton\u00f3 el bloque libertario, la futura conformaci\u00f3n de esa bancada tampoco contar\u00e1 con todos los concejales electos este domingo por la lista de LLA.<\/p>\n<p><a href=\"https:\/\/www.lapoliticaonline.com\/tools\/redirect.php?t=3&amp;i=326481&amp;s=b0381d8821213aef9ff1515acef9c20f\" class=\"link-type-content content-type-noticia-ar\">Se rompi\u00f3 en bloque libertario en Avellaneda y la crisis interna se precipita en el conurbano tras la derrota<\/a><\/p>\n<p>Fuentes cercanas al dirigente ritondista Lucas Yacob confirmaron a LPO que, cuando asuma el 10 de diciembre, el ex candidato a intendente se integrar\u00e1 al bloque PRO en el que hoy est\u00e1 la concejal Yesica Arga\u00f1araz.<\/p>\n<p>En otro municipio del conurbano, un concejal electo del PRO confirm\u00f3 que la idea es&nbsp;&#8220;actuar en espejo al Congreso y la Legislatura&#8221; con bloques propios, aparte de los libertarios. &#8220;Hoy est\u00e1 conformado as\u00ed, no quiere decir que no pueda cambiar m\u00e1s adelante&#8221;, se\u00f1alaron.<span>&nbsp;<\/span><\/p>\n","protected":false},"excerpt":{"rendered":"\n<div class=\"media_block\"><img decoding=\"async\" src=\"http:\/\/latecordoba.com\/wp-content\/uploads\/2025\/09\/en-el-pro-se-despegan-de-pareja-y-concejales-electos-avisan-que-armaran-bloques-aparte-de-los-libertarios.png\"><\/div>\n<p>&#8220;Decidimos mantener la identidad&#8221;, dijo la bahiense Gisela Caputo. Lo mismo har\u00e1n en Avellaneda. En la interna libertaria acusan a Pareja por no contenerlos.  <\/p>\n","protected":false},"author":1,"featured_media":37252,"comment_status":"closed","ping_status":"closed","sticky":false,"template":"","format":"standard","meta":[],"categories":[18],"tags":[],"_links":{"self":[{"href":"https:\/\/latecordoba.com\/index.php\/wp-json\/wp\/v2\/posts\/37251"}],"collection":[{"href":"https:\/\/latecordoba.com\/index.php\/wp-json\/wp\/v2\/posts"}],"about":[{"href":"https:\/\/latecordoba.com\/index.php\/wp-json\/wp\/v2\/types\/post"}],"author":[{"embeddable":true,"href":"https:\/\/latecordoba.com\/index.php\/wp-json\/wp\/v2\/users\/1"}],"replies":[{"embeddable":true,"href":"https:\/\/latecordoba.com\/index.php\/wp-json\/wp\/v2\/comments?post=37251"}],"version-history":[{"count":0,"href":"https:\/\/latecordoba.com\/index.php\/wp-json\/wp\/v2\/posts\/37251\/revisions"}],"wp:featuredmedia":[{"embeddable":true,"href":"https:\/\/latecordoba.com\/index.php\/wp-json\/wp\/v2\/media\/37252"}],"wp:attachment":[{"href":"https:\/\/latecordoba.com\/index.php\/wp-json\/wp\/v2\/media?parent=37251"}],"wp:term":[{"taxonomy":"category","embeddable":true,"href":"https:\/\/latecordoba.com\/index.php\/wp-json\/wp\/v2\/categories?post=37251"},{"taxonomy":"post_tag","embeddable":true,"href":"https:\/\/latecordoba.com\/index.php\/wp-json\/wp\/v2\/tags?post=37251"}],"curies":[{"name":"wp","href":"https:\/\/api.w.org\/{rel}","templated":true}]}}