{"id":35389,"date":"2025-06-20T02:05:00","date_gmt":"2025-06-20T02:05:00","guid":{"rendered":"https:\/\/www.iprofesional.com\/economia\/430858-llueven-dolares-soja-pero-mercado-teme-que-se-corte-pronto"},"modified":"2025-06-20T02:05:00","modified_gmt":"2025-06-20T02:05:00","slug":"llueven-dolares-de-la-soja-pero-el-mercado-anticipa-un-bajon-en-el-arranque-del-segundo-semestre","status":"publish","type":"post","link":"https:\/\/latecordoba.com\/index.php\/2025\/06\/20\/llueven-dolares-de-la-soja-pero-el-mercado-anticipa-un-bajon-en-el-arranque-del-segundo-semestre\/","title":{"rendered":"Llueven d\u00f3lares de la soja pero el mercado anticipa un baj\u00f3n en el arranque del segundo semestre"},"content":{"rendered":"\n<div class=\"media_block\"><img decoding=\"async\" src=\"http:\/\/latecordoba.com\/wp-content\/uploads\/2025\/06\/llueven-dolares-de-la-soja-pero-el-mercado-anticipa-un-bajon-en-el-arranque-del-segundo-semestre.jpg\"><\/div>\n<div><img decoding=\"async\" src=\"http:\/\/latecordoba.com\/wp-content\/uploads\/2025\/06\/llueven-dolares-de-la-soja-pero-el-mercado-anticipa-un-bajon-en-el-arranque-del-segundo-semestre.webp\" class=\"ff-og-image-inserted\"><\/div>\n<p>En Argentina, todo <a href=\"https:\/\/www.iprofesional.com\/economia\/430668-reservas-del-banco-central-argentina-superaron-40000-millones-dolares-nivel-mas-alto-en-dos-anos-y-medio\" target=\"_blank\" rel=\"noopener noreferrer\">festejo por la entrada de d\u00f3lares<\/a> tiene su contracara. Sobre todo cuando se trata de los d\u00f3lares de la exportaci\u00f3n agr\u00edcola: cada medida de incentivo para que los productores saquen su stock de los silobolsas puede dar lugar a una &#8220;ventana&#8221; de venta que luego <strong>d\u00e9 paso a un per\u00edodo de exportaciones bajas<\/strong>.<\/p>\n<p><span>Es as\u00ed que, luego de los u$s9.000 millones aportados por el campo en el &#8220;trimestre dorado&#8221; -u$s2.500 en abril, u$s3.000 en mayo y una estimaci\u00f3n de u$s3.500 en junio- los expertos ya se preparan para el temido &#8220;baj\u00f3n&#8221; del segundo semestre.<\/span><\/p>\n<p>Este a\u00f1o no hubo r\u00e9gimen de tipo de cambio diferencial -como los que aplicaba Sergio Massa- ni tampoco el &#8220;blend&#8221; que permit\u00eda liquidar el 20% en el mercado &#8220;contado con liquidaci\u00f3n&#8221;. Pero, en compensaci\u00f3n, <strong>Luis Toto Caputo<\/strong> instaur\u00f3 las<strong> bajas temporales de retenciones<\/strong> a la exportaci\u00f3n, que <strong>vencen a fin de mes.<\/strong><\/p>\n<p>Desde el inicio fue materia de especulaci\u00f3n si el final de esa baja de retenciones ser\u00eda real o si la fecha hab\u00eda sido puesta, precisamente, para apurar una liquidaci\u00f3n que hasta marzo ven\u00eda demorada.<\/p>\n<p>El gobierno, naturalmente, confirm\u00f3 que el beneficio se terminar\u00e1 en junio. No pod\u00eda hacer otra cosa, para no quitarle efectividad a la medida.<span> Pero muchos analistas del agro a\u00fan especulan respecto de que, si se produjera un parate en la exportaci\u00f3n, se podr\u00eda llegar a extender la baja de las retenciones.<\/span><\/p>\n<h2>La disyuntiva &#8220;reservas versus recaudaci\u00f3n&#8221;<\/h2>\n<p>Sobre este punto, <strong>el gobierno est\u00e1 en una disyuntiva<\/strong>: si prioriza el ingreso de d\u00f3lares para<strong> reforzar las reservas<\/strong> y adem\u00e1s quiere congraciarse con los productores agr\u00edcolas, le conviene mantener la retenci\u00f3n de la soja en el actual nivel de 26% en vez de retornar al 33%.<\/p>\n<p>Pero, si lo que prioriza es<strong> la recaudaci\u00f3n tributaria<\/strong> para asegurarse la continuidad del super\u00e1vit fiscal, entonces las retenciones son indispensables, sobre todo cuando ya no se cuenta con otras fuentes de ingreso para ARCA, como el eliminado impuesto PAIS. <span>En mayo, el aporte de las retenciones fue de 4% a la recaudaci\u00f3n total, una medida por debajo de la media hist\u00f3rica.<\/span><\/p>\n<p>El gobierno mantiene la esperanza de que una ca\u00edda en el aporte del campo pueda ser <strong>compensada por los &#8220;petrod\u00f3lares&#8221; de Vaca Muerta.<\/strong> Sin embargo, hay dudas sobre si el actual nivel de precios del petr\u00f3leo se sostendr\u00e1 <a href=\"https:\/\/www.iprofesional.com\/economia\/430778-de-ucrania-a-israel-como-impacta-el-conflicto-belico-en-la-economia-argentina\" target=\"_blank\" rel=\"noopener noreferrer\">o si es apenas un fen\u00f3meno pasajero por las hostilidades en Medio Oriente<\/a>. En ese caso, habr\u00eda que recalcular a la baja el ingreso de u$s8.000 millones que Caputo espera en el rubro energ\u00e9tico.<\/p>\n<h2>\u00bfAyuda la suba de precios por la guerra?<\/h2>\n<p>\u00bfQu\u00e9 pasar\u00e1 en el segundo semestre si se cumple la promesa oficial de volver a las retenciones originales? A primera vista<strong>, se podr\u00eda pensar en un desplome de las ventas<\/strong>. Sin embargo, hay algunos factores nuevos que inciden en la decisi\u00f3n.<\/p>\n<p>Por caso, el mercado internacional, donde en el contexto de la escalada b\u00e9lica de Medio Oriente, <a href=\"https:\/\/www.iprofesional.com\/economia\/429463-el-campo-aporta-us3-000-millones-en-mayo-pero-el-dolar-igual-sube\" target=\"_blank\" rel=\"noopener noreferrer\">se produjo una suba en los precios de las materias primas<\/a>. As\u00ed,<strong> la soja se ubica en u$s393<\/strong>, un precio modesto en comparaci\u00f3n con los u$s450 de hace un a\u00f1o y los u$s530 de 2023, pero que <strong>implica un avance respecto de los m\u00ednimos<\/strong> de u$s360 que hab\u00eda alcanzado a fines del a\u00f1o pasado.<\/p>\n<p>El interrogante es si seguir\u00e1 la tendencia ascendente o si el nivel actual ser\u00e1 un pico que d\u00e9 paso a un regreso a la &#8220;normalidad&#8221;. <span>A favor de una baja en el precio juega el alto nivel de la producci\u00f3n estadounidense, con rindes en m\u00e1ximos hist\u00f3ricos.<\/span><\/p>\n<p>Pero los factores geopol\u00edticos siguen impulsando la suba. Aunque los pa\u00edses en conflicto no son productores de alimentos,<strong> s\u00ed afectan costos asociados, como el flete y los fertilizantes<\/strong>, por el aumento del petr\u00f3leo.<\/p>\n<p>En un reporte de<strong> Fernando Vuelta<\/strong>, experto de Agroeducaci\u00f3n, se recuerda que <strong>Ir\u00e1n es el tercer productor mundial de urea<\/strong>, uno de los insumos fundamentales para el campo argentino.<\/p>\n<p><span>Y otro factor que podr\u00eda sostener el precio es la reciente decisi\u00f3n de Donald Trump de aumentar en los pr\u00f3ximos dos a\u00f1os el porcentaje de biocombustibles que las refiner\u00edas deben adicionar a la mezcla de combustibles.<\/span><\/p>\n<h2>Ventas aceleradas<\/h2>\n<p>La<strong> cuenta que importa <\/strong>al campo argentino, en el nuevo escenario, es si esa mejora en el precio internacional<strong> puede compensar una suba en las retenciones<\/strong>. Y la primera respuesta es que, en los niveles de precio actuales,<strong> eso no ocurrir\u00e1.<\/strong><\/p>\n<p><span>&#8220;La restituci\u00f3n de al\u00edcuotas golpea ni m\u00e1s ni menos que en u$s26 el c\u00e1lculo te\u00f3rico de precios y pr\u00e1cticamente anula el margen que las f\u00e1bricas estuvieron logrando en los \u00faltimos 60 d\u00edas&#8221;<\/span>, indica el informe de Agroeducaci\u00f3n.<\/p>\n<p>En otras palabras, el incremento en los costos de producci\u00f3n ser\u00e1 mayor al beneficio que pueda traer la variaci\u00f3n del precio internacional.<\/p>\n<p>Y la <strong>Bolsa de Comercio de Rosario<\/strong> destac\u00f3 que la semana pasada se alcanz\u00f3<strong> el mayor volumen de fijaciones de precios de todo el a\u00f1o<\/strong>, superando en un 30% el promedio de mayo pasado. <span>Y agrega que esta aceleraci\u00f3n en la comercializaci\u00f3n se explica por la fecha l\u00edmite para el r\u00e9gimen de retenciones bajas.<\/span><\/p>\n<p>Frente al incremento de costos, se prev\u00e9 que las industrias que procesan la soja a nivel local se enfrentar\u00e1n a <strong>una situaci\u00f3n de disminuci\u00f3n de m\u00e1rgenes<\/strong>.<\/p>\n<h2>El tipo de cambio en la mira<\/h2>\n<p>Pero, adem\u00e1s, hay que considerar <strong>el factor cl\u00e1sico <\/strong>que termina disparando la decisi\u00f3n de venta de los productores: <strong>la expectativa devaluatoria.<\/strong><span> Hasta ahora, si bien la liquidaci\u00f3n se ha mantenido a buen ritmo, desde el campo se han escuchado quejas por la dr\u00e1stica ca\u00edda en los m\u00e1rgenes del negocio. <\/span>Esa protesta no amain\u00f3 por la baja temporaria de las retenciones.<\/p>\n<p>Y en el mercado financiero se siguen escuchando&nbsp;<a href=\"https:\/\/www.iprofesional.com\/finanzas\/430755-carlos-melconian-critico-el-manejo-de-reservas-el-aumento-de-deuda-y-alerto-por-el-dolar\" target=\"_blank\" rel=\"noopener noreferrer\">advertencias sobre el retraso del tipo de cambio<\/a>, incluso con el nuevo esquema de flotaci\u00f3n entre bandas. Los economistas cr\u00edticos suelen <strong>cuestionar la pureza de esa flotaci\u00f3n<\/strong>, dado que el gobierno encuentra v\u00edas indirectas de intervenci\u00f3n que contienen al d\u00f3lar -por ejemplo, la postura de contratos <strong>en el mercado de futuros<\/strong>, que aplast\u00f3 la curva en los \u00faltimos dos meses.<\/p>\n<p>Adem\u00e1s, esa preocupaci\u00f3n se agrav\u00f3 por el hecho de que<a href=\"https:\/\/www.iprofesional.com\/economia\/429671-se-agrava-salida-de-dolares-pero-javier-milei-dice-que-no-preocupa\" target=\"_blank\" rel=\"noopener noreferrer\"> el propio Javier Milei haya minimizado la importancia del d\u00e9ficit de la cuenta corriente<\/a>, que algunas proyecciones ya ubican <strong>en u$s8.000 millones <\/strong>para este a\u00f1o.<\/p>\n<p>Milei argument\u00f3 que, <strong>al haber super\u00e1vit fiscal<\/strong>, no puede equipararse la situaci\u00f3n actual con la de otros momentos en que el rojo de la cuenta corriente fue el pre\u00e1mbulo de una crisis devaluatoria. Y, adem\u00e1s, dijo que el<strong> ingreso de capitales<\/strong> al pa\u00eds iba a compensar el d\u00e9ficit por los bienes y servicios.<\/p>\n<p><span>Pero ni siquiera el paquete de medidas que habilit\u00f3 la compra de d\u00f3lares por parte del Tesoro parece haber cambiado esa percepci\u00f3n. <\/span>De hecho, economistas muy influyentes en el mercado, como<strong> Ricardo Arriazu y Domingo Cavallo<\/strong> -a quienes nadie puede acusar de ser opositores a Milei- advirtieron que no es lo mismo acumular reservas con endeudamiento que hacerlo con divisas provenientes del super\u00e1vit comercial.<\/p>\n<p>En la medida en que estas cr\u00edticas ganen consenso, sube la probabilidad de que se consolide <strong>la tendencia del campo a retener stock en silobolsas<\/strong> hasta ver una correcci\u00f3n cambiaria.<\/p>\n","protected":false},"excerpt":{"rendered":"\n<div class=\"media_block\"><img decoding=\"async\" src=\"http:\/\/latecordoba.com\/wp-content\/uploads\/2025\/06\/llueven-dolares-de-la-soja-pero-el-mercado-anticipa-un-bajon-en-el-arranque-del-segundo-semestre.jpg\"><\/div>\n<p> Si Caputo mantiene su promesa de subir las retenciones habr\u00e1 una ca\u00edda de ventas, que no se compensar\u00e1 por el precio internacional ni por los petrod\u00f3lares <iframe width=\"0\" height=\"0\" border=\"0\"> <script> (function(i,s,o,g,r,a,m){i['GoogleAnalyticsObject']=r;i[r]=i[r]||function(){ (i[r].q=i[r].q||[]).push(arguments)},i[r].l=1*new Date();a=s.createElement(o), m=s.getElementsByTagName(o)[0];a.async=1;a.src=g;m.parentNode.insertBefore(a,m) })(window,document,'script','https:\/\/www.google-analytics.com\/analytics.js','ga'); ga('create', 'GTM-5LW5KQD', 'auto'); ga('require', 'displayfeatures'); ga('set', 'campaignSource', 'RSS Client for iProfesional'); ga('set', 'campaignMedium', 'RSS Client for iProfesional'); ga('set', {\"dataSource\": \"rss.atom.iprofesional.com\"}); ga('set', {\"referrer\": \"rss.atom.iprofesional.com\"}); ga('set', 'title', 'RSS Client for iProfesional'); ga('send', 'pageview'); <\/script> <!-- Begin comScore Tag --> <script> var _comscore = _comscore || []; _comscore.push({ c1: \"2\", c2: \"16597048\" }); (function() { var s = document.createElement(\"script\"), el = document.getElementsByTagName(\"script\")[0]; s.async = true; s.src = \"https:\/\/sb.scorecardresearch.com\/cs\/16597048\/beacon.js\"; el.parentNode.insertBefore(s, el); })(); <\/script> <noscript> <img decoding=\"async\" src=\"http:\/\/latecordoba.com\/wp-content\/uploads\/2025\/06\/llueven-dolares-de-la-soja-pero-el-mercado-anticipa-un-bajon-en-el-arranque-del-segundo-semestre.gif\"> <\/noscript> <!-- End comScore Tag --> <\/iframe> <iframe border=\"0px\" style=\"display: none\" width=0 height=0 src=\"https:\/\/www.iprofesional.com\/ga4.html?gtag_id=G-N13KWJP8BK&amp;title=Llueven d\u00f3lares de la soja pero el mercado anticipa un baj\u00f3n en el arranque del segundo semestre&amp;location=https:\/\/www.iprofesional.com\/economia\/430858-llueven-dolares-soja-pero-mercado-teme-que-se-corte-pronto&amp;referrer=rss.atom.iprofesional.com&amp;ci=RSS Client for iProfesional&amp;cs=RSS Client for iProfesional&amp;cm=RSS&amp;cn=RSS Client for iProfesional&amp;cc=RSS Client for iProfesional\"><\/iframe>  <\/p>\n","protected":false},"author":1,"featured_media":35390,"comment_status":"closed","ping_status":"closed","sticky":false,"template":"","format":"standard","meta":[],"categories":[18],"tags":[],"_links":{"self":[{"href":"https:\/\/latecordoba.com\/index.php\/wp-json\/wp\/v2\/posts\/35389"}],"collection":[{"href":"https:\/\/latecordoba.com\/index.php\/wp-json\/wp\/v2\/posts"}],"about":[{"href":"https:\/\/latecordoba.com\/index.php\/wp-json\/wp\/v2\/types\/post"}],"author":[{"embeddable":true,"href":"https:\/\/latecordoba.com\/index.php\/wp-json\/wp\/v2\/users\/1"}],"replies":[{"embeddable":true,"href":"https:\/\/latecordoba.com\/index.php\/wp-json\/wp\/v2\/comments?post=35389"}],"version-history":[{"count":0,"href":"https:\/\/latecordoba.com\/index.php\/wp-json\/wp\/v2\/posts\/35389\/revisions"}],"wp:featuredmedia":[{"embeddable":true,"href":"https:\/\/latecordoba.com\/index.php\/wp-json\/wp\/v2\/media\/35390"}],"wp:attachment":[{"href":"https:\/\/latecordoba.com\/index.php\/wp-json\/wp\/v2\/media?parent=35389"}],"wp:term":[{"taxonomy":"category","embeddable":true,"href":"https:\/\/latecordoba.com\/index.php\/wp-json\/wp\/v2\/categories?post=35389"},{"taxonomy":"post_tag","embeddable":true,"href":"https:\/\/latecordoba.com\/index.php\/wp-json\/wp\/v2\/tags?post=35389"}],"curies":[{"name":"wp","href":"https:\/\/api.w.org\/{rel}","templated":true}]}}