{"id":35381,"date":"2025-06-20T00:36:58","date_gmt":"2025-06-20T00:36:58","guid":{"rendered":"http:\/\/04f8d5d96be4df2da29f7ce9dfbe515a"},"modified":"2025-06-20T00:36:58","modified_gmt":"2025-06-20T00:36:58","slug":"avanza-el-acuerdo-del-pro-con-los-libertarios-pero-hay-tensiones-con-los-intendentes-de-jorge-macri","status":"publish","type":"post","link":"https:\/\/latecordoba.com\/index.php\/2025\/06\/20\/avanza-el-acuerdo-del-pro-con-los-libertarios-pero-hay-tensiones-con-los-intendentes-de-jorge-macri\/","title":{"rendered":"Avanza el acuerdo del PRO con los libertarios, pero hay tensiones con los intendentes de Jorge Macri"},"content":{"rendered":"\n<div class=\"media_block\"><img decoding=\"async\" src=\"http:\/\/latecordoba.com\/wp-content\/uploads\/2025\/06\/avanza-el-acuerdo-del-pro-con-los-libertarios-pero-hay-tensiones-con-los-intendentes-de-jorge-macri.jpg\"><\/div>\n<p>El acuerdo entre el PRO y los libertarios cobra forma en todas las secciones de la provincia no sin algunos obst\u00e1culos. Los ruidos asoman en algunos distritos controlados por Jorge Macri, en particular Jun\u00edn y 9 de Julio.<\/p>\n<p>Cristian Ritondo gira por el verde interior bonaerense, conversa con intendentes y dirigentes. Les asegura que los alcaldes del PRO que podr\u00e1n encabezar en sus distritos. Contiene demandas. <\/p>\n<p>En el partido muestran entusiasmo por la negociaci\u00f3n en marcha, aunque esquivan hablar de porcentajes. Explican que en la Tercera apenas tienen un distrito chico como Lobos. Sin embargo, en otras secciones el peso de los amarillos es contundente: en la Quinta controlan Mar del Plata, la ciudad con mayor caudal de electores. En la Segunda el partido se posiciona con distritos importantes como Z\u00e1rate y Pergamino.<\/p>\n<p>&#8220;Va a ser un frente y puede llevar el nombre La Libertad Avanza, eso no nos preocupa. Lo m\u00e1s importante es enfrentar juntos al peronismo&#8221;, dicen. Seg\u00fan los sondeos que cuentan los dirigentes, el 78% de quienes votaron a la coalici\u00f3n Juntos en 2023 pide que el PRO y los libertarios lleguen a un acuerdo.<\/p>\n<p><a href=\"https:\/\/www.lapoliticaonline.com\/tools\/redirect.php?t=3&amp;i=319239&amp;s=82a88827b4d4ed5f630dbd83e16ff5ba\" class=\"link-type-content content-type-noticia-ar\">Con armado propio, los Passaglia acusan al PRO de someterse a las presiones de Karina<\/a><\/p>\n<p>Las luces amarillas asoman en distritos gobernados por Jorge Macri, puntualmente Jun\u00edn y 9 de Julio. El primero lo gobierna Pablo Petrecca, el segundo Mar\u00eda Jos\u00e9 Gentile.<\/p>\n<p>El jefe de Gobierno porte\u00f1o est\u00e1 cancelado por los libertarios. Secuelas de la campa\u00f1a en la Ciudad de Buenos Aires en la que Mauricio y Jorge se enfrentaron a los Milei y su candidato, Manuel Adorni. El vocero gan\u00f3 la elecci\u00f3n y el PRO sali\u00f3 tercero.<\/p>\n<p>&#8220;Hace un a\u00f1o y medio que nos est\u00e1n puteando. No va a ser f\u00e1cil cerrar en esos distritos&#8221;, dijo a LPO un armador libertario que esquiva dar nombres de los intendentes a los en la Rosada marcaron con una cruz. <\/p>\n<p>Sin embargo, en La Libertad Avanza muestran <a href=\"https:\/\/x.com\/mavivani?lang=es\" target=\"_blank\" rel=\"noopener\">los tuits de Mauricio Vivani<\/a>, un ex diputado provincial de Jorge con mucho poder en el gobierno de 9 de Julio. Vivani apunt\u00f3 dur\u00edsimo contra Adorni en la campa\u00f1a y sigui\u00f3 despu\u00e9s de la derrota, incluso cuando la negociaci\u00f3n entre el PRO y los libertarios daba los primeros pasos.<\/p>\n<p class=\"authorquote\">En el PRO diferencian el rol que cumple Soledad Mart\u00ednez. El mi\u00e9rcoles la intendenta de Vicente L\u00f3pez se reuni\u00f3 con Ritondo y juntos puntearon la situaci\u00f3n de los distritos en el marco de las negociaciones con los libertarios.<\/p>\n<p>Pero, adem\u00e1s, el jefe de Gobierno paga hacia el interior del PRO las consecuencias de ostentar su poder durante a\u00f1os. Hay quienes dicen que Jorge Macri esta sobrerrepresentado en la Legislatura bonaerense. Lleg\u00f3 a tener casi media docena de legisladores cuando Mar del Plata nunca tuvo m\u00e1s de uno.<\/p>\n<p>En el PRO diferencian el rol que cumple Soledad Mart\u00ednez. El mi\u00e9rcoles la intendenta de Vicente L\u00f3pez <a href=\"https:\/\/x.com\/probuenosairesp\/status\/1935457464822153635\" target=\"_blank\" rel=\"noopener\">se reuni\u00f3 con Ritondo<\/a> y juntos puntearon la situaci\u00f3n de los distritos en el marco de las negociaciones con los libertarios.<\/p>\n<p>En el PRO no ven mayores posibilidades de que Petrecca y Gentile decidan jugar por afuera del acuerdo con los libertarios. &#8220;Es mucho riesgo para los intendentes, van a terminar adentro por una cuesti\u00f3n de supervivencia&#8221;, dicen.<\/p>\n<figure class=\"vsmimage\" contenteditable=\"false\"><img decoding=\"async\" loading=\"lazy\" alt=\"Pablo Petrecca, Mar\u00eda Jos\u00e9 Gentile y Fernando Rovello.\" data-vsmid=\"257323\" data-owidth=\"4032\" data-oheight=\"3024\" src=\"data:image\/png;base64,iVBORw0KGgoAAAANSUhEUgAAAx4AAAJSAQMAAAB3GYHeAAAAA1BMVEUAAACnej3aAAAAAXRSTlMAQObYZgAAAFFJREFUeJztwTEBAAAAwqD1T20ND6AAAAAAAAAAAAAAAAAAAAAAAAAAAAAAAAAAAAAAAAAAAAAAAAAAAAAAAAAAAAAAAAAAAAAAAAAAAAAAXgzqWgABgplh5QAAAABJRU5ErkJggg==\" vsmidos=\"1\" vsmsrc=\"\/files\/image\/257\/257323\/6839096bf4179_798_594!.jpg?s=a9b00cf49af3599229dbb178c3052b67&amp;d=1750380095\" width=\"798\" height=\"594\"><\/figure>\n<p>Los amarillos podr\u00edan encabezar en la Primera y la Quinta Secci\u00f3n electoral. Existieron algunas conversaciones para que Diego Santilli encabece la lista por el norte del conurbano. Esas negociaciones no est\u00e1n cerradas. Hay quienes creen que los libertarios tienen que &#8220;seducir&#8221; al Colo para que acepte ese desaf\u00edo.<\/p>\n<p>La otra secci\u00f3n que el PRO encabezar\u00e1 es la Quinta, donde Mar del Plata ejerce una clara supremac\u00eda sobre el resto de los distritos en t\u00e9rminos de cantidad de electores. El jefe del PRO en esa ciudad es Guillermo Montenegro, quien participa con Ritondo y Santilli la negociaci\u00f3n con los libertarios.<\/p>\n<p>&#8220;Podemos ganar la provincia si logramos un buen cierre con los libertarios&#8221;, dicen en el PRO y explican que en 2019 hubo una ola de votos en favor de la alianza Cambiemos: &#8220;metimos intendentes donde jam\u00e1s nos imaginamos&#8221;, dicen y agregan que esa ola electoral fue en 2019 para el peronismo y hoy es para los libertarios.<\/p>\n<p>Hay entusiasmo en el PRO. Aunque no ven chances en la Tercera est\u00e1n convencidos que ganan en el extenso interior bonaerense. El desaf\u00edo asoma en el norte del conurbano y en la Secci\u00f3n Capital. &#8220;Esas dos secciones van a definir qui\u00e9n gana la elecci\u00f3n&#8221;, dicen en el PRO.&nbsp;<\/p>\n","protected":false},"excerpt":{"rendered":"\n<div class=\"media_block\"><img decoding=\"async\" src=\"http:\/\/latecordoba.com\/wp-content\/uploads\/2025\/06\/avanza-el-acuerdo-del-pro-con-los-libertarios-pero-hay-tensiones-con-los-intendentes-de-jorge-macri.jpg\"><\/div>\n<p>El partido podr\u00eda encabezar la lista en la Primera y la Quinta Secci\u00f3n. Las negociaciones para convencer a Santilli siguen abiertas.  <\/p>\n","protected":false},"author":1,"featured_media":35382,"comment_status":"closed","ping_status":"closed","sticky":false,"template":"","format":"standard","meta":[],"categories":[18],"tags":[],"_links":{"self":[{"href":"https:\/\/latecordoba.com\/index.php\/wp-json\/wp\/v2\/posts\/35381"}],"collection":[{"href":"https:\/\/latecordoba.com\/index.php\/wp-json\/wp\/v2\/posts"}],"about":[{"href":"https:\/\/latecordoba.com\/index.php\/wp-json\/wp\/v2\/types\/post"}],"author":[{"embeddable":true,"href":"https:\/\/latecordoba.com\/index.php\/wp-json\/wp\/v2\/users\/1"}],"replies":[{"embeddable":true,"href":"https:\/\/latecordoba.com\/index.php\/wp-json\/wp\/v2\/comments?post=35381"}],"version-history":[{"count":0,"href":"https:\/\/latecordoba.com\/index.php\/wp-json\/wp\/v2\/posts\/35381\/revisions"}],"wp:featuredmedia":[{"embeddable":true,"href":"https:\/\/latecordoba.com\/index.php\/wp-json\/wp\/v2\/media\/35382"}],"wp:attachment":[{"href":"https:\/\/latecordoba.com\/index.php\/wp-json\/wp\/v2\/media?parent=35381"}],"wp:term":[{"taxonomy":"category","embeddable":true,"href":"https:\/\/latecordoba.com\/index.php\/wp-json\/wp\/v2\/categories?post=35381"},{"taxonomy":"post_tag","embeddable":true,"href":"https:\/\/latecordoba.com\/index.php\/wp-json\/wp\/v2\/tags?post=35381"}],"curies":[{"name":"wp","href":"https:\/\/api.w.org\/{rel}","templated":true}]}}