{"id":35356,"date":"2025-06-19T12:18:00","date_gmt":"2025-06-19T12:18:00","guid":{"rendered":"https:\/\/www.iprofesional.com\/finanzas\/431015-que-hay-detras-de-la-baja-del-dolar-puede-llegar-al-piso-de-la-banda"},"modified":"2025-06-19T12:18:00","modified_gmt":"2025-06-19T12:18:00","slug":"que-hay-detras-de-la-baja-del-dolar-puede-llegar-al-piso-de-la-banda","status":"publish","type":"post","link":"https:\/\/latecordoba.com\/index.php\/2025\/06\/19\/que-hay-detras-de-la-baja-del-dolar-puede-llegar-al-piso-de-la-banda\/","title":{"rendered":"Qu\u00e9 hay detr\u00e1s de la baja del d\u00f3lar, \u00bfpuede llegar al piso de la banda"},"content":{"rendered":"\n<div class=\"media_block\"><img decoding=\"async\" src=\"http:\/\/latecordoba.com\/wp-content\/uploads\/2025\/06\/que-hay-detras-de-la-baja-del-dolar-puede-llegar-al-piso-de-la-banda.jpg\"><\/div>\n<div id>\n<p> El mayorista retrocedi\u00f3 4,0% en lo que va del mes, en contra de la expectativa del mercado. La din\u00e1mica de las pr\u00f3ximas semanas. <\/p>\n<p><strong>19\/06\/2025<\/strong> &#8211; 09:18hs<\/p>\n<div class=\"image-container img-wide padding-b\"> <picture><source media=\"(max-width:360px)\" srcset=\"https:\/\/resizer.iproimg.com\/unsafe\/360x\/filters:format(webp):quality(85):max_bytes(102400)\/https:\/\/assets.iprofesional.com\/assets\/jpg\/2025\/06\/597256.jpg\" data-srcset=\"https:\/\/resizer.iproimg.com\/unsafe\/360x\/filters:format(webp):quality(85):max_bytes(102400)\/https:\/\/assets.iprofesional.com\/assets\/jpg\/2025\/06\/597256.jpg\" class><source media=\"(max-width:430px)\" srcset=\"https:\/\/resizer.iproimg.com\/unsafe\/360x\/filters:format(webp):quality(85):max_bytes(102400)\/https:\/\/assets.iprofesional.com\/assets\/jpg\/2025\/06\/597256.jpg\" data-srcset=\"https:\/\/resizer.iproimg.com\/unsafe\/360x\/filters:format(webp):quality(85):max_bytes(102400)\/https:\/\/assets.iprofesional.com\/assets\/jpg\/2025\/06\/597256.jpg\" class><source media=\"(max-width:956px)\" srcset=\"https:\/\/resizer.iproimg.com\/unsafe\/640x\/filters:format(webp):quality(85):max_bytes(102400)\/https:\/\/assets.iprofesional.com\/assets\/jpg\/2025\/06\/597256.jpg\" data-srcset=\"https:\/\/resizer.iproimg.com\/unsafe\/640x\/filters:format(webp):quality(85):max_bytes(102400)\/https:\/\/assets.iprofesional.com\/assets\/jpg\/2025\/06\/597256.jpg\" class><img decoding=\"async\" loading=\"lazy\" src=\"http:\/\/latecordoba.com\/wp-content\/uploads\/2025\/06\/que-hay-detras-de-la-baja-del-dolar-puede-llegar-al-piso-de-la-banda.webp\" data-src=\"http:\/\/latecordoba.com\/wp-content\/uploads\/2025\/06\/que-hay-detras-de-la-baja-del-dolar-puede-llegar-al-piso-de-la-banda.webp\" class alt=\"d\u00f3lar\" width=\"1280px\" height=\"720px\"> <\/picture> <\/div>\n<\/p><\/div>\n<div readability=\"93.727072633896\">\n<p>La expectativa de que la <strong>liquidaci\u00f3n de divisas<\/strong>, por parte de las cerealeras exportadoras, se acrecentar\u00e1 en las pr\u00f3ximas jornadas, en las previas al final de este mes, <a href=\"https:\/\/www.iprofesional.com\/economia\/430980-por-que-dolar-se-hundio-a-valor-mas-bajo-en-mes-razones-detras-de-caida\" target=\"_blank\" title=\"ayud\u00f3 a una baja en la cotizaci\u00f3n del d\u00f3lar\" rel=\"noopener noreferrer\"><strong>ayud\u00f3 a una baja en la cotizaci\u00f3n del d\u00f3lar<\/strong><\/a>.<\/p>\n<p>En el cierre del mi\u00e9rcoles, <strong>la cotizaci\u00f3n del d\u00f3lar mayorista fue de $1.142 contra $1.170 de la jornada anterior<\/strong>.<\/p>\n<p>Este retroceso fue el mayor desde el 7 de mayo \u00faltimo, el d\u00eda en que el Banco Central intervino en el mercado de futuros provocando un retroceso del 6,6% en el segmento spot.<\/p>\n<p>A diferencia de aquel momento, esta vez <strong>no se vio una intervenci\u00f3n oficial en el <a href=\"https:\/\/www.iprofesional.com\/finanzas\/430860-nuevo-precio-dolar-que-preven-40-bancos-y-consultoras-para-diciembre-2025\" target=\"_blank\" title=\"mercado de los futuros\" rel=\"noopener noreferrer\">mercado de los futuros<\/a><\/strong>.<\/p>\n<p>En lo que va de junio, la ca\u00edda en el precio del mayorista ya lleg\u00f3 al 4,0%.&nbsp;<\/p>\n<h2>Por qu\u00e9 baja el d\u00f3lar<\/h2>\n<p>El \u00faltimo reporte a clientes de la consultora PPI (Portfolio Personal Inversiones) se hace cargo de esta realidad: &#8220;A priori lo que nos sugiere el movimiento es que <a href=\"https:\/\/www.iprofesional.com\/economia\/427707-por-que-banco-central-argentina-no-compra-dolares-pese-a-record-liquidaciones\" target=\"_blank\" title=\"hubo una gran oferta de divisas\" rel=\"noopener noreferrer\"><strong>hubo una gran oferta de divisas<\/strong><\/a>, que no tiene un claro factor explicativo, y que la demanda privada se habr\u00eda mantenido contenida. La combinaci\u00f3n de ambos efectos habr\u00eda ejercido una presi\u00f3n a la baja sobre el tipo de cambio. Con respecto a qu\u00e9 podr\u00eda estar detr\u00e1s de la oferta, destacamos que la liquidaci\u00f3n del agro fue de s\u00f3lo u$s135 millones, pese al feriado del lunes&#8221;, dijo Emiliano Anselmi, economista jefe de la consultora.<\/p>\n<p>El reporte insin\u00faa, adem\u00e1s, que dado que el primer d\u00eda de julio volver\u00e1n a subir las retenciones para la cosecha gruesa, &#8220;<strong>es posible que en estos d\u00edas se acelere la comercializaci\u00f3n entre productores y exportadores<\/strong> y, por ende, tambi\u00e9n la liquidaci\u00f3n de divisas&#8221;.<\/p>\n<div class=\"imagen\" readability=\"9\"><img decoding=\"async\" loading=\"lazy\" class=\"lazyload\" src=\"http:\/\/latecordoba.com\/wp-content\/uploads\/2025\/06\/que-hay-detras-de-la-baja-del-dolar-puede-llegar-al-piso-de-la-banda-1.jpg\" alt=\"s\" width=\"1242\" height=\"872.986\"><\/p>\n<p>En lo que va de junio, la ca\u00edda en el precio del mayorista ya lleg\u00f3 al 4,0%<\/p>\n<\/div>\n<p>Al final, por otra parte, PPI concluy\u00f3 que &#8220;la \u00fanica explicaci\u00f3n factible que le encontramos es que el <strong>fuerte repunte de la tasa de cauci\u00f3n <\/strong>(promedi\u00f3 32% TNA, pero se acerc\u00f3 a 38% al cierre) haya empujado a personas jur\u00eddicas a vender d\u00f3lares. Recordamos que, si bien el spot inici\u00f3 ayer a la baja, la ca\u00edda se profundiz\u00f3 marcadamente en la \u00faltima hora de negociaci\u00f3n. Por esto mismo, esperamos a la apertura de hoy para clarificar qu\u00e9 fue lo que sucedi\u00f3 y de d\u00f3nde podr\u00eda provenir la oferta de divisas&#8221;.&nbsp;<\/p>\n<h2>\u00bfSe dar\u00e1 vuelta?<\/h2>\n<p>A pesar de esta din\u00e1mica, en el mercado financiero <a href=\"https:\/\/www.iprofesional.com\/finanzas\/430970-por-que-precio-dolar-futuro-baja-mientras-economistas-encienden-alertas\" target=\"_blank\" title=\"creen que la paridad tiene m\u00e1s para subir que para seguir bajando\" rel=\"noopener noreferrer\"><strong>creen que la paridad tiene m\u00e1s para subir que para seguir bajando<\/strong><\/a> hacia el piso de la banda cambiaria.<\/p>\n<p>&#8220;Esperamos que la estacionalidad del comercio exterior juegue en contra en la segunda mitad del a\u00f1o. Adem\u00e1s, creemos que este fen\u00f3meno se ver\u00eda exacerbado por la suba de retenciones, ya que se habr\u00eda adelantado la liquidaci\u00f3n de los pr\u00f3ximos meses a la segunda mitad de mayo y junio&#8221;, rese\u00f1\u00f3 el informe de PPI.<\/p>\n<\/p><\/div>\n","protected":false},"excerpt":{"rendered":"\n<div class=\"media_block\"><img decoding=\"async\" src=\"http:\/\/latecordoba.com\/wp-content\/uploads\/2025\/06\/que-hay-detras-de-la-baja-del-dolar-puede-llegar-al-piso-de-la-banda.jpg\"><\/div>\n<p> El mayorista retrocedi\u00f3 4,0% en lo que va del mes, en contra de la expectativa del mercado. La din\u00e1mica de las pr\u00f3ximas semanas. <iframe width=\"0\" height=\"0\" border=\"0\"> <script> (function(i,s,o,g,r,a,m){i['GoogleAnalyticsObject']=r;i[r]=i[r]||function(){ (i[r].q=i[r].q||[]).push(arguments)},i[r].l=1*new Date();a=s.createElement(o), m=s.getElementsByTagName(o)[0];a.async=1;a.src=g;m.parentNode.insertBefore(a,m) })(window,document,'script','https:\/\/www.google-analytics.com\/analytics.js','ga'); ga('create', 'GTM-5LW5KQD', 'auto'); ga('require', 'displayfeatures'); ga('set', 'campaignSource', 'RSS Client for iProfesional'); ga('set', 'campaignMedium', 'RSS Client for iProfesional'); ga('set', {\"dataSource\": \"rss.atom.iprofesional.com\"}); ga('set', {\"referrer\": \"rss.atom.iprofesional.com\"}); ga('set', 'title', 'RSS Client for iProfesional'); ga('send', 'pageview'); <\/script> <!-- Begin comScore Tag --> <script> var _comscore = _comscore || []; _comscore.push({ c1: \"2\", c2: \"16597048\" }); (function() { var s = document.createElement(\"script\"), el = document.getElementsByTagName(\"script\")[0]; s.async = true; s.src = \"https:\/\/sb.scorecardresearch.com\/cs\/16597048\/beacon.js\"; el.parentNode.insertBefore(s, el); })(); <\/script> <noscript> <img decoding=\"async\" src=\"http:\/\/latecordoba.com\/wp-content\/uploads\/2025\/06\/que-hay-detras-de-la-baja-del-dolar-puede-llegar-al-piso-de-la-banda.gif\"> <\/noscript> <!-- End comScore Tag --> <\/iframe> <iframe border=\"0px\" style=\"display: none\" width=0 height=0 src=\"https:\/\/www.iprofesional.com\/ga4.html?gtag_id=G-N13KWJP8BK&amp;title=Qu\u00e9 hay detr\u00e1s de la baja del d\u00f3lar, \u00bfpuede llegar al piso de la banda&amp;location=https:\/\/www.iprofesional.com\/finanzas\/431015-que-hay-detras-de-la-baja-del-dolar-puede-llegar-al-piso-de-la-banda&amp;referrer=rss.atom.iprofesional.com&amp;ci=RSS Client for iProfesional&amp;cs=RSS Client for iProfesional&amp;cm=RSS&amp;cn=RSS Client for iProfesional&amp;cc=RSS Client for iProfesional\"><\/iframe>  <\/p>\n","protected":false},"author":1,"featured_media":35357,"comment_status":"closed","ping_status":"closed","sticky":false,"template":"","format":"standard","meta":[],"categories":[18],"tags":[],"_links":{"self":[{"href":"https:\/\/latecordoba.com\/index.php\/wp-json\/wp\/v2\/posts\/35356"}],"collection":[{"href":"https:\/\/latecordoba.com\/index.php\/wp-json\/wp\/v2\/posts"}],"about":[{"href":"https:\/\/latecordoba.com\/index.php\/wp-json\/wp\/v2\/types\/post"}],"author":[{"embeddable":true,"href":"https:\/\/latecordoba.com\/index.php\/wp-json\/wp\/v2\/users\/1"}],"replies":[{"embeddable":true,"href":"https:\/\/latecordoba.com\/index.php\/wp-json\/wp\/v2\/comments?post=35356"}],"version-history":[{"count":0,"href":"https:\/\/latecordoba.com\/index.php\/wp-json\/wp\/v2\/posts\/35356\/revisions"}],"wp:featuredmedia":[{"embeddable":true,"href":"https:\/\/latecordoba.com\/index.php\/wp-json\/wp\/v2\/media\/35357"}],"wp:attachment":[{"href":"https:\/\/latecordoba.com\/index.php\/wp-json\/wp\/v2\/media?parent=35356"}],"wp:term":[{"taxonomy":"category","embeddable":true,"href":"https:\/\/latecordoba.com\/index.php\/wp-json\/wp\/v2\/categories?post=35356"},{"taxonomy":"post_tag","embeddable":true,"href":"https:\/\/latecordoba.com\/index.php\/wp-json\/wp\/v2\/tags?post=35356"}],"curies":[{"name":"wp","href":"https:\/\/api.w.org\/{rel}","templated":true}]}}