{"id":34141,"date":"2025-05-06T05:04:49","date_gmt":"2025-05-06T05:04:49","guid":{"rendered":"https:\/\/elnoticierodigital.com.ar\/?p=2574278"},"modified":"2025-05-06T05:04:49","modified_gmt":"2025-05-06T05:04:49","slug":"sandra-pasa-su-peor-momento-en-gran-hermano-tras-sus-problemas-de-adiccion","status":"publish","type":"post","link":"https:\/\/latecordoba.com\/index.php\/2025\/05\/06\/sandra-pasa-su-peor-momento-en-gran-hermano-tras-sus-problemas-de-adiccion\/","title":{"rendered":"Sandra pasa su peor momento en Gran Hermano tras sus problemas de adicci\u00f3n"},"content":{"rendered":"<p> <!-- image --><\/p>\n<div class=\"td-post-featured-image\"><a href=\"https:\/\/i0.wp.com\/elnoticierodigital.com.ar\/wp-content\/uploads\/2025\/05\/2574278.jpg?fit=1052%2C630&amp;ssl=1\" data-caption><img decoding=\"async\" loading=\"lazy\" width=\"696\" height=\"417\" class=\"entry-thumb td-modal-image\" src=\"http:\/\/latecordoba.com\/wp-content\/uploads\/2025\/05\/sandra-pasa-su-peor-momento-en-gran-hermano-tras-sus-problemas-de-adiccion.jpg\" srcset=\"http:\/\/latecordoba.com\/wp-content\/uploads\/2025\/05\/sandra-pasa-su-peor-momento-en-gran-hermano-tras-sus-problemas-de-adiccion-1.jpg 1052w, http:\/\/latecordoba.com\/wp-content\/uploads\/2025\/05\/sandra-pasa-su-peor-momento-en-gran-hermano-tras-sus-problemas-de-adiccion-2.jpg 300w, http:\/\/latecordoba.com\/wp-content\/uploads\/2025\/05\/sandra-pasa-su-peor-momento-en-gran-hermano-tras-sus-problemas-de-adiccion-3.jpg 1024w, http:\/\/latecordoba.com\/wp-content\/uploads\/2025\/05\/sandra-pasa-su-peor-momento-en-gran-hermano-tras-sus-problemas-de-adiccion-4.jpg 768w, http:\/\/latecordoba.com\/wp-content\/uploads\/2025\/05\/sandra-pasa-su-peor-momento-en-gran-hermano-tras-sus-problemas-de-adiccion-5.jpg 150w, http:\/\/latecordoba.com\/wp-content\/uploads\/2025\/05\/sandra-pasa-su-peor-momento-en-gran-hermano-tras-sus-problemas-de-adiccion.jpg 696w\" sizes=\"(max-width: 696px) 100vw, 696px\" alt title=\"2574278\"><\/a><\/div>\n<p> <!-- content --><\/p>\n<article readability=\"43\">Sandra tom\u00f3 la decisi\u00f3n de bajarse del desaf\u00edo propuesto en la casa de Gran Hermano, que implicaba permanecer atada a otros participantes. La pescadora hab\u00eda afirmado inicialmente que \u201cquiz\u00e1s es oportunidad para dejar de fumar\u201d, pero solo resisti\u00f3 14 minutos.<\/p>\n<p>Posteriormente, le confes\u00f3 a Chiara Mancuso las dificultades que implicar\u00eda la prueba, como no poder descansar adecuadamente. En di\u00e1logo con su compa\u00f1era, Priore justific\u00f3 su decisi\u00f3n al se\u00f1alar que no estaba dispuesta a llegar tan lejos: \u201cNo estoy a ese nivel, no mato por un pucho. A lo sumo, si me dan uno por d\u00eda\u2026\u201d.<\/p>\n<p>Sin embargo, su renuncia al reto gener\u00f3 malestar entre otras participantes que s\u00ed aceptaron el desaf\u00edo. Selva P\u00e9rez, Lourdes Ciccarone y Katia Fenocchio comenzaron a evaluar no compartir cigarrillos con Sandra, debido a que se baj\u00f3 del compromiso grupal. El gesto fue interpretado como una falta de solidaridad.<\/p>\n<p>Mientras tanto, el supuesto intento de abandonar el tabaco mostr\u00f3 se\u00f1ales de fracaso. Durante la tarde del lunes 5, Priore fue vista fumando nuevamente. Adem\u00e1s, entr\u00f3 en una serie de conflictos cuando Tato Algorta se neg\u00f3 a darle cigarrillos, profundizando la tensi\u00f3n en la convivencia.<\/p>\n<p>EL PROBLEMA DE SALUD DE SANDRA DE GRAN HERMANO<\/p>\n<p>En el fragmento difundido, se escucha a una integrante del equipo de Gran Hermano explicarle a Sandra sobre el procedimiento a seguir en este caso: \u201cLa producci\u00f3n tendr\u00eda que buscar la posibilidad de hacer un relevamiento para hacer el tratamiento de conducto\u201d.<\/p>\n<p>Ante esta propuesta, Priore respondi\u00f3 con cierta duda: \u201cEl tema m\u00edo es si tengo que hacer cada 20 d\u00edas o un mes\u2026\u201d, lo que sugiere que se tratar\u00eda de un tratamiento prolongado o con controles peri\u00f3dicos. Su tono revel\u00f3 incertidumbre respecto a c\u00f3mo se resolver\u00eda la situaci\u00f3n sin afectar su continuidad en el juego.<\/p>\n<p>Mir\u00e1 Tambi\u00e9n Qui\u00e9n es el ex notero de LAM que lo bajaron de la fiesta por los 10 a\u00f1os del programa<\/p>\n<\/article>\n<p>Fuente: <a href=\"https:\/\/www.paparazzi.com.ar\/teve\/sandra-pasa-su-peor-momento-en-gran-hermano-tras-sus-problemas-de-adiccion\/\">https:\/\/www.paparazzi.com.ar\/<\/a><\/p>\n","protected":false},"excerpt":{"rendered":"<p> Sandra tom\u00f3 la decisi\u00f3n de bajarse del desaf\u00edo propuesto en la casa de Gran Hermano, que implicaba permanecer atada a otros participantes. La pescadora hab\u00eda afirmado inicialmente que \u201cquiz\u00e1s es oportunidad para dejar de fumar\u201d, pero solo resisti\u00f3 14 minutos. Posteriormente, le confes\u00f3 a Chiara Mancuso las dificultades que implicar\u00eda la prueba, como no poder [&#8230;]  <\/p>\n","protected":false},"author":1,"featured_media":34142,"comment_status":"closed","ping_status":"closed","sticky":false,"template":"","format":"standard","meta":[],"categories":[14],"tags":[],"_links":{"self":[{"href":"https:\/\/latecordoba.com\/index.php\/wp-json\/wp\/v2\/posts\/34141"}],"collection":[{"href":"https:\/\/latecordoba.com\/index.php\/wp-json\/wp\/v2\/posts"}],"about":[{"href":"https:\/\/latecordoba.com\/index.php\/wp-json\/wp\/v2\/types\/post"}],"author":[{"embeddable":true,"href":"https:\/\/latecordoba.com\/index.php\/wp-json\/wp\/v2\/users\/1"}],"replies":[{"embeddable":true,"href":"https:\/\/latecordoba.com\/index.php\/wp-json\/wp\/v2\/comments?post=34141"}],"version-history":[{"count":0,"href":"https:\/\/latecordoba.com\/index.php\/wp-json\/wp\/v2\/posts\/34141\/revisions"}],"wp:featuredmedia":[{"embeddable":true,"href":"https:\/\/latecordoba.com\/index.php\/wp-json\/wp\/v2\/media\/34142"}],"wp:attachment":[{"href":"https:\/\/latecordoba.com\/index.php\/wp-json\/wp\/v2\/media?parent=34141"}],"wp:term":[{"taxonomy":"category","embeddable":true,"href":"https:\/\/latecordoba.com\/index.php\/wp-json\/wp\/v2\/categories?post=34141"},{"taxonomy":"post_tag","embeddable":true,"href":"https:\/\/latecordoba.com\/index.php\/wp-json\/wp\/v2\/tags?post=34141"}],"curies":[{"name":"wp","href":"https:\/\/api.w.org\/{rel}","templated":true}]}}