{"id":30146,"date":"2024-12-23T00:17:58","date_gmt":"2024-12-23T00:17:58","guid":{"rendered":"http:\/\/b74a56d18080bb6d4a0b4fa911136627"},"modified":"2024-12-23T00:17:58","modified_gmt":"2024-12-23T00:17:58","slug":"gustavo-valdes-gano-la-interna-radical-en-corrientes","status":"publish","type":"post","link":"https:\/\/latecordoba.com\/index.php\/2024\/12\/23\/gustavo-valdes-gano-la-interna-radical-en-corrientes\/","title":{"rendered":"Gustavo Vald\u00e9s gan\u00f3 la interna radical en Corrientes"},"content":{"rendered":"\n<div class=\"media_block\"><img decoding=\"async\" src=\"http:\/\/latecordoba.com\/wp-content\/uploads\/2024\/12\/gustavo-valdes-gano-la-interna-radical-en-corrientes.jpg\"><\/div>\n<div><img decoding=\"async\" src=\"http:\/\/latecordoba.com\/wp-content\/uploads\/2024\/12\/gustavo-valdes-gano-la-interna-radical-en-corrientes-1.jpg\" class=\"ff-og-image-inserted\"><\/div>\n<p>En una jornada con amplia participaci\u00f3n de la Uni\u00f3n C\u00edvica Radical (UCR) en Corrientes, el gobernador Gustavo Vald\u00e9s logr\u00f3 un contundente triunfo en las elecciones internas del partido, consolid\u00e1ndose como el principal referente del radicalismo provincial y proyect\u00e1ndose como el gran elector de cara al 2025.&nbsp;<\/p>\n<p>La lista &#8220;Vamos Corrientes&#8221;, encabezada por Vald\u00e9s, cont\u00f3 con un amplio respaldo de los afiliados. El espacio &#8220;Radicales en Acci\u00f3n&#8221;, liderado por la ex presidenta del Comit\u00e9 Capital de la UCR, Alejandra Seward y respaldado por Colombi, retir\u00f3 su lista el d\u00eda viernes pasado al no prosperar sus recursos legales para frenar el proceso electoral.<\/p>\n<p> A pesar de esto igualmente se llevaron a cabo los comicios tanto en el \u00e1mbito provincial como municipal habiendo disputas locales en algunos de ellos. Concurrieron a votar en toda la provincia m\u00e1s de 35.000 radicales, lo que representa un 40% de los afiliados en condiciones de votar, muy por encima de las expectativas previas lo que implica un contundente respaldo a Vald\u00e9s.<\/p>\n<p> &#8220;Hoy los radicales demostramos que tenemos un liderazgo indiscutido&#8221; manfest\u00f3 el Senador Sergio Flinta. En declaraciones tras la elecci\u00f3n, desde la lista ganadora destacaron: &#8220;La movilizaci\u00f3n registrada a lo largo de toda la provincia deja saldadas las discusiones en el \u00e1mbito partidario con el anterior gobernador Ricardo Colombi.&nbsp;<\/p>\n<p>Vamos a abrir los comit\u00e9s, trabajar por la modernizaci\u00f3n de la UCR, convocar a todos los aliados en Vamos Corrientes y seguir fortaleciendo el proceso de transformaci\u00f3n que llevamos adelante en la provincia&#8221;.&nbsp;<\/p>\n<p>Asimismo, desde el espacio de Vald\u00e9s reafirmaron el compromiso con los valores y principios del partido: &#8220;En Corrientes, durante todo nuestro gobierno, hemos defendido el equilibrio fiscal, pero adem\u00e1s llevamos adelante una gesti\u00f3n que tuvo clara la necesidad de incluir a los sectores sociales m\u00e1s postergados, la defensa de la educaci\u00f3n p\u00fablica y la modernizaci\u00f3n social. Sobre eso pensamos seguir trabajando desde el partido y en el gobierno junto a nuestros aliados, en los pr\u00f3ximos a\u00f1os&#8221;.&nbsp;<\/p>\n<p>Vald\u00e9s agradeci\u00f3 a todos los que participaron de la elecci\u00f3n. &#8220;Con 40 a\u00f1os de militancia me siento honrado de presidir este partido al que, como en Corrientes, vamos a poner de pie a lo largo de la Rep\u00fablica Argentina&#8221;&nbsp;<\/p>\n","protected":false},"excerpt":{"rendered":"\n<div class=\"media_block\"><img decoding=\"async\" src=\"http:\/\/latecordoba.com\/wp-content\/uploads\/2024\/12\/gustavo-valdes-gano-la-interna-radical-en-corrientes.jpg\"><\/div>\n<p>Concurrieron a votar en toda la provincia m\u00e1s de 35.000 radicales, lo que representa un 40% de los afiliados en condiciones de votar.  <\/p>\n","protected":false},"author":1,"featured_media":30147,"comment_status":"closed","ping_status":"closed","sticky":false,"template":"","format":"standard","meta":[],"categories":[18],"tags":[],"_links":{"self":[{"href":"https:\/\/latecordoba.com\/index.php\/wp-json\/wp\/v2\/posts\/30146"}],"collection":[{"href":"https:\/\/latecordoba.com\/index.php\/wp-json\/wp\/v2\/posts"}],"about":[{"href":"https:\/\/latecordoba.com\/index.php\/wp-json\/wp\/v2\/types\/post"}],"author":[{"embeddable":true,"href":"https:\/\/latecordoba.com\/index.php\/wp-json\/wp\/v2\/users\/1"}],"replies":[{"embeddable":true,"href":"https:\/\/latecordoba.com\/index.php\/wp-json\/wp\/v2\/comments?post=30146"}],"version-history":[{"count":0,"href":"https:\/\/latecordoba.com\/index.php\/wp-json\/wp\/v2\/posts\/30146\/revisions"}],"wp:featuredmedia":[{"embeddable":true,"href":"https:\/\/latecordoba.com\/index.php\/wp-json\/wp\/v2\/media\/30147"}],"wp:attachment":[{"href":"https:\/\/latecordoba.com\/index.php\/wp-json\/wp\/v2\/media?parent=30146"}],"wp:term":[{"taxonomy":"category","embeddable":true,"href":"https:\/\/latecordoba.com\/index.php\/wp-json\/wp\/v2\/categories?post=30146"},{"taxonomy":"post_tag","embeddable":true,"href":"https:\/\/latecordoba.com\/index.php\/wp-json\/wp\/v2\/tags?post=30146"}],"curies":[{"name":"wp","href":"https:\/\/api.w.org\/{rel}","templated":true}]}}