{"id":29445,"date":"2024-11-23T14:57:55","date_gmt":"2024-11-23T14:57:55","guid":{"rendered":"https:\/\/www.diariocronica.com.ar\/noticias\/2024\/11\/23\/106772-juegan-las-formativas"},"modified":"2024-11-23T14:57:55","modified_gmt":"2024-11-23T14:57:55","slug":"juegan-las-formativas","status":"publish","type":"post","link":"https:\/\/latecordoba.com\/index.php\/2024\/11\/23\/juegan-las-formativas\/","title":{"rendered":"Juegan las formativas"},"content":{"rendered":"\n<div class=\"media_block\"><a href=\"http:\/\/latecordoba.com\/wp-content\/uploads\/2024\/11\/juegan-las-formativas.jpg\"><img decoding=\"async\" src=\"http:\/\/latecordoba.com\/wp-content\/uploads\/2024\/11\/juegan-las-formativas.jpg\" class=\"media_thumbnail\"><\/a><\/div>\n<div><img decoding=\"async\" src=\"http:\/\/latecordoba.com\/wp-content\/uploads\/2024\/11\/juegan-las-formativas-1.jpg\" class=\"ff-og-image-inserted\"><\/div>\n<p> Se jugar\u00e1n partidos en la rama femenina y dos nuevas jornadas del masculino. <\/p>\n<div readability=\"44\">\n<p><span><span>Seguir\u00e1 desarroll\u00e1ndose la formaci\u00f3n del torneo de basquetbol local de formativas para completar las nuevas fechas del torneo Apertura en la zona competitiva, en la rama femenina y tambi\u00e9n dos nuevas jornadas del masculino de la Zona Desarrollo.<\/span><\/span><\/p>\n<h3><strong><span><span>S\u00c1BADO<\/span><\/span><\/strong><\/h3>\n<p><strong><span><span>Gimnasio Socios Fundadores<\/span><\/span><\/strong><\/p>\n<p><strong><span><span>Zona Desarrollo<\/span><\/span><\/strong><\/p>\n<p><span><span>14:00 Gimnasia D Sub-15 &#8211; N\u00e1utico Negro<\/span><\/span><\/p>\n<p><span><span>16:00 Gimnasia D Sub-17 &#8211; N\u00e1utico Negro<\/span><\/span><\/p>\n<p><span><span>18:00 Gimnasia sub-15 &#8211; Federaci\u00f3n Bord\u00f3, femenino<\/span><\/span><\/p>\n<p><span><span>20:00 Gimnasia Sub-21 &#8211; Federaci\u00f3n<\/span><\/span><\/p>\n<h3><strong><span><span>DOMINGO<\/span><\/span><\/strong><\/h3>\n<p><strong><span><span>Nautico Rada Tilly<\/span><\/span><\/strong><\/p>\n<p><span><span>10:00 N\u00e1utico Amarillo Sub-12 &#8211; Gimnasia Verde<\/span><\/span><\/p>\n<p><span><span>12:00 N\u00e1utico Amarillo Sub-15 &#8211; Gimnasia Verde<\/span><\/span><\/p>\n<p><span><span>13:30 Sub-13 N\u00e1utico Amarillo &#8211; Gimnasia Verde<\/span><\/span><\/p>\n<p><span><span>15:00 N\u00e1utico Amarillo Sub-17 &#8211; Gimnasia Verde<\/span><\/span><\/p>\n<p><strong><span><span>Diego Sim\u00f3n, Zona Desarrollo<\/span><\/span><\/strong><\/p>\n<p><span><span>10:00 Federaci\u00f3n Blanco Sub-13 &#8211; Pueyrred\u00f3n<\/span><\/span><\/p>\n<p><span><span>11:30 Federaci\u00f3n Blanco Sub-15 &#8211; Pueyrred\u00f3n<\/span><\/span><\/p>\n<p><span><span>13:00 Federaci\u00f3n Bord\u00f3 Sub-12 &#8211; CAI<\/span><\/span><\/p>\n<p><span><span>15:00 Federaci\u00f3n Bord\u00f3 Sub-15 &#8211; CAI<\/span><\/span><\/p>\n<p><span><span>16:30 Federaci\u00f3n Bord\u00f3 Sub-13 &#8211; CAI<\/span><\/span><\/p>\n<p><span><span>18:00 Federaci\u00f3n Bord\u00f3 Sub-17 &#8211; CAI<\/span><\/span><\/p>\n<\/p><\/div>\n","protected":false},"excerpt":{"rendered":"\n<div class=\"media_block\"><a href=\"http:\/\/latecordoba.com\/wp-content\/uploads\/2024\/11\/juegan-las-formativas.jpg\"><img decoding=\"async\" src=\"http:\/\/latecordoba.com\/wp-content\/uploads\/2024\/11\/juegan-las-formativas.jpg\" class=\"media_thumbnail\"><\/a><\/div>\n<p>Se jugar\u00e1n partidos en la rama femenina y dos nuevas jornadas del masculino. <\/p>\n","protected":false},"author":1,"featured_media":29446,"comment_status":"closed","ping_status":"closed","sticky":false,"template":"","format":"standard","meta":[],"categories":[17],"tags":[],"_links":{"self":[{"href":"https:\/\/latecordoba.com\/index.php\/wp-json\/wp\/v2\/posts\/29445"}],"collection":[{"href":"https:\/\/latecordoba.com\/index.php\/wp-json\/wp\/v2\/posts"}],"about":[{"href":"https:\/\/latecordoba.com\/index.php\/wp-json\/wp\/v2\/types\/post"}],"author":[{"embeddable":true,"href":"https:\/\/latecordoba.com\/index.php\/wp-json\/wp\/v2\/users\/1"}],"replies":[{"embeddable":true,"href":"https:\/\/latecordoba.com\/index.php\/wp-json\/wp\/v2\/comments?post=29445"}],"version-history":[{"count":0,"href":"https:\/\/latecordoba.com\/index.php\/wp-json\/wp\/v2\/posts\/29445\/revisions"}],"wp:featuredmedia":[{"embeddable":true,"href":"https:\/\/latecordoba.com\/index.php\/wp-json\/wp\/v2\/media\/29446"}],"wp:attachment":[{"href":"https:\/\/latecordoba.com\/index.php\/wp-json\/wp\/v2\/media?parent=29445"}],"wp:term":[{"taxonomy":"category","embeddable":true,"href":"https:\/\/latecordoba.com\/index.php\/wp-json\/wp\/v2\/categories?post=29445"},{"taxonomy":"post_tag","embeddable":true,"href":"https:\/\/latecordoba.com\/index.php\/wp-json\/wp\/v2\/tags?post=29445"}],"curies":[{"name":"wp","href":"https:\/\/api.w.org\/{rel}","templated":true}]}}