{"id":29439,"date":"2024-11-23T12:00:00","date_gmt":"2024-11-23T12:00:00","guid":{"rendered":"https:\/\/www.iprofesional.com\/politica\/417639-elecciones-uruguay-por-que-temen-que-izquierda-se-argentinice"},"modified":"2024-11-23T12:00:00","modified_gmt":"2024-11-23T12:00:00","slug":"uruguay-elige-presidente-en-una-campana-donde-la-acusacion-mas-grave-fue-la-de-parecerse-a-alberto-fernandez","status":"publish","type":"post","link":"https:\/\/latecordoba.com\/index.php\/2024\/11\/23\/uruguay-elige-presidente-en-una-campana-donde-la-acusacion-mas-grave-fue-la-de-parecerse-a-alberto-fernandez\/","title":{"rendered":"Uruguay elige presidente, en una campa\u00f1a donde la acusaci\u00f3n m\u00e1s grave fue la de parecerse a Alberto Fern\u00e1ndez"},"content":{"rendered":"\n<div class=\"media_block\"><img decoding=\"async\" src=\"http:\/\/latecordoba.com\/wp-content\/uploads\/2024\/11\/uruguay-elige-presidente-en-una-campana-donde-la-acusacion-mas-grave-fue-la-de-parecerse-a-alberto-fernandez.jpg\"><\/div>\n<div><img decoding=\"async\" src=\"http:\/\/latecordoba.com\/wp-content\/uploads\/2024\/11\/uruguay-elige-presidente-en-una-campana-donde-la-acusacion-mas-grave-fue-la-de-parecerse-a-alberto-fernandez.webp\" class=\"ff-og-image-inserted\"><\/div>\n<p>La palabra &#8220;argentinizaci\u00f3n&#8221; puede ser usada como sin\u00f3nimo de situaci\u00f3n positiva o de desastre, seg\u00fan qui\u00e9n la diga y en qu\u00e9 contexto. En Uruguay, por ejemplo, no hay dudas sobre c\u00f3mo interpretarla: siempre tiene un sentido negativo, porque est\u00e1 asociada a la idea de crisis econ\u00f3mica, conflictividad pol\u00edtica y excesos de todo tipo. Es por eso que, cuando un pol\u00edtico uruguayo quiere criticar a otro, una de las formas m\u00e1s efectivas es <a href=\"https:\/\/www.iprofesional.com\/politica\/415950-uruguay-puede-perder-confianza-del-mercado-segun-resultado-plebiscito-clave\" target=\"_blank\" rel=\"noopener noreferrer\">acusarlo de estar influenciado por el estilo de la pol\u00edtica argentina<\/a>.\n<\/p>\n<p>La campa\u00f1a electoral que acaba de terminar no fue la excepci\u00f3n. Este domingo se vota en la segunda vuelta, y<strong> el candidato oficialista, \u00c1lvaro Delgado<\/strong> -a quien las encuestas asignan una leve desventaja respecto <a href=\"https:\/\/www.iprofesional.com\/internacional\/416002-uruguay-yamandu-orsi-se-impuso-en-elecciones-pero-habra-balotaje-con-alvaro-delgado\" target=\"_blank\" rel=\"noopener noreferrer\">del opositor Yamand\u00fa Orsi<\/a>&#8211; decidi\u00f3 jugar una \u00faltima carta para captar los votos de los indecisos:<span> dijo que si gana Orsi, sufrir\u00e1 el <strong>s\u00edndrome de Alberto Fern\u00e1ndez<\/strong>, porque no podr\u00e1 realmente contar con un margen para autonom\u00eda para gobernar.<\/span>\n<\/p>\n<p>Orsi es el <strong>postulante por el Frente Amplio<\/strong>, que viene de cinco a\u00f1os de oposici\u00f3n tras haber sido gobierno en tres per\u00edodos consecutivos -dos veces con Tabar\u00e9 V\u00e1zquez y una con Jos\u00e9 Mujica-. Seg\u00fan Delgado, a Orsi, que representa la facci\u00f3n m\u00e1s moderada de la coalici\u00f3n de izquierda, le faltar\u00e1 autoridad para imponerse a la estructura partidaria del Frente, <strong>donde el mayor poder se basa en el ala izquierdista y en la central sindical PIT-CNT.<\/strong>\n<\/p>\n<p>&#8220;El Movimiento de Participaci\u00f3n Popular (MPP) se qued\u00f3 con todo, el 75% al 80% del Frente Amplio, y a eso hay que sumarle el Partido Comunista, el Partido Socialista, el Frente Amplio se vaci\u00f3 de centro pol\u00edtico. Ya empezaron a mostrar por d\u00f3nde va el talante. El FA tiene una debilidad, que no tiene los cortafuegos que ten\u00eda&#8221;, dijo Delgado. Y aludi\u00f3 expresamente a que los fallecidos <strong>Tabar\u00e9 V\u00e1zquez y Danilo Astori<\/strong> eran los l\u00edderes moderados que contrapesaban a los sectores m\u00e1s radicales.\n<\/p>\n<p><span>&#8220;Ahora vamos a un FA donde es muy probable, lo digo con respecto y afecto a Yamand\u00fa, que pase a un escenario parecido al de Alberto Fern\u00e1ndez en Argentina. Seguramente ser\u00e1 el que firma pero no el que manda, no el que decide, va a decidir la barra que lo condiciona todo el tiempo&#8221;<\/span>, acus\u00f3 el candidato oficialista.\n<\/p>\n<h2>Elecciones en Uruguay: las dudas sobre el margen de gobernabilidad<\/h2>\n<p>Por cierto, no es que en Uruguay haya <strong>una figura equivalente a Cristina Kirchner<\/strong> ni que la candidatura de Yamand\u00fa Orsi haya sido decidida &#8220;a dedo&#8221; por la candidata a vicepresidente, Carolina Cosse. Por el contrario, ambos compitieron en una interna y Orsi, que era intendente de Canelones,<strong> derrot\u00f3 en las urnas a Cosse<\/strong>, que era su colega en Montevideo y cultiva un perfil m\u00e1s volcado a la izquierda dura.\n<\/p>\n<p><span>Sin embargo, la acusaci\u00f3n de Delgado levant\u00f3 polvareda, y en el Frente Amplio salieron a contestar, en una t\u00e1cita demostraci\u00f3n de que cualquier comparaci\u00f3n con el caso argentino genera inquietud en el electorado uruguayo.<\/span>\n<\/p>\n<p>No hubo dudas sobre lo que Delgado quiso expresar al mencionar la comparaci\u00f3n con Alberto Fern\u00e1ndez. En Uruguay se sigue de cerca la pol\u00edtica argentina, y todos saben cu\u00e1les fueron los problemas de <strong>sabotaje interno y desautorizaciones p\u00fablicas<\/strong> que sufri\u00f3 el expresidente en su dif\u00edcil convivencia con el kirchnerismo.\n<\/p>\n<p>Y es exactamente esa falta de autonom\u00eda la duda que Delgado quiso instalar respecto de Orsi. Por eso,<strong> marc\u00f3 las contradicciones<\/strong> entre las declaraciones del candidato izquierdista y los postulados de la dirigencia partidaria en temas sensibles, que van desde <strong>la falta de condena al fraude electoral venezolano<\/strong> hasta la pol\u00edtica impositiva que regir\u00eda en un gobierno frenteamplista.\n<\/p>\n<p>Delgado record\u00f3 que <strong>mientras Orsi promueve un Tratado de Libre Comercio con China<\/strong>, su eventual ministro de econom\u00eda, <strong>Gabriel Oddone<\/strong>, dijo que ese tema no era una prioridad para Uruguay. <span>Tambi\u00e9n trajo a colaci\u00f3n que mientras Orsi asegura que no habr\u00e1 aumentos de impuestos, en las bases program\u00e1ticas del Frente se menciona la necesidad de reformar el sistema tributario, con mayores grav\u00e1menes al capital, el patrimonio y la renta.<\/span>\n<\/p>\n<h2>Reforma jubilatoria con &#8220;influencia kirchnerista&#8221;<\/h2>\n<p>Y, acaso el ejemplo m\u00e1s contundente de esas contradicciones, <span>Orsi estuvo en contra de un plebiscito impulsado por los sindicalistas del PIT CNT que pretend\u00eda reestatizar el sistema jubilatorio <\/span>-y que fue rechazado en la votaci\u00f3n de primera vuelta-.\n<\/p>\n<p>En Uruguay rige, desde los a\u00f1os \u201990, un sistema mixto, en el que parte de la masa de aportes jubilatorios es gestionada por las Administradoras de Fondos de Aportes Previsionales (AFAP), inspiradas en el modelo chileno, y con cierta similitud con las AFJP de Argentina.\n<\/p>\n<p>El presidente <a href=\"https:\/\/www.iprofesional.com\/actualidad\/381048-uruguay-aprueban-reforma-previsional-y-se-eleva-edad-jubilatoria\" target=\"_blank\" rel=\"noopener noreferrer\">Luis Lacalle Pou impuls\u00f3 una reforma que aument\u00f3 la edad jubilatoria <\/a>en un r\u00e9gimen progresivo. As\u00ed, para quienes hoy tienen 47 a\u00f1os, ya regir\u00e1 la nueva edad de retiro a los 65 a\u00f1os. Adem\u00e1s, la reforma permite que los jubilados puedan, simult\u00e1neamente, seguir trabajando para complementar su ingreso.\n<\/p>\n<p>El ala izquierda del Frente Amplio propuso que se volviera a un r\u00e9gimen estatal en el que desapareciera el concepto de &#8220;lucro&#8221; vinculado a la seguridad social, lo que implicaba <strong>la disoluci\u00f3n de las AFAP<\/strong>. Orsi, para no enfrentarse con la c\u00fapula sindical, dijo que dejaba &#8220;en libertad de acci\u00f3n&#8221; a los militantes, pero era evidente su desacuerdo. M\u00e1s expl\u00edcito a\u00fan, Jos\u00e9 Mujica advirti\u00f3 que esa propuesta ten\u00eda&nbsp;<strong>el potencial de generar &#8220;un caos&#8221;<\/strong>.\n<\/p>\n<p>Lo cierto es que no pocos vieron all\u00ed una influencia argentina. Uno de los m\u00e1s expl\u00edcitos al respecto fue el dos veces presidente <strong>Julio Mar\u00eda Sanguinetti,<\/strong> que suele ser frecuentemente convocado para conferencias y entrevistas en Argentina.\n<\/p>\n<p><span>&#8220;Que ac\u00e1 hagamos lo que hizo el kirchnerismo en 2008 es funesto. Para la dimensi\u00f3n econ\u00f3mica del Uruguay, si para cualquier pa\u00eds vale la credibilidad para nosotros vale el triple. El Uruguay vive de la confianza, vive de la estabilidad&#8221;<\/span>, dijo Sanguinetti.\n<\/p>\n<p>Por m\u00e1s que la iniciativa haya sido rechazada, qued\u00f3 instalado <strong>el antecedente de una c\u00fapula partidaria que tiene una diferencia conceptual con su propio candidato<\/strong> a presidente en un tema como el jubilatorio, que en Uruguay es hipersensible: con una baja tasa de natalidad y poblaci\u00f3n envejecida, los beneficiarios del sistema previsional son 22% de la poblaci\u00f3n. En comparaci\u00f3n, Argentina tiene un18% de pasivos.\n<\/p>\n<h2>El fantasma de la argentinizaci\u00f3n<\/h2>\n<p>En los \u00faltimos d\u00edas de la campa\u00f1a, uno de los temas de debate preferidos entre los programas de an\u00e1lisis pol\u00edtico fue<strong> si hab\u00eda sido una estrategia efectiva<\/strong>, por parte de Delgado, la de agitar el fantasma de una &#8220;argentinizaci\u00f3n&#8221; de un eventual gobierno de Orsi.\n<\/p>\n<p><span>No hay consenso en el sentido de que pueda ser un argumento que incida sobre la intenci\u00f3n de voto, pero todos indican que tuvo cierta astucia en cuanto a se\u00f1alar una de las debilidades del Frente Amplio, que es la frecuente generaci\u00f3n de discusiones y fisuras internas.<\/span>\n<\/p>\n<p><strong>&#8220;Nosotros ofrecemos certezas&#8221;,<\/strong> fue una de las frases m\u00e1s repetidas por Delgado, para marcar diferencias.\n<\/p>\n<p>Y hay coincidencia en que la sola menci\u00f3n a la situaci\u00f3n del gobierno peronista es percibida por el electorado uruguayo como una acusaci\u00f3n pesada. Con<strong> una inflaci\u00f3n de apenas 5% anual,<\/strong> el salario en d\u00f3lares m\u00e1s alto de la regi\u00f3n y <strong>una econom\u00eda creciendo al 3%<\/strong>, cualquier votante uruguayo se espanta al ver los indicadores de Argentina, donde es motivo de festejo una inflaci\u00f3n de 3% mensual y un \u00edndice de riesgo pa\u00eds diez veces mayor al de la deuda uruguaya.\n<\/p>\n<p>Acaso una de las pruebas de que la comparaci\u00f3n con Argentina genera inquietud la haya dado<a href=\"https:\/\/www.iprofesional.com\/politica\/390902-mujica-volvio-a-apuntar-contra-milei-es-una-bomba-de-tiempo\" target=\"_blank\" rel=\"noopener noreferrer\"> el ex presidente Pepe Mujica<\/a>, calific\u00f3 a la estrategia de Delgado como &#8220;un bolazo&#8221;.\n<\/p>\n<p><span>&#8220;Primero que Uruguay no es Argentina; hay grandes diferencias. Est\u00e1 diciendo absolutamente bolazos porque nosotros fuimos gobierno y no pas\u00f3 eso, as\u00ed que no joda&#8221;<\/span>, fue la expresiva definici\u00f3n de Mujica, que compar\u00f3 la estrategia de Delgado con la de la derecha de los a\u00f1os \u201970, &#8220;cuando asustaban a las viejas diciendo que \u00edbamos a llevar a los chiquilines a la Uni\u00f3n Sovi\u00e9tica&#8221;.\n<\/p>\n<p>Lo cierto es que el recurso de mostrar situaciones argentinas para desacreditar a un rival pol\u00edtico no es nuevo. De hecho, uno de los argumentos preferidos de la izquierda en las elecciones de 2019 era <strong>comparar al entonces candidato opositor Luis Lacalle Pou con Mauricio Macri<\/strong>, que sufr\u00eda una espiral inflacionaria y un desplome de la actividad. Parad\u00f3jicamente, en aquel momento al Frente Amplio no le incomodaba la comparaci\u00f3n con Alberto Fern\u00e1ndez, que acababa de ganar la elecci\u00f3n de la vecina orilla, con la promesa de estabilizar la econom\u00eda.<\/p>\n","protected":false},"excerpt":{"rendered":"\n<div class=\"media_block\"><img decoding=\"async\" src=\"http:\/\/latecordoba.com\/wp-content\/uploads\/2024\/11\/uruguay-elige-presidente-en-una-campana-donde-la-acusacion-mas-grave-fue-la-de-parecerse-a-alberto-fernandez.jpg\"><\/div>\n<p> El oficialista \u00c1lvaro Delgado llega con desventaja y dice que si gana el izquierdista Yamand\u00fa Orsi sufrir\u00e1 el s\u00edndrome de Alberto, con firma pero sin poder <iframe width=\"0\" height=\"0\" border=\"0\"> <script> (function(i,s,o,g,r,a,m){i['GoogleAnalyticsObject']=r;i[r]=i[r]||function(){ (i[r].q=i[r].q||[]).push(arguments)},i[r].l=1*new Date();a=s.createElement(o), m=s.getElementsByTagName(o)[0];a.async=1;a.src=g;m.parentNode.insertBefore(a,m) })(window,document,'script','https:\/\/www.google-analytics.com\/analytics.js','ga'); ga('create', 'GTM-5LW5KQD', 'auto'); ga('require', 'displayfeatures'); ga('set', 'campaignSource', 'RSS Client for iProfesional'); ga('set', 'campaignMedium', 'RSS Client for iProfesional'); ga('set', {\"dataSource\": \"rss.atom.iprofesional.com\"}); ga('set', {\"referrer\": \"rss.atom.iprofesional.com\"}); ga('set', 'title', 'RSS Client for iProfesional'); ga('send', 'pageview'); <\/script> <!-- Begin comScore Tag --> <script> var _comscore = _comscore || []; _comscore.push({ c1: \"2\", c2: \"16597048\" }); (function() { var s = document.createElement(\"script\"), el = document.getElementsByTagName(\"script\")[0]; s.async = true; s.src = \"https:\/\/sb.scorecardresearch.com\/cs\/16597048\/beacon.js\"; el.parentNode.insertBefore(s, el); })(); <\/script> <noscript> <img decoding=\"async\" src=\"http:\/\/latecordoba.com\/wp-content\/uploads\/2024\/11\/uruguay-elige-presidente-en-una-campana-donde-la-acusacion-mas-grave-fue-la-de-parecerse-a-alberto-fernandez.gif\"> <\/noscript> <!-- End comScore Tag --> <\/iframe> <iframe border=\"0px\" style=\"display: none\" width=0 height=0 src=\"https:\/\/www.iprofesional.com\/ga4.html?gtag_id=G-N13KWJP8BK&amp;title=Uruguay elige presidente, en una campa\u00f1a donde la acusaci\u00f3n m\u00e1s grave fue la de parecerse a Alberto Fern\u00e1ndez&amp;location=https:\/\/www.iprofesional.com\/politica\/417639-elecciones-uruguay-por-que-temen-que-izquierda-se-argentinice&amp;referrer=rss.atom.iprofesional.com&amp;ci=RSS Client for iProfesional&amp;cs=RSS Client for iProfesional&amp;cm=RSS&amp;cn=RSS Client for iProfesional&amp;cc=RSS Client for iProfesional\"><\/iframe>  <\/p>\n","protected":false},"author":1,"featured_media":29440,"comment_status":"closed","ping_status":"closed","sticky":false,"template":"","format":"standard","meta":[],"categories":[18],"tags":[],"_links":{"self":[{"href":"https:\/\/latecordoba.com\/index.php\/wp-json\/wp\/v2\/posts\/29439"}],"collection":[{"href":"https:\/\/latecordoba.com\/index.php\/wp-json\/wp\/v2\/posts"}],"about":[{"href":"https:\/\/latecordoba.com\/index.php\/wp-json\/wp\/v2\/types\/post"}],"author":[{"embeddable":true,"href":"https:\/\/latecordoba.com\/index.php\/wp-json\/wp\/v2\/users\/1"}],"replies":[{"embeddable":true,"href":"https:\/\/latecordoba.com\/index.php\/wp-json\/wp\/v2\/comments?post=29439"}],"version-history":[{"count":0,"href":"https:\/\/latecordoba.com\/index.php\/wp-json\/wp\/v2\/posts\/29439\/revisions"}],"wp:featuredmedia":[{"embeddable":true,"href":"https:\/\/latecordoba.com\/index.php\/wp-json\/wp\/v2\/media\/29440"}],"wp:attachment":[{"href":"https:\/\/latecordoba.com\/index.php\/wp-json\/wp\/v2\/media?parent=29439"}],"wp:term":[{"taxonomy":"category","embeddable":true,"href":"https:\/\/latecordoba.com\/index.php\/wp-json\/wp\/v2\/categories?post=29439"},{"taxonomy":"post_tag","embeddable":true,"href":"https:\/\/latecordoba.com\/index.php\/wp-json\/wp\/v2\/tags?post=29439"}],"curies":[{"name":"wp","href":"https:\/\/api.w.org\/{rel}","templated":true}]}}