{"id":29435,"date":"2024-11-23T13:10:27","date_gmt":"2024-11-23T13:10:27","guid":{"rendered":"https:\/\/elnoticierodigital.com.ar\/?p=2300210"},"modified":"2024-11-23T13:10:27","modified_gmt":"2024-11-23T13:10:27","slug":"cuanto-le-crecio-la-panza-a-juariu-a-los-8-meses-de-embarazo","status":"publish","type":"post","link":"https:\/\/latecordoba.com\/index.php\/2024\/11\/23\/cuanto-le-crecio-la-panza-a-juariu-a-los-8-meses-de-embarazo\/","title":{"rendered":"Cu\u00e1nto le creci\u00f3 la panza a Juariu a los 8 meses de embarazo"},"content":{"rendered":"<p> <!-- image --><\/p>\n<div class=\"td-post-featured-image\"><a href=\"https:\/\/i0.wp.com\/elnoticierodigital.com.ar\/wp-content\/uploads\/2024\/11\/2300210.jpg?fit=1200%2C630&amp;ssl=1\" data-caption><img decoding=\"async\" loading=\"lazy\" width=\"696\" height=\"365\" class=\"entry-thumb td-modal-image\" src=\"http:\/\/latecordoba.com\/wp-content\/uploads\/2024\/11\/cuanto-le-crecio-la-panza-a-juariu-a-los-8-meses-de-embarazo.jpg\" srcset=\"http:\/\/latecordoba.com\/wp-content\/uploads\/2024\/11\/cuanto-le-crecio-la-panza-a-juariu-a-los-8-meses-de-embarazo-1.jpg 1200w, http:\/\/latecordoba.com\/wp-content\/uploads\/2024\/11\/cuanto-le-crecio-la-panza-a-juariu-a-los-8-meses-de-embarazo-2.jpg 300w, http:\/\/latecordoba.com\/wp-content\/uploads\/2024\/11\/cuanto-le-crecio-la-panza-a-juariu-a-los-8-meses-de-embarazo-3.jpg 1024w, http:\/\/latecordoba.com\/wp-content\/uploads\/2024\/11\/cuanto-le-crecio-la-panza-a-juariu-a-los-8-meses-de-embarazo-4.jpg 768w, http:\/\/latecordoba.com\/wp-content\/uploads\/2024\/11\/cuanto-le-crecio-la-panza-a-juariu-a-los-8-meses-de-embarazo-5.jpg 150w, http:\/\/latecordoba.com\/wp-content\/uploads\/2024\/11\/cuanto-le-crecio-la-panza-a-juariu-a-los-8-meses-de-embarazo.jpg 696w, https:\/\/i0.wp.com\/elnoticierodigital.com.ar\/wp-content\/uploads\/2024\/11\/2300210.jpg?resize=1068%2C561&amp;ssl=1 1068w\" sizes=\"(max-width: 696px) 100vw, 696px\" alt title=\"2300210\"><\/a><\/div>\n<p> <!-- content --><\/p>\n<article readability=\"39\">Tras dar el anuncio de que se encuentra embarazada, Juariu se encarg\u00f3 de exponer en sus redes sociales todo este proceso que est\u00e1 transitando para que sus seguidores puedan acompa\u00f1arla. Es por eso que ahora mostr\u00f3 c\u00f3mo se encuentra su pancita con 8 meses de gestaci\u00f3n.<\/p>\n<p>El hecho de comunicar su embarazo en Cort\u00e1 Por Lozano es lo que incentiv\u00f3 a Juariu a exponer todo lo que est\u00e1 viviendo mientras aguarda por la llegada de su beb\u00e9. En este caso, cont\u00f3 que ya se encuentra transitando la semana n\u00famero 33 de gestaci\u00f3n, por lo que cada vez falta menos para la llegada de su beb\u00e9.<\/p>\n<p>En este contexto, la influencer mostr\u00f3 algunas im\u00e1genes de c\u00f3mo se encuentra su pancita de embarazada. Es por eso que brome\u00f3 al respecto y cont\u00f3 cu\u00e1l es el tama\u00f1o que est\u00e1 teniendo el hijo que lleva en su vientre.<\/p>\n<p>Sucede que Juariu compar\u00f3 a su beb\u00e9 con una fruta tropical para poder contarle a sus seguidores cu\u00e1l es el tama\u00f1o de su peque\u00f1o. \u201cSe dice por ah\u00ed que en las 33 semanas est\u00e1s gestando un anan\u00e1\u201d, lanz\u00f3 entre risas para demostrar lo que est\u00e1 viviendo y todo lo que significa para ella llevar este embarazo que ya transita por el octavo mes.<\/p>\n<p>COMO SE LLAMARA EL BEBE DE JUARIU<\/p>\n<p>Teniendo en cuenta que ya falta poco para finalmente tenerlo en brazos, Juariu se anim\u00f3 a hablar sobre los posibles nombres que tiene pensado para su hijo junto a su pareja. Si bien no quiso dar pistas, asegur\u00f3 que en la intimidad de la pareja saben que hay dos grandes posibilidades.<\/p>\n<p>Todo comenz\u00f3 cuando una usuaria de Instagram aprovech\u00f3 que abri\u00f3 la cajita de preguntas para consultar al respecto: \u201c\u00bfC\u00f3mo se va a llamar tu beb\u00e9?\u201d. M\u00e1s all\u00e1 de la pregunta no quiso dar una revelaci\u00f3n concreta.<\/p>\n<p>Es por eso que lanz\u00f3 en enigm\u00e1tico: \u201cSabemos porque estamos entre dos nombres, pero un d\u00eda es m\u00e1s uno y al otro no s\u00e9. Pobre. Por momentos digo que cuando nazca y le veamos la cara vamos a saber, por el otro digo que no, que hay que saberlo antes. Estamos entre dos nombres y un poco indecisos, pero va tirando m\u00e1s para un lado. Creo\u201d.<\/p>\n<\/article>\n<p>Fuente: <a href=\"https:\/\/www.paparazzi.com.ar\/looks\/juariu-entro-en-el-ultimo-mes-de-su-embarazo-y-mostro-cuanto-le-crecio-la-panza\/\">https:\/\/www.paparazzi.com.ar\/<\/a><\/p>\n","protected":false},"excerpt":{"rendered":"<p> Tras dar el anuncio de que se encuentra embarazada, Juariu se encarg\u00f3 de exponer en sus redes sociales todo este proceso que est\u00e1 transitando para que sus seguidores puedan acompa\u00f1arla. Es por eso que ahora mostr\u00f3 c\u00f3mo se encuentra su pancita con 8 meses de gestaci\u00f3n. El hecho de comunicar su embarazo en Cort\u00e1 Por [&#8230;]  <\/p>\n","protected":false},"author":1,"featured_media":29436,"comment_status":"closed","ping_status":"closed","sticky":false,"template":"","format":"standard","meta":[],"categories":[14],"tags":[],"_links":{"self":[{"href":"https:\/\/latecordoba.com\/index.php\/wp-json\/wp\/v2\/posts\/29435"}],"collection":[{"href":"https:\/\/latecordoba.com\/index.php\/wp-json\/wp\/v2\/posts"}],"about":[{"href":"https:\/\/latecordoba.com\/index.php\/wp-json\/wp\/v2\/types\/post"}],"author":[{"embeddable":true,"href":"https:\/\/latecordoba.com\/index.php\/wp-json\/wp\/v2\/users\/1"}],"replies":[{"embeddable":true,"href":"https:\/\/latecordoba.com\/index.php\/wp-json\/wp\/v2\/comments?post=29435"}],"version-history":[{"count":0,"href":"https:\/\/latecordoba.com\/index.php\/wp-json\/wp\/v2\/posts\/29435\/revisions"}],"wp:featuredmedia":[{"embeddable":true,"href":"https:\/\/latecordoba.com\/index.php\/wp-json\/wp\/v2\/media\/29436"}],"wp:attachment":[{"href":"https:\/\/latecordoba.com\/index.php\/wp-json\/wp\/v2\/media?parent=29435"}],"wp:term":[{"taxonomy":"category","embeddable":true,"href":"https:\/\/latecordoba.com\/index.php\/wp-json\/wp\/v2\/categories?post=29435"},{"taxonomy":"post_tag","embeddable":true,"href":"https:\/\/latecordoba.com\/index.php\/wp-json\/wp\/v2\/tags?post=29435"}],"curies":[{"name":"wp","href":"https:\/\/api.w.org\/{rel}","templated":true}]}}