{"id":29433,"date":"2024-11-23T00:53:16","date_gmt":"2024-11-23T00:53:16","guid":{"rendered":"http:\/\/54a26ad0750f13672603ef2d3d882fe5"},"modified":"2024-11-23T00:53:16","modified_gmt":"2024-11-23T00:53:16","slug":"el-pro-y-la-ucr-tensiona-la-negociacion-por-el-presupuesto-de-kicillof-asi-como-esta-no-sale","status":"publish","type":"post","link":"https:\/\/latecordoba.com\/index.php\/2024\/11\/23\/el-pro-y-la-ucr-tensiona-la-negociacion-por-el-presupuesto-de-kicillof-asi-como-esta-no-sale\/","title":{"rendered":"El PRO y la UCR tensiona la negociaci\u00f3n por el presupuesto de Kicillof: &#8220;as\u00ed como est\u00e1 no sale&#8221;"},"content":{"rendered":"\n<div class=\"media_block\"><img decoding=\"async\" src=\"http:\/\/latecordoba.com\/wp-content\/uploads\/2024\/11\/el-pro-y-la-ucr-tensiona-la-negociacion-por-el-presupuesto-de-kicillof-asi-como-esta-no-sale.jpg\"><\/div>\n<p>La negociaci\u00f3n por el presupuesto de Axel Kicillof se complica. El PRO y la UCR mantuvieron una reuni\u00f3n breve y tensa con el ministro de Econom\u00eda, Pablo L\u00f3pez. All\u00ed dejaron claro que tal como est\u00e1 redactada no van a acompa\u00f1ar la Ley Fiscal.<\/p>\n<p>El gobierno convoc\u00f3 en la sede del ministerio a los legisladores. Se armaron reuniones separadas de acuerdo a la cercan\u00eda con el gobierno. L\u00f3pez y un grupo de legisladores del peronismo los esperaron con un power point que el ministro ni siquiera pudo empezar a proyectar.<\/p>\n<p>Es que los senadores y diputados del PRO y el radicalismo llevaron una postura com\u00fan: plantearon que el paquete de leyes del presupuesto no se aprueba si no se incluyen cambios en la ley que define la suba de impuestos para el a\u00f1o pr\u00f3ximo.<\/p>\n<p>Como adelant\u00f3 LPO, ese sector de la oposici\u00f3n quiere quitarle todas las discrecionalidades que se incluyeron en la Ley Fiscal. La postura tiene que ver con la votaci\u00f3n del a\u00f1o pasado cuando la oposici\u00f3n dej\u00f3 pasar la letra chica de esa ley que posibilit\u00f3 a Kicillof modificar luego coeficientes y al\u00edcuotas a discreci\u00f3n.<\/p>\n<p><a href=\"https:\/\/www.lapoliticaonline.com\/tools\/redirect.php?t=3&amp;i=304013&amp;s=ae2171cfdcc9be954964b201eb689339\" class=\"link-type-content content-type-noticia-ar\">El PRO y un sector de la UCR quieren quitarle a Kicillof todas las discrecionalidades del presupuesto<\/a><\/p>\n<p>Eso dispar\u00f3 algunos impuestos muy por encima de lo pautado en la ley, entre ellos el Impuesto Inmobiliario Rural. Por caso, los productores denunciaron en noviembre que la cuota 4 de ese tributo lleg\u00f3 con un aumento del 100% con respecto a la cuota 3, acumulando durante el a\u00f1o una suba de m\u00e1s del 300%.<\/p>\n<p>Pero adem\u00e1s hubo otra advertencia no menor: no habr\u00e1 negociaci\u00f3n posible hasta tanto el gobierno de Kicillof pague la cuarta cuota del fondo para obras acordado en diciembre pasado. &#8220;No podemos negociar 2025, si no se cumple lo acordado para este a\u00f1o. Es una cuesti\u00f3n b\u00e1sica&#8221;, dicen.<\/p>\n<figure class=\"vsmimage\" contenteditable=\"false\"><img decoding=\"async\" loading=\"lazy\" alt=\"Diego Garciarena.\" data-vsmid=\"241607\" data-owidth=\"4928\" data-oheight=\"3280\" src=\"data:image\/png;base64,iVBORw0KGgoAAAANSUhEUgAAAx4AAAIOAQMAAAAMVUlSAAAAA1BMVEUAAACnej3aAAAAAXRSTlMAQObYZgAAAElJREFUeJztwQEBAAAAgiD\/r25IQAEAAAAAAAAAAAAAAAAAAAAAAAAAAAAAAAAAAAAAAAAAAAAAAAAAAAAAAAAAAAAAAAAAAPBjz4YAAXoxaWgAAAAASUVORK5CYII=\" vsmidos=\"1\" vsmsrc=\"\/files\/image\/241\/241607\/674128a900444_798_526!.jpg?s=d6820895f9b603d364a18c1ad0d45b98&amp;d=1732323500\" width=\"798\" height=\"526\"><\/figure>\n<p>Se trata de la cuarta cuota del Fondo de Infraestructura Municipal (FIM), incluido en la negociaci\u00f3n del presupuesto de diciembre pasado. A diferencia de a\u00f1os anteriores -y en funci\u00f3n de la falta de transferencias del gobierno nacional- ese fondo este a\u00f1o s\u00f3lo estuvo afectado a la obra p\u00fablica, sino que eran de libre disponibilidad para los intendentes.<\/p>\n<p><a href=\"https:\/\/www.lapoliticaonline.com\/tools\/redirect.php?t=3&amp;i=303977&amp;s=e303372c6757bcd828b09ac116273bc1\" class=\"link-type-content content-type-noticia-ar\">Romo dice que no ley\u00f3 el presupuesto de Kicillof y le pidi\u00f3 ayuda a Caputo<\/a><\/p>\n<p>El PRO y el radicalismo que responde a Maximiliano Abad son los bloques que tomaron la postura m\u00e1s dura en la negociaci\u00f3n por el presupuesto.<\/p>\n<p>Esos bloques pegaron el faltazo la semana pasada a un asado en la residencia del presidente de Diputados donde el peronismo busc\u00f3 un acercamiento inicial con la oposici\u00f3n. All\u00ed estuvieron los bloques m\u00e1s dialoguistas como la UCR de Manes y los aliados que conduce incluso Agust\u00edn Romo, jefe del bloque de La Libertad Avanza.<\/p>\n<p>Ese sector de la oposici\u00f3n buscar\u00e1 plantear adem\u00e1s la duraci\u00f3n de las emergencias que Kicillof incluye en la negociaci\u00f3n del presupuesto. Se trata de las emergencias econ\u00f3mica, productiva, y energ\u00e9tica (Ley 15.165); emergencia en seguridad (14.806); emergencia en Infraestructura (Ley 14.812) y emergencia Administrativa (Ley 14.815).<\/p>\n<p>Estas emergencias suelen tener un plazo de un a\u00f1o y se discuten junto con el paquete de leyes que conforma la negociaci\u00f3n por el presupuesto. La idea del PRO es reducir el plazo de esas emergencias para forzar que el Ejecutivo deba enviar a mitad del a\u00f1o pr\u00f3ximo un nuevo pedido a los senadores y diputados.<\/p>\n<p>La diferencia es que para el per\u00edodo 2024 se le dio car\u00e1cter de libre disponibilidad, adem\u00e1s de que se trat\u00f3 de recursos no reembolsables. Entonces, muchos distritos lo usaron, por ejemplo, para pagar salarios de los trabajadores municipales, entre otros \u00edtems. <\/p>\n<p>Intendentes de diferentes espacios pol\u00edticos empezaron a moverse para que este 2025 tambi\u00e9n funcione el Fondo de Fortalecimiento Fiscal Municipal. Fue uno de los temas que tambi\u00e9n plantearon legisladores de la oposici\u00f3n en el marco de una reuni\u00f3n con el ministro de Econom\u00eda, Pablo L\u00f3pez, que se dio en este jueves en la sede del ministerio en La Plata.<\/p>\n","protected":false},"excerpt":{"rendered":"\n<div class=\"media_block\"><img decoding=\"async\" src=\"http:\/\/latecordoba.com\/wp-content\/uploads\/2024\/11\/el-pro-y-la-ucr-tensiona-la-negociacion-por-el-presupuesto-de-kicillof-asi-como-esta-no-sale.jpg\"><\/div>\n<p>Los legisladores tuvieron una tensa reuni\u00f3n con el ministro de Econom\u00eda. Reclaman pagos atrasados a los intendentes y deudas por IOMA.  <\/p>\n","protected":false},"author":1,"featured_media":29434,"comment_status":"closed","ping_status":"closed","sticky":false,"template":"","format":"standard","meta":[],"categories":[18],"tags":[],"_links":{"self":[{"href":"https:\/\/latecordoba.com\/index.php\/wp-json\/wp\/v2\/posts\/29433"}],"collection":[{"href":"https:\/\/latecordoba.com\/index.php\/wp-json\/wp\/v2\/posts"}],"about":[{"href":"https:\/\/latecordoba.com\/index.php\/wp-json\/wp\/v2\/types\/post"}],"author":[{"embeddable":true,"href":"https:\/\/latecordoba.com\/index.php\/wp-json\/wp\/v2\/users\/1"}],"replies":[{"embeddable":true,"href":"https:\/\/latecordoba.com\/index.php\/wp-json\/wp\/v2\/comments?post=29433"}],"version-history":[{"count":0,"href":"https:\/\/latecordoba.com\/index.php\/wp-json\/wp\/v2\/posts\/29433\/revisions"}],"wp:featuredmedia":[{"embeddable":true,"href":"https:\/\/latecordoba.com\/index.php\/wp-json\/wp\/v2\/media\/29434"}],"wp:attachment":[{"href":"https:\/\/latecordoba.com\/index.php\/wp-json\/wp\/v2\/media?parent=29433"}],"wp:term":[{"taxonomy":"category","embeddable":true,"href":"https:\/\/latecordoba.com\/index.php\/wp-json\/wp\/v2\/categories?post=29433"},{"taxonomy":"post_tag","embeddable":true,"href":"https:\/\/latecordoba.com\/index.php\/wp-json\/wp\/v2\/tags?post=29433"}],"curies":[{"name":"wp","href":"https:\/\/api.w.org\/{rel}","templated":true}]}}