{"id":29422,"date":"2024-11-22T01:19:00","date_gmt":"2024-11-22T01:19:00","guid":{"rendered":"https:\/\/www.eldiariodeturismo.com.ar\/?p=255503"},"modified":"2024-11-22T01:19:00","modified_gmt":"2024-11-22T01:19:00","slug":"roberto-amengual-y-la-satisfaccion-con-los-resultados-alcanzados-por-amerian-hoteles","status":"publish","type":"post","link":"https:\/\/latecordoba.com\/index.php\/2024\/11\/22\/roberto-amengual-y-la-satisfaccion-con-los-resultados-alcanzados-por-amerian-hoteles\/","title":{"rendered":"Roberto Amengual y la satisfacci\u00f3n con los resultados alcanzados por Am\u00e9rian Hoteles"},"content":{"rendered":"\n<p><strong>Am\u00e9rian Hoteles<\/strong>, la cadena hotelera nacida en cierra un exitoso a\u00f1o 2024 con muchas novedades y aperturas de propiedades de sus marcas <strong>Am\u00e9rian y M\u00e9rit<\/strong>.<\/p>\n<p>Actualmente cuenta con 23 hoteles en los principales destinos del pa\u00eds (con presencia en Buenos Aires, CABA, Catamarca, Chaco, C\u00f3rdoba, Mendoza, Misiones, Neuqu\u00e9n, Salta, Santa Cruz, Santa Fe, Santiago del Estero, Tucum\u00e1n) en Montevideo (Uruguay). Las \u00faltimas inauguraciones del 2024 fueron <strong>Am\u00e9rian R\u00edo IV, Am\u00e9rian Chacras de Coria<\/strong> y<strong> M\u00e9rit Parque Leloir<\/strong>, se encuentra en construcci\u00f3n <strong>Am\u00e9rian Jujuy<\/strong> (con apertura prevista en 2025) y se han firmado contratos para la incorporaci\u00f3n de<strong> M\u00e9rit Mendoza <\/strong>(2027),<strong> M\u00e9rit Carlos Paz Lago <\/strong>(verano 2024-2025) y <strong>Am\u00e9rian Bariloche <\/strong>(2028), sumando as\u00ed un nuevo destino tan relevante del turismo en la Patagonia Argentina.<\/p>\n<p>Junto a <strong>Roberto Amengual, Presidente de Am\u00e9rian Hoteles<\/strong>, compartimos la satisfacci\u00f3n del crecimiento sostenido de la cadena que persigue el objetivo de ser la m\u00e1s grande de Argentina con expansi\u00f3n al Mercosur.<\/p>\n<p><em>\u201cNos pone muy contentos el anuncio de la incorporaci\u00f3n de un hotel el Bariloche, una plaza donde todav\u00eda no ten\u00edamos ninguna oferta para nuestros hu\u00e9spedes. Sumamos un M\u00e9rit en Carlos Paz, un formato 3* que est\u00e1 pensado abrir antes de fin de a\u00f1o pues viene muy bien con los avances, terminando con unos temas de equipamiento. Y anunciamos nuestro tercer hotel en la provincia de Mendoza: este a\u00f1o abrimos Am\u00e9rian Chacras de Coria y est\u00e1 en proceso de construcci\u00f3n M\u00e9rit Mendoza\u201d,<\/em> expres\u00f3 <strong>Roberto Amengual.<\/strong><\/p>\n<p>Con una inmejorable ubicaci\u00f3n en el centro de la ciudad y sobre la calle Mitre,<strong> <em>\u201cAm\u00e9rian Bariloche<\/em><\/strong><em> ser\u00e1 un establecimiento que apunte al turismo alta gama, con 140 habitaciones de 40 m\u00b2 de superficie, tipo apart con cocina equipada. El hotel formar\u00e1 parte de un complejo m\u00faltiple donde actualmente se encuentra <strong>Del Turista,<\/strong> una de las chocolater\u00edas m\u00e1s ic\u00f3nicas de Bariloche y de Argentina, pues han comenzado un plan de expansi\u00f3n abriendo locales por todo el pa\u00eds. Adem\u00e1s contar\u00e1 con un gimnasio SportClub donde tendr\u00e1n acceso los hu\u00e9spedes, un Cowork, un supermercado y un establecimiento con capacidad para 155 veh\u00edculos. En la terraza del hotel estar\u00e1 el restaurante donde se servir\u00e1 tambi\u00e9n el desayuno y donde los hu\u00e9spedes podr\u00e1n disfrutar de las mejores vistas del lago Nahuel Huapi\u201d,<\/em> detall\u00f3 el presidente de <strong>Am\u00e9rian Hoteles.<\/strong><\/p>\n<p>Coment\u00f3 sobre otro destino indiscutido del turismo nacional como Villa Carlos Paz, en la provincia de C\u00f3rdoba. All\u00ed se encuentra <strong>Am\u00e9rian Carlos Paz Apart &amp; Suites<\/strong>, el primer hotel de cadena que se instal\u00f3 en 2013 en el centro de la villa tur\u00edstica. <em>\u201cEste hotel acompa\u00f1\u00f3 el proceso de crecimiento de Carlos Paz con los teatros, la costanera,&nbsp; y de la mano de este desarrollo se abre <strong>M\u00e9rit Carlos Paz<\/strong> en un formato m\u00e1s peque\u00f1o, con un hotel categor\u00eda 3*, con 33 habitaciones tipo apart con kitchenette. Tendr\u00e1 una terraza de 205 m\u00b2 al aire libre con una vista maravillosa del lago San Roque, y contar\u00e1 con sol\u00e1rium,&nbsp; piscina y tambi\u00e9n una &nbsp;pileta climatizada para los m\u00e1s peque\u00f1os dado que Carlos Paz es una plaza que apunta mucho al turismo recreacional de familia (algo que tambi\u00e9n se evidencia en el Am\u00e9rian Carlos Paz Apart &amp; Suites que tambi\u00e9n tiene habitaciones para familias)\u201d.<\/em><\/p>\n<p>Y en la provincia de Mendoza, la cadena hotelera est\u00e1 preparando su tercer establecimiento que ser\u00e1 en formato M\u00e9rit 3* superior. Dijo <strong>Amengual<\/strong>: <em>\u201cM\u00e9rit Mendoza <\/em><em>tendr\u00e1 4.000 m2, 115 habitaciones, una sala de reuniones y un restaurante en planta baja. Est\u00e1 emplazado frente al Hospital Central, en un complejo con consultorios m\u00e9dicos externos y estacionamiento para 90 plazas, por lo cual tendr\u00e1 una demanda no solo por turismo recreacional sino tambi\u00e9n m\u00e9dico\u201d.<\/em><\/p>\n<p>En el norte del pa\u00eds, <strong>Am\u00e9rian Hoteles<\/strong> est\u00e1 construyendo una propiedad en un nuevo destino para la cadena: <strong>Am\u00e9rian Jujuy<\/strong>. <em>\u201cEl proyecto est\u00e1 muy avanzado, el a\u00f1o que viene tendremos la inauguraci\u00f3n. Se trata de un condohotel, un complejo que est\u00e1 desarrollando la familia Villanueva y estamos muy contentos con la apertura en 2025\u201d.<\/em><\/p>\n<p>Pioneros, con <strong>M\u00e9rit Parque Leloir<\/strong> fueron los primeros en instalarse en un nuevo destino tur\u00edstico en la zona oeste del Gran Buenos Aires con un innovador formato de&nbsp;<strong>condo hotel<\/strong>, inaugurado a mediados de 2024. <em>\u201cEste a\u00f1o que no ha sido de los m\u00e1s f\u00e1ciles para atravesar, sin embargo lo hemos transitado con crecimiento y con buenas proyecciones, con satisfacci\u00f3n por los resultados que estamos alcanzando\u201d, <\/em>afirm\u00f3 el presidente de<strong> Am\u00e9rian Hoteles<\/strong>.<\/p>\n<p>Mencionamos con <strong>Roberto Amengual <\/strong>la celebraci\u00f3n del 25 aniversario de <strong>Jos\u00e9 Ramos, Director de Expansi\u00f3n de Am\u00e9rian Hoteles<\/strong>: <em>\u201cJos\u00e9 es &nbsp;una de las piezas clave para que Am\u00e9rian siga creciendo junto a todo el equipo que lo hace posible. Para nosotros es muy gratificante que haya gente que crece con nosotros, que nos acompa\u00f1a y que sigue con nosotros despu\u00e9s de tanto tiempo. Es una alegr\u00eda poder seguir compartiendo la cultura de Am\u00e9rian, que se vive a trav\u00e9s de todos nuestros colaboradores y que ellos la contagian a las nuevas personas que ingresan a la empresa\u201d. <\/em><\/p>\n<h4><em>&nbsp;<\/em><\/h4>\n<figure class=\"wp-block-embed is-type-video is-provider-youtube wp-block-embed-youtube wp-embed-aspect-16-9 wp-has-aspect-ratio\">\n<div class=\"wp-block-embed__wrapper\">\n<div class=\"fitvids-video\"><iframe loading=\"lazy\" title=\"Roberto Amengual, Amerian Hoteles \u2010 l Diario de Turismo 14-11-24 - Programa 551\" width=\"800\" height=\"450\" src=\"https:\/\/www.youtube.com\/embed\/J1vt3mXk1W0?feature=oembed\" frameborder=\"0\" allow=\"accelerometer; autoplay; clipboard-write; encrypted-media; gyroscope; picture-in-picture; web-share\" referrerpolicy=\"strict-origin-when-cross-origin\" allowfullscreen>[embedded content]<\/iframe><\/div>\n<\/div>\n<\/figure>\n<p><a href=\"https:\/\/www.amerian.com\/\" target=\"_blank\" rel=\"noopener\"><img loading=\"lazy\" decoding=\"async\" class=\"aligncenter wp-image-169201 size-full\" src=\"http:\/\/latecordoba.com\/wp-content\/uploads\/2024\/11\/roberto-amengual-y-la-satisfaccion-con-los-resultados-alcanzados-por-amerian-hoteles.jpg\" alt width=\"500\" height=\"281\" srcset=\"http:\/\/latecordoba.com\/wp-content\/uploads\/2024\/11\/roberto-amengual-y-la-satisfaccion-con-los-resultados-alcanzados-por-amerian-hoteles.jpg 500w, https:\/\/www.eldiariodeturismo.com.ar\/wp-content\/uploads\/2020\/03\/AMERIAN-HOTELES-16-9-300x169.jpg 300w\" sizes=\"auto, (max-width: 500px) 100vw, 500px\"><\/a><\/p>\n<p><strong><a href=\"https:\/\/radiotrendtopic.com.ar\/web\/\" target=\"_blank\" rel=\"noopener\"><img loading=\"lazy\" decoding=\"async\" class=\"size-full wp-image-215708 alignright\" src=\"http:\/\/latecordoba.com\/wp-content\/uploads\/2024\/11\/roberto-amengual-y-la-satisfaccion-con-los-resultados-alcanzados-por-amerian-hoteles-1.jpg\" alt width=\"208\" height=\"199\"><\/a>El Diar<\/strong><strong>io de&nbsp;Turismo Radio<\/strong>&nbsp;<strong>en Radio Trend Topic, pod\u00e9s escucharnos en vivo&nbsp;<\/strong><strong>en&nbsp;&nbsp;<a href=\"https:\/\/radiotrendtopic.com.ar\/web\/\" target=\"_blank\" rel=\"noopener\">radiotrendtopic.com.ar<\/a><\/strong><\/p>\n<p><strong>Programa 551 del 14 de noveimbre&nbsp;&nbsp;<\/strong><strong>de 2024<\/strong><\/p>\n","protected":false},"excerpt":{"rendered":"<p> Am\u00e9rian Hoteles, la cadena hotelera nacida en cierra un exitoso a\u00f1o 2024 con muchas novedades y aperturas de propiedades de  <\/p>\n","protected":false},"author":1,"featured_media":29423,"comment_status":"open","ping_status":"closed","sticky":false,"template":"","format":"standard","meta":[],"categories":[19],"tags":[],"_links":{"self":[{"href":"https:\/\/latecordoba.com\/index.php\/wp-json\/wp\/v2\/posts\/29422"}],"collection":[{"href":"https:\/\/latecordoba.com\/index.php\/wp-json\/wp\/v2\/posts"}],"about":[{"href":"https:\/\/latecordoba.com\/index.php\/wp-json\/wp\/v2\/types\/post"}],"author":[{"embeddable":true,"href":"https:\/\/latecordoba.com\/index.php\/wp-json\/wp\/v2\/users\/1"}],"replies":[{"embeddable":true,"href":"https:\/\/latecordoba.com\/index.php\/wp-json\/wp\/v2\/comments?post=29422"}],"version-history":[{"count":0,"href":"https:\/\/latecordoba.com\/index.php\/wp-json\/wp\/v2\/posts\/29422\/revisions"}],"wp:featuredmedia":[{"embeddable":true,"href":"https:\/\/latecordoba.com\/index.php\/wp-json\/wp\/v2\/media\/29423"}],"wp:attachment":[{"href":"https:\/\/latecordoba.com\/index.php\/wp-json\/wp\/v2\/media?parent=29422"}],"wp:term":[{"taxonomy":"category","embeddable":true,"href":"https:\/\/latecordoba.com\/index.php\/wp-json\/wp\/v2\/categories?post=29422"},{"taxonomy":"post_tag","embeddable":true,"href":"https:\/\/latecordoba.com\/index.php\/wp-json\/wp\/v2\/tags?post=29422"}],"curies":[{"name":"wp","href":"https:\/\/api.w.org\/{rel}","templated":true}]}}