{"id":29414,"date":"2024-11-22T14:00:00","date_gmt":"2024-11-22T14:00:00","guid":{"rendered":"https:\/\/www.iprofesional.com\/economia\/417613-3-factores-que-aseguran-dolar-barato-para-rato"},"modified":"2024-11-22T14:00:00","modified_gmt":"2024-11-22T14:00:00","slug":"los-3-factores-que-para-el-mercado-aseguran-un-dolar-barato-para-rato","status":"publish","type":"post","link":"https:\/\/latecordoba.com\/index.php\/2024\/11\/22\/los-3-factores-que-para-el-mercado-aseguran-un-dolar-barato-para-rato\/","title":{"rendered":"Los 3 factores que para el mercado aseguran un d\u00f3lar barato &#8220;para rato&#8221;"},"content":{"rendered":"\n<div class=\"media_block\"><img decoding=\"async\" src=\"http:\/\/latecordoba.com\/wp-content\/uploads\/2024\/11\/los-3-factores-que-para-el-mercado-aseguran-un-dolar-barato-para-rato.jpg\"><\/div>\n<div><img decoding=\"async\" src=\"http:\/\/latecordoba.com\/wp-content\/uploads\/2024\/11\/los-3-factores-que-para-el-mercado-aseguran-un-dolar-barato-para-rato.webp\" class=\"ff-og-image-inserted\"><\/div>\n<p>El <a href=\"https:\/\/www.iprofesional.com\/finanzas\/417614-el-factor-clave-que-le-permitira-a-luis-caputo-levantar-cepo-al-dolar\" target=\"_blank\" title=\" buen clima financiero local \" rel=\"noopener noreferrer\">buen clima financiero local <\/a>sigue fortaleciendo al<strong> peso argentino<\/strong>. Los analistas del mercado estiman que la tendencia se mantendr\u00e1 durante un tiempo m\u00e1s y descartan saltos devaluatorios en el corto y mediano plazo debido a la mayor solidez en las variables de la macroeconom\u00eda, aunque advierten que la apreciaci\u00f3n afectar\u00e1 a varios frentes.\n<\/p>\n<p>La fortaleza de la moneda local se refleja en el mercado cambiario.<a href=\"https:\/\/www.iprofesional.com\/finanzas\/417545-fin-del-cepo-al-dolar-depende-de-estas-3-condiciones-y-estan-por-concretarse\" target=\"_blank\" title=\" Las cotizaciones alternativas del d\u00f3lar \" rel=\"noopener noreferrer\"> Las cotizaciones alternativas del d\u00f3lar<\/a> acumulan fuertes ca\u00eddas en los \u00faltimos meses, por lo que l<span>a<strong> brecha respecto al tipo de cambio oficia<\/strong>l ya se encuentra en el nivel m\u00e1s bajo desde 2019<\/span>, previo al regreso de los controles cambiarios.\n<\/p>\n<p>En el \u00faltimo mes, los precios de los d\u00f3lares paralelos acumulan <strong>bajas de hasta 9%<\/strong>. Si se compara con el pico que marcaron a mediados de julio, la ca\u00edda nominal de la cotizaci\u00f3n es de 33% y la apreciaci\u00f3n de la moneda local es mucho mayor en t\u00e9rminos reales, teniendo en cuenta la inflaci\u00f3n acumulada durante este per\u00edodo.\n<\/p>\n<p>Con la ca\u00edda de la cotizaci\u00f3n del d\u00f3lar MEP, que en las \u00faltimas jornadas ha estado cotizando por debajo de los $1.100, la brecha respecto al tipo de cambio oficial mayorista se ubica en 7%, lo que es celebrado por el mercado financiero, que sigue esperando<strong> nuevos levantamientos de los controles cambiarios <\/strong>por parte del equipo econ\u00f3mico del Gobierno.\n<\/p>\n<h2>\u00bfPeso fuerte y d\u00f3lar barato para rato?<\/h2>\n<p>En los \u00faltimos 30 a\u00f1os, hubo cuatro momentos con el <a href=\"https:\/\/www.iprofesional.com\/finanzas\/417565-super-peso-podra-mantener-a-raya-al-dolar-frente-en-2025\" target=\"_blank\" title=\"tipo de cambio real tan bajo como ahora\" rel=\"noopener noreferrer\">tipo de cambio real tan bajo como ahora<\/a>: a finales de la convertibilidad, al final del segundo mandato de Cristina Kirchner (de cara al cambio de Gobierno), con la gesti\u00f3n de&nbsp;<strong>Mauricio Macri en 2017<\/strong> y en los \u00faltimos meses del gobierno de Alberto Fern\u00e1ndez (tras el triunfo electoral de Javier Milei).\n<\/p>\n<p><span>&#8220;Cada uno de estos episodios vino seguido de grandes devaluaciones del<strong> tipo de cambio oficia<\/strong>l. Sin embargo, quiz\u00e1s esta vez sea diferente&#8221;<\/span>, resaltan los analistas de la consultora 1816.\n<\/p>\n<p>En ese sentido, se\u00f1alan la combinaci\u00f3n de tres factores actuales que &#8220;obligan a tomar en serio la posibilidad de que el ciclo de tipo de cambio real apreciado pueda extenderse durante un tiempo&#8221;:\n<\/p>\n<ol>\n<li>El <strong>super\u00e1vit fiscal<\/strong>, algo que no estaba presente en ninguno de los cuatro momentos mencionados.<\/li>\n<li>El potencial del complejo de <strong>Vaca Muerta<\/strong>, que pronto generar\u00e1 el ingreso de divisas por exportaciones de m\u00e1s de<strong> u$s15.000 millones por a\u00f1o.<\/strong><\/li>\n<li>Los<strong> d\u00f3lares del blanqueo de capitales<\/strong>, que sirven como &#8220;puente&#8221; en 2025, aportando los fondos en el corto plazo para ayudar a cubrir parte de los vencimientos de deuda en moneda extranjera.<\/li>\n<\/ol>\n<p>El equipo de research de Portfolio Personal Inversiones coincide en que est\u00e1n dadas las condiciones para que la din\u00e1mica de la<strong> brecha cambiaria<\/strong> se prolongue por un tiempo y afirma que las expectativas devaluatorias est\u00e1n ancladas, lo cual es clave para consolidar la desaceleraci\u00f3n de la inflaci\u00f3n, prioridad para las elecciones legislativas que se realizar\u00e1n el pr\u00f3ximo a\u00f1o.\n<\/p>\n<p>&#8220;Sin perspectivas devaluatorias (de unificaci\u00f3n) a la vista y un registro hist\u00f3rico de corto plazo que no premi\u00f3 la tenencia de d\u00f3lares f\u00edsicos a los ahorristas, las<strong> tasas fijas en pesos siguen siendo demandadas por el mercado<\/strong>, a la par que vemos esta evoluci\u00f3n bajista de los tipos de cambio&#8221;, agregan los analistas de Aurum Valores.\n<\/p>\n<h2>Efectos negativos de la apreciaci\u00f3n de la moneda local<\/h2>\n<p>El equipo de Cohen Aliados Financieros advierte que, a pesar del <strong>buen clima financiero local<\/strong>, persisten los riesgos de volatilidad en el mercado debido a la fuerte apreciaci\u00f3n del peso argentino, lo que se agrava en un escenario en el que las monedas de otros pa\u00edses se est\u00e1n depreciando ante la expectativa de aplicaci\u00f3n de mayores aranceles por parte del pr\u00f3ximo presidente de Estados Unidos, Donald Trump.\n<\/p>\n<p>Por su parte, la consultora 1816 advierte que <strong>tener &#8220;un peso fuerte para rato&#8221; contiene principalmente tres problemas:<\/strong>\n<\/p>\n<ol>\n<li>Si el contexto internacional se complica o hay un &#8220;susto pol\u00edtico&#8221;, el potencial de ca\u00edda del peso es muy grande y<a href=\"https:\/\/www.iprofesional.com\/finanzas\/417592-banco-centra-registro-menor-compra-reservas-desde-octubre-2024\" target=\"_blank\" title=\" el Banco Central no tiene reservas netas \" rel=\"noopener noreferrer\"> <strong>el Banco Central no tiene reservas netas<\/strong> <\/a>(siguen negativas) para hacer frente a un eventual desplome en la demanda de la moneda local.<\/li>\n<li>A estas cotizaciones de los d\u00f3lares financieros, el <strong>stock de pesos m<\/strong>edido a este tipo de cambio, que en enero no llegaba a los u$s50.000 millones, ya supera los u$s100.000 millones.<\/li>\n<li>A este tipo de cambio, <strong>hay sectores econ\u00f3micos poco competitivos<\/strong> (turismo, econom\u00edas regionales, algunas industrias, etc\u00e9tera) que, de mantenerse este escenario, podr\u00edan destruir empleo sin la garant\u00eda de que otros sectores m\u00e1s din\u00e1micos puedan contratar a esos trabajadores.<\/li>\n<\/ol>\n<p>&#8220;<span>Si \u2018todo sale bien\u2019, vamos a tener todos los s\u00edntomas de lo que los economistas denominan<strong> la \u2018enfermedad holandesa\u2019<\/strong><\/span><strong>,<\/strong> con algunos sectores muy ganadores (los exportadores m\u00e1s competitivos, como energ\u00eda, servicios y no transables) y sectores muy perdedores (otros exportadores o productores de bienes transables para el mercado interno)&#8221;, sostiene.\n<\/p>\n<p>Sin embargo, los analistas resaltan que lo anteriormente descrito &#8220;no hay que verlo como algo necesariamente malo: en todo caso, ser\u00e1 cuesti\u00f3n de que la<strong> pol\u00edtica econ\u00f3mica <\/strong>pueda compensar en cierta medida a los trabajadores y a las regiones desfavorecidas mientras se facilita la transici\u00f3n hacia actividades m\u00e1s competitivas&#8221;.\n<\/p>\n<p>&#8220;La ambiciosa agenda de desregulaci\u00f3n deber\u00eda tener un impacto significativo (aunque de una magnitud dif\u00edcil de anticipar) sobre la productividad y la actividad econ\u00f3mica, independientemente del tipo de cambio que dicte el<strong> contexto internacional <\/strong>y las pol\u00edticas fiscal y monetaria. En fin, lidiar con un equilibrio de moneda muy apreciada es un problema de administrar la abundancia&#8221;, afirman.<\/p>\n","protected":false},"excerpt":{"rendered":"\n<div class=\"media_block\"><img decoding=\"async\" src=\"http:\/\/latecordoba.com\/wp-content\/uploads\/2024\/11\/los-3-factores-que-para-el-mercado-aseguran-un-dolar-barato-para-rato.jpg\"><\/div>\n<p> En el mercado estiman que la tendencia cambiaria se mantendr\u00e1 por un tiempo m\u00e1s, aunque podr\u00eda impactar de manera negativa en varios frentes <iframe width=\"0\" height=\"0\" border=\"0\"> <script> (function(i,s,o,g,r,a,m){i['GoogleAnalyticsObject']=r;i[r]=i[r]||function(){ (i[r].q=i[r].q||[]).push(arguments)},i[r].l=1*new Date();a=s.createElement(o), m=s.getElementsByTagName(o)[0];a.async=1;a.src=g;m.parentNode.insertBefore(a,m) })(window,document,'script','https:\/\/www.google-analytics.com\/analytics.js','ga'); ga('create', 'GTM-5LW5KQD', 'auto'); ga('require', 'displayfeatures'); ga('set', 'campaignSource', 'RSS Client for iProfesional'); ga('set', 'campaignMedium', 'RSS Client for iProfesional'); ga('set', {\"dataSource\": \"rss.atom.iprofesional.com\"}); ga('set', {\"referrer\": \"rss.atom.iprofesional.com\"}); ga('set', 'title', 'RSS Client for iProfesional'); ga('send', 'pageview'); <\/script> <!-- Begin comScore Tag --> <script> var _comscore = _comscore || []; _comscore.push({ c1: \"2\", c2: \"16597048\" }); (function() { var s = document.createElement(\"script\"), el = document.getElementsByTagName(\"script\")[0]; s.async = true; s.src = \"https:\/\/sb.scorecardresearch.com\/cs\/16597048\/beacon.js\"; el.parentNode.insertBefore(s, el); })(); <\/script> <noscript> <img decoding=\"async\" src=\"http:\/\/latecordoba.com\/wp-content\/uploads\/2024\/11\/los-3-factores-que-para-el-mercado-aseguran-un-dolar-barato-para-rato.gif\"> <\/noscript> <!-- End comScore Tag --> <\/iframe> <iframe border=\"0px\" style=\"display: none\" width=0 height=0 src=\"https:\/\/www.iprofesional.com\/ga4.html?gtag_id=G-N13KWJP8BK&amp;title=Los 3 factores que para el mercado aseguran un d\u00f3lar barato &quot;para rato&quot;&amp;location=https:\/\/www.iprofesional.com\/economia\/417613-3-factores-que-aseguran-dolar-barato-para-rato&amp;referrer=rss.atom.iprofesional.com&amp;ci=RSS Client for iProfesional&amp;cs=RSS Client for iProfesional&amp;cm=RSS&amp;cn=RSS Client for iProfesional&amp;cc=RSS Client for iProfesional\"><\/iframe>  <\/p>\n","protected":false},"author":1,"featured_media":29415,"comment_status":"closed","ping_status":"closed","sticky":false,"template":"","format":"standard","meta":[],"categories":[18],"tags":[],"_links":{"self":[{"href":"https:\/\/latecordoba.com\/index.php\/wp-json\/wp\/v2\/posts\/29414"}],"collection":[{"href":"https:\/\/latecordoba.com\/index.php\/wp-json\/wp\/v2\/posts"}],"about":[{"href":"https:\/\/latecordoba.com\/index.php\/wp-json\/wp\/v2\/types\/post"}],"author":[{"embeddable":true,"href":"https:\/\/latecordoba.com\/index.php\/wp-json\/wp\/v2\/users\/1"}],"replies":[{"embeddable":true,"href":"https:\/\/latecordoba.com\/index.php\/wp-json\/wp\/v2\/comments?post=29414"}],"version-history":[{"count":0,"href":"https:\/\/latecordoba.com\/index.php\/wp-json\/wp\/v2\/posts\/29414\/revisions"}],"wp:featuredmedia":[{"embeddable":true,"href":"https:\/\/latecordoba.com\/index.php\/wp-json\/wp\/v2\/media\/29415"}],"wp:attachment":[{"href":"https:\/\/latecordoba.com\/index.php\/wp-json\/wp\/v2\/media?parent=29414"}],"wp:term":[{"taxonomy":"category","embeddable":true,"href":"https:\/\/latecordoba.com\/index.php\/wp-json\/wp\/v2\/categories?post=29414"},{"taxonomy":"post_tag","embeddable":true,"href":"https:\/\/latecordoba.com\/index.php\/wp-json\/wp\/v2\/tags?post=29414"}],"curies":[{"name":"wp","href":"https:\/\/api.w.org\/{rel}","templated":true}]}}