{"id":29410,"date":"2024-11-22T13:17:07","date_gmt":"2024-11-22T13:17:07","guid":{"rendered":"https:\/\/elnoticierodigital.com.ar\/?p=2298371"},"modified":"2024-11-22T13:17:07","modified_gmt":"2024-11-22T13:17:07","slug":"identicos-abel-pintos-presento-a-sus-hermanos-con-una-sesion-de-fotos","status":"publish","type":"post","link":"https:\/\/latecordoba.com\/index.php\/2024\/11\/22\/identicos-abel-pintos-presento-a-sus-hermanos-con-una-sesion-de-fotos\/","title":{"rendered":"\u201cId\u00e9nticos\u201d: Abel Pintos present\u00f3 a sus hermanos con una sesi\u00f3n de fotos"},"content":{"rendered":"<p> <!-- image --><\/p>\n<div class=\"td-post-featured-image\"><a href=\"https:\/\/i0.wp.com\/elnoticierodigital.com.ar\/wp-content\/uploads\/2024\/11\/2298371.jpg?fit=1080%2C684&amp;ssl=1\" data-caption><img decoding=\"async\" loading=\"lazy\" width=\"696\" height=\"441\" class=\"entry-thumb td-modal-image\" src=\"http:\/\/latecordoba.com\/wp-content\/uploads\/2024\/11\/identicos-abel-pintos-presento-a-sus-hermanos-con-una-sesion-de-fotos.jpg\" srcset=\"http:\/\/latecordoba.com\/wp-content\/uploads\/2024\/11\/identicos-abel-pintos-presento-a-sus-hermanos-con-una-sesion-de-fotos-1.jpg 1080w, http:\/\/latecordoba.com\/wp-content\/uploads\/2024\/11\/identicos-abel-pintos-presento-a-sus-hermanos-con-una-sesion-de-fotos-2.jpg 300w, http:\/\/latecordoba.com\/wp-content\/uploads\/2024\/11\/identicos-abel-pintos-presento-a-sus-hermanos-con-una-sesion-de-fotos-3.jpg 1024w, http:\/\/latecordoba.com\/wp-content\/uploads\/2024\/11\/identicos-abel-pintos-presento-a-sus-hermanos-con-una-sesion-de-fotos-4.jpg 768w, http:\/\/latecordoba.com\/wp-content\/uploads\/2024\/11\/identicos-abel-pintos-presento-a-sus-hermanos-con-una-sesion-de-fotos-5.jpg 150w, http:\/\/latecordoba.com\/wp-content\/uploads\/2024\/11\/identicos-abel-pintos-presento-a-sus-hermanos-con-una-sesion-de-fotos.jpg 696w, https:\/\/i0.wp.com\/elnoticierodigital.com.ar\/wp-content\/uploads\/2024\/11\/2298371.jpg?resize=1068%2C676&amp;ssl=1 1068w\" sizes=\"(max-width: 696px) 100vw, 696px\" alt title=\"2298371\"><\/a><\/div>\n<p> <!-- content --><\/p>\n<article readability=\"53\">Detr\u00e1s de ese cantante que logra enamorar a todo con su voz, se esconde una persona muy familiar. Es que Abel Pintos ha expuesto en reiteradas ocasiones su deseo de mantener a su familia alejada del mundo de la fama, por lo que s\u00f3lo los exponen cuando \u00e9l lo desea. Es por eso que en esta ocasi\u00f3n eligi\u00f3 presentar en sus redes sociales a su hermano.<\/p>\n<p>Si bien Abel Pintos se acostumbr\u00f3 al mundo de la fama, con el paso de los a\u00f1os ha aprendido a moverse de forma sigilosa para no levantar la p\u00e9rdida respecto a su entorno. Sin embargo, cada tanto disfruta de abrir las puertas de su hogar para presentarle personas importantes en su vida a sus seguidores.<\/p>\n<p>En esta ocasi\u00f3n, el cantante descubri\u00f3 al revelar algunas im\u00e1genes de \u00e9l junto a sus hermanos, por lo que incluso aprovech\u00f3 para bromear. \u201cSomos uno dividido en tres\u201d, lanz\u00f3 mientras presentaba a Ariel y Andr\u00e9s, quienes son muy pegados al cantante y suelen apoyarlo en sus proyectos.<\/p>\n<p>\u201cSomos hermanos, somos uno dividido en tres. Cada uno en su camino, escribiendo sus historias, pero con el mismo paso y el mismo pulso. Somos hermanos; es profundo e inevitable, eso el tiempo y la distancia lo saben\u201d, expresado con tiernas palabras para tratar de describir lo que significan ellos en su vida.<\/p>\n<p>En este contexto, vale recordar que Abel Pintos es el menor de sus hermanos. \u201cNac\u00ed en Bah\u00eda Blanca y viv\u00ed en muchas ciudades del sur, porque a mi pap\u00e1 lo trasladaban en su trabajo. Vivimos en R\u00edo Grande, Cutral -C\u00f3, Comodoro Rivadavia, Neuqu\u00e9n y Zapala\u201d, cont\u00f3 en di\u00e1logo con Pronto al recordar su infancia junto a ellos.<\/p>\n<p>De este modo, m\u00e1s all\u00e1 de la sangre y la buena relaci\u00f3n, lo que m\u00e1s une a Abel Pintos de sus hermanos es la m\u00fasica. Es que desde peque\u00f1os los hermanos tocaban la guitarra junto a su padre, por lo que fue as\u00ed como todos terminaron vinculados a este mundo, aunque Abel Pintos fue quien termin\u00f3 saltando a la fama.<\/p>\n<p>Sin embargo, otro de los que logr\u00f3 profesionalizar su costado musical fue Ariel, quien se desempe\u00f1a como productor de una gran parte de las canciones que de su hermano menor. Adem\u00e1s, esto no es todo, ya que tambi\u00e9n tiene participaci\u00f3n en la composici\u00f3n.<\/p>\n<\/article>\n<p>Fuente: <a href=\"https:\/\/www.paparazzi.com.ar\/looks\/abel-pintos-presento-a-sus-hermanos-con-una-sesion-de-fotos\/\">https:\/\/www.paparazzi.com.ar\/<\/a><\/p>\n","protected":false},"excerpt":{"rendered":"<p> Detr\u00e1s de ese cantante que logra enamorar a todo con su voz, se esconde una persona muy familiar. Es que Abel Pintos ha expuesto en reiteradas ocasiones su deseo de mantener a su familia alejada del mundo de la fama, por lo que s\u00f3lo los exponen cuando \u00e9l lo desea. Es por eso que en [&#8230;]  <\/p>\n","protected":false},"author":1,"featured_media":29411,"comment_status":"closed","ping_status":"closed","sticky":false,"template":"","format":"standard","meta":[],"categories":[14],"tags":[],"_links":{"self":[{"href":"https:\/\/latecordoba.com\/index.php\/wp-json\/wp\/v2\/posts\/29410"}],"collection":[{"href":"https:\/\/latecordoba.com\/index.php\/wp-json\/wp\/v2\/posts"}],"about":[{"href":"https:\/\/latecordoba.com\/index.php\/wp-json\/wp\/v2\/types\/post"}],"author":[{"embeddable":true,"href":"https:\/\/latecordoba.com\/index.php\/wp-json\/wp\/v2\/users\/1"}],"replies":[{"embeddable":true,"href":"https:\/\/latecordoba.com\/index.php\/wp-json\/wp\/v2\/comments?post=29410"}],"version-history":[{"count":0,"href":"https:\/\/latecordoba.com\/index.php\/wp-json\/wp\/v2\/posts\/29410\/revisions"}],"wp:featuredmedia":[{"embeddable":true,"href":"https:\/\/latecordoba.com\/index.php\/wp-json\/wp\/v2\/media\/29411"}],"wp:attachment":[{"href":"https:\/\/latecordoba.com\/index.php\/wp-json\/wp\/v2\/media?parent=29410"}],"wp:term":[{"taxonomy":"category","embeddable":true,"href":"https:\/\/latecordoba.com\/index.php\/wp-json\/wp\/v2\/categories?post=29410"},{"taxonomy":"post_tag","embeddable":true,"href":"https:\/\/latecordoba.com\/index.php\/wp-json\/wp\/v2\/tags?post=29410"}],"curies":[{"name":"wp","href":"https:\/\/api.w.org\/{rel}","templated":true}]}}