{"id":29406,"date":"2024-11-21T15:19:07","date_gmt":"2024-11-21T15:19:07","guid":{"rendered":"http:\/\/c841e4779c1f352ad4eede9c121a2f90"},"modified":"2024-11-21T15:19:07","modified_gmt":"2024-11-21T15:19:07","slug":"la-cpi-emite-orden-de-detencion-contra-netanyahu-por-crimenes-de-guerra","status":"publish","type":"post","link":"https:\/\/latecordoba.com\/index.php\/2024\/11\/21\/la-cpi-emite-orden-de-detencion-contra-netanyahu-por-crimenes-de-guerra\/","title":{"rendered":"La CPI emite orden de detenci\u00f3n contra Netanyahu por cr\u00edmenes de guerra"},"content":{"rendered":"\n<div class=\"media_block\"><img decoding=\"async\" src=\"http:\/\/latecordoba.com\/wp-content\/uploads\/2024\/11\/la-cpi-emite-orden-de-detencion-contra-netanyahu-por-crimenes-de-guerra.jpg\"><\/div>\n<p>La Corte Penal Internacional (CPI&nbsp;) dict\u00f3 este jueves &nbsp;\u00f3rdenes de detenci\u00f3n contra el primer ministro de&nbsp;Israel &nbsp;Benjam\u00edn Netanyahu y su exministro de Defensa&nbsp;Yoav Gallant como m\u00e1ximos responsables de la comisi\u00f3n de cr\u00edmenes de guerra y lesa humanidad en la&nbsp;Franja de Gaza&nbsp;al menos desde el 8 de octubre del a\u00f1o pasado.<\/p>\n<p>Los jueces tambi\u00e9n aprobaron la orden de arresto de Mohammed Deif, un alto cargo de&nbsp;Ham\u00e1s&nbsp;considerado jefe de su ala militar, aunque Israel ya lo declar\u00f3 muerto en un ataque israel\u00ed lanzado el pasado junio contra la Franja, un fallecimiento que nunca fue confirmado por el grupo islamista, y que tampoco pudo confirmar la Fiscal\u00eda del tribunal.<\/p>\n<p>Con esto, la Sala de Cuestiones Preliminares rechaz\u00f3 por unanimidad las impugnaciones presentadas en septiembre por Israel, que negaba la jurisdicci\u00f3n de la CPI sobre la situaci\u00f3n en el Estado de Palestina en general, y sobre los ciudadanos israel\u00edes en particular. <\/p>\n<p>El Gobierno israel\u00ed tambi\u00e9n hab\u00eda exigido a los jueces que detuvieran &#8220;cualquier procedimiento relacionado con la situaci\u00f3n, incluyendo la consideraci\u00f3n de las solicitudes de \u00f3rdenes de arresto&#8221;, otra petici\u00f3n rechazada por los magistrados. <\/p>\n<p><a href=\"https:\/\/www.lapoliticaonline.com\/tools\/redirect.php?t=3&amp;i=302625&amp;s=c92380bad0a51d7feef76fe48800dca2\" class=\"link-type-content content-type-noticia-ar\">Un medio israel\u00ed dice que Trump quiere que Netanhayu termine con la guerra ante de asumir&nbsp;<\/a><\/p>\n<p>&#8220;No es necesario que Israel acepte la jurisdicci\u00f3n de la Corte, ya que esta puede ejercer su jurisdicci\u00f3n sobre la base de la jurisdicci\u00f3n territorial de Palestina, como se determin\u00f3 anteriormente&#8221;, advirti\u00f3 la Sala.<\/p>\n<p>Consider\u00f3 adem\u00e1s que los Estados &#8220;no pueden impugnar la jurisdicci\u00f3n de la Corte antes de la emisi\u00f3n de una orden de arresto, por lo que la impugnaci\u00f3n de Israel es prematura&#8221;, dijo.<\/p>\n<p>En este sentido, los jueces aprobaron las \u00f3rdenes de arresto solicitadas el pasado 20 de mayo por el fiscal contra Netanyahu y Gallant como &#8220;responsables penalmente como coautores de los cr\u00edmenes de guerra de uso del hambre como m\u00e9todo de guerra y los cr\u00edmenes de lesa humanidad de asesinato, persecuci\u00f3n y otros actos inhumanos&#8221;.&nbsp;<\/p>\n<p class=\"authorquote\" title=\"Comunicado CPI.\">No es necesario que Israel acepte la jurisdicci\u00f3n de la Corte, ya que esta puede ejercer su jurisdicci\u00f3n sobre la base de la jurisdicci\u00f3n territorial de Palestina, como se determin\u00f3 anteriormente<\/p>\n<p>Adem\u00e1s, tambi\u00e9n se les considera responsables como &#8220;superiores civiles por el crimen de guerra de dirigir de forma intencionada ataques contra la poblaci\u00f3n civil&#8221; en la Franja de Gaza.<\/p>\n<p>&#8220;La Sala concluy\u00f3 que ambos privaron intencionadamente a la poblaci\u00f3n civil de Gaza de bienes indispensables para su supervivencia, incluidos alimentos, agua, medicinas, combustible y electricidad, entre octubre de 2023 y mayo de 2024. Este bloqueo tuvo graves consecuencias, incluida la muerte de civiles, incluidos ni\u00f1os, debido a la desnutrici\u00f3n y la deshidrataci\u00f3n&#8221;, a\u00f1adi\u00f3 la CPI.<\/p>\n<p>En el caso de la organizaci\u00f3n radical isl\u00e1mica Ham\u00e1s, Khan hab\u00eda pedido el arresto de los entonces l\u00edder de Ham\u00e1s Yahya Sinwar, el jefe del ala militar, Mohammed Deif, y su bur\u00f3 pol\u00edtico, Ismail Haniyeh. La acusaci\u00f3n incluye seis cr\u00edmenes de guerra, como la toma de rehenes y actos de violencia sexual, y cinco de lesa humanidad, incluidos exterminio y asesinatos. <\/p>\n<figure class=\"vsmimage\" contenteditable=\"false\"><img decoding=\"async\" loading=\"lazy\" alt=\"Yoav Gallant.&amp;nbsp;\" data-vsmid=\"238717\" data-owidth=\"4698\" data-oheight=\"3131\" src=\"data:image\/png;base64,iVBORw0KGgoAAAANSUhEUgAAAx4AAAIOAQMAAAAMVUlSAAAAA1BMVEUAAACnej3aAAAAAXRSTlMAQObYZgAAAElJREFUeJztwQEBAAAAgiD\/r25IQAEAAAAAAAAAAAAAAAAAAAAAAAAAAAAAAAAAAAAAAAAAAAAAAAAAAAAAAAAAAAAAAAAAAPBjz4YAAXoxaWgAAAAASUVORK5CYII=\" vsmidos=\"1\" vsmsrc=\"\/files\/image\/238\/238717\/67113eda5318a_798_526!.jpg?s=5be6fcd535ed691299f719309d13c8b5&amp;d=1729183453\" width=\"798\" height=\"526\" contenteditable=\"false\"><\/figure>\n<p>Sin embargo, y desde que el fiscal solicit\u00f3 su arresto, Haniyeh muri\u00f3 en un ataque en Teher\u00e1n en julio y su heredero, Sinwar, corri\u00f3 el mismo destino en otro de Israel en Gaza el mes pasado, por lo que Khan retir\u00f3 su solicitud al considerar confirmado su fallecimiento. <\/p>\n<p>Con respecto a Deif, la Fiscal\u00eda indic\u00f3 que continuar\u00eda recabando informaci\u00f3n sobre &#8220;su supuesta muerte&#8221;. &#8220;El 15 de noviembre de 2024, la Fiscal\u00eda, bas\u00e1ndose en informaci\u00f3n de las autoridades israel\u00edes y palestinas, inform\u00f3 a la Sala de que no puede determinar si Deif ha fallecido o sigue vivo. Por lo tanto, la Sala emite la presente orden de arresto&#8221;, se\u00f1alaron los jueces.&nbsp;<\/p>\n<p><a href=\"https:\/\/www.lapoliticaonline.com\/tools\/redirect.php?t=3&amp;i=301647&amp;s=a66358357ee458be040dd58b9efbae05\" class=\"link-type-content content-type-noticia-ar\">Israel confirma que asesin\u00f3 al l\u00edder de Hamas que organiz\u00f3 el atentado del 7 de octubre<\/a><\/p>\n<p>La prensa israel\u00ed destaca que, pese las \u00f3rdenes de arresto, es probable que ninguno de los sospechosos se enfrente a los jueces de La Haya en un futuro pr\u00f3ximo.<\/p>\n<p>Y es que Israel no es signatario del CPI, por lo que no tiene jurisdicci\u00f3n sobre su territorio, como han subrayado las autoridades del Estado de mayor\u00eda jud\u00eda en numerosas ocasiones al rechazar cualquier intento de la Justicia Internacional por pronunciarse con respecto a las hostilidades por aire y tierra del Ej\u00e9rcito israel\u00ed contra la poblaci\u00f3n palestina.<\/p>\n<p class=\"authorquote\">En el caso de la organizaci\u00f3n radical isl\u00e1mica Ham\u00e1s, Khan hab\u00eda pedido el arresto de los entonces l\u00edder de Ham\u00e1s Yahya Sinwar, el jefe del ala militar, Mohammed Deif, y su bur\u00f3 pol\u00edtico, Ismail Haniyeh. La acusaci\u00f3n incluye seis cr\u00edmenes de guerra, como la toma de rehenes y actos de violencia sexual, y cinco de lesa humanidad, incluidos exterminio y asesinatos<\/p>\n<p>Adem\u00e1s, el tribunal en s\u00ed no tiene polic\u00edas para hacer cumplir las \u00f3rdenes de arresto, y en su lugar depende de la cooperaci\u00f3n de sus estados miembros.<\/p>\n<p>La CPI es un tribunal de \u00faltima instancia que solo procesa casos cuando las autoridades policiales nacionales no pueden o no desean investigar.<\/p>\n<p>En medio de este panorama, el pasado septiembre, el Ministerio de Relaciones Exteriores de Israel se\u00f1al\u00f3 que hab\u00eda presentado dos escritos legales en los que impugnaba la jurisdicci\u00f3n de la CPI y argumentaba que el tribunal no le dio a su pa\u00eds la &#8220;oportunidad&#8221; de investigar las acusaciones por s\u00ed mismo antes de solicitar las \u00f3rdenes de arresto.<\/p>\n<p>&#8220;Ninguna otra democracia con un sistema legal independiente y respetado como el que existe en Israel ha sido tratada de esta manera perjudicial por el Fiscal&#8221;, escribi\u00f3 entonces el portavoz del Ministerio de Asuntos Exteriores, Oren Marmorstein, en X.<\/p>\n<p>Y agreg\u00f3 que Israel se mantiene &#8220;firme en su compromiso con el estado de derecho y la justicia&#8221; y que seguir\u00e1 protegiendo a sus ciudadanos contra la militancia.<\/p>\n","protected":false},"excerpt":{"rendered":"\n<div class=\"media_block\"><img decoding=\"async\" src=\"http:\/\/latecordoba.com\/wp-content\/uploads\/2024\/11\/la-cpi-emite-orden-de-detencion-contra-netanyahu-por-crimenes-de-guerra.jpg\"><\/div>\n<p>Tambien contra el ex ministro de Defensa Yoav Gallant y un de los l\u00edderes de Hamas, Mohammed Deif,  <\/p>\n","protected":false},"author":1,"featured_media":29407,"comment_status":"closed","ping_status":"closed","sticky":false,"template":"","format":"standard","meta":[],"categories":[18],"tags":[],"_links":{"self":[{"href":"https:\/\/latecordoba.com\/index.php\/wp-json\/wp\/v2\/posts\/29406"}],"collection":[{"href":"https:\/\/latecordoba.com\/index.php\/wp-json\/wp\/v2\/posts"}],"about":[{"href":"https:\/\/latecordoba.com\/index.php\/wp-json\/wp\/v2\/types\/post"}],"author":[{"embeddable":true,"href":"https:\/\/latecordoba.com\/index.php\/wp-json\/wp\/v2\/users\/1"}],"replies":[{"embeddable":true,"href":"https:\/\/latecordoba.com\/index.php\/wp-json\/wp\/v2\/comments?post=29406"}],"version-history":[{"count":0,"href":"https:\/\/latecordoba.com\/index.php\/wp-json\/wp\/v2\/posts\/29406\/revisions"}],"wp:featuredmedia":[{"embeddable":true,"href":"https:\/\/latecordoba.com\/index.php\/wp-json\/wp\/v2\/media\/29407"}],"wp:attachment":[{"href":"https:\/\/latecordoba.com\/index.php\/wp-json\/wp\/v2\/media?parent=29406"}],"wp:term":[{"taxonomy":"category","embeddable":true,"href":"https:\/\/latecordoba.com\/index.php\/wp-json\/wp\/v2\/categories?post=29406"},{"taxonomy":"post_tag","embeddable":true,"href":"https:\/\/latecordoba.com\/index.php\/wp-json\/wp\/v2\/tags?post=29406"}],"curies":[{"name":"wp","href":"https:\/\/api.w.org\/{rel}","templated":true}]}}