{"id":29404,"date":"2024-11-21T14:45:57","date_gmt":"2024-11-21T14:45:57","guid":{"rendered":"https:\/\/www.vitonica.com\/prevencion\/que-comes-cuanto-comes-hora-dia-que-ingieres-alimentos-clave-para-salud-nuevo-estudio"},"modified":"2024-11-21T14:45:57","modified_gmt":"2024-11-21T14:45:57","slug":"no-es-lo-que-comes-ni-cuanto-comes-lo-que-de-verdad-impacta-en-nuestra-salud-es-la-hora-del-dia-a-la-que-comemos-segun-un-nuevo-estudio","status":"publish","type":"post","link":"https:\/\/latecordoba.com\/index.php\/2024\/11\/21\/no-es-lo-que-comes-ni-cuanto-comes-lo-que-de-verdad-impacta-en-nuestra-salud-es-la-hora-del-dia-a-la-que-comemos-segun-un-nuevo-estudio\/","title":{"rendered":"No es lo que comes ni cu\u00e1nto comes: lo que de verdad impacta en nuestra salud es la hora del d\u00eda a la que comemos, seg\u00fan un nuevo estudio"},"content":{"rendered":"\n<p>Aunque <a href=\"https:\/\/www.vitonica.com\/dietas\/calidad-cantidad-que-tiene-importancia-dieta-para-adelgazar\">cuidar la calidad y cantidad<\/a> de lo que comemos es fundamental para proteger al organismo, <strong>un estudio confirma que la hora del d\u00eda en la que comemos es clave para nuestra salud<\/strong>.<\/p>\n<p><!-- BREAK 1 --> <\/p>\n<h2>Comer tarde altera los niveles de glucosa y perjudica la salud<\/h2>\n<p>Seg\u00fan una <a rel=\"noopener, noreferrer\" href=\"https:\/\/www.nature.com\/articles\/s41387-024-00347-6\">investigaci\u00f3n reciente de la Universidad Abierta de Catalu\u00f1a (UOC) y la &nbsp;Columbia University<\/a> ha revelado que ingerir <strong>m\u00e1s del 45% de las calor\u00edas del d\u00eda a partir de las 5 de la tarde se asocia con mayores niveles de glucosa<\/strong> en el organismo, lo cual puede influir negativamente en nuestro peso y grasa corporal.<\/p>\n<p><!-- BREAK 2 --><\/p>\n<p>Adem\u00e1s, niveles elevados de glucosa en sangre pueden progresar hacia una &nbsp;diabetes tipo 2 e incrementar el riesgo de sufrir enfermedades cardiovasculares y metab\u00f3licas diversas.<\/p>\n<p><!-- BREAK 3 --> <\/p>\n<div class=\"article-asset article-asset-normal article-asset-center\">\n<div class=\"desvio-container\">\n<div class=\"desvio\">\n<div class=\"desvio-figure js-desvio-figure\"> <a href=\"https:\/\/www.vitonica.com\/dietas\/esta-mejor-hora-para-cenar-quieres-acelerar-metabolismo\"> <img decoding=\"async\" loading=\"lazy\" alt=\"Esta es la mejor hora para cenar si quieres acelerar el metabolismo\" width=\"375\" height=\"142\" src=\"http:\/\/latecordoba.com\/wp-content\/uploads\/2024\/11\/no-es-lo-que-comes-ni-cuanto-comes-lo-que-de-verdad-impacta-en-nuestra-salud-es-la-hora-del-dia-a-la-que-comemos-segun-un-nuevo-estudio.webp\" onerror=\"this.src=&quot;https:\/\/i.blogs.es\/1c3924\/kirill-tonkikh-lazqmdv5uje-unsplash-2-\/375_142.jpeg&quot;\"> <\/a> <\/div>\n<\/p><\/div>\n<\/p><\/div>\n<\/div>\n<p>Lo interesante del estudio en cuesti\u00f3n es que m\u00e1s all\u00e1 de las calor\u00edas consumidas a lo largo del d\u00eda en general y del peso y la grasa corporal de cada persona el <strong>horario en el que comemos<\/strong> puede influir de todas formas en nuestro <a href=\"https:\/\/www.vitonica.com\/entrenamiento\/metabolismo-para-principiantes-que-como-impacta-que-podemos-hacer-realmente-para-beneficiarlo\">metabolismo<\/a>.<\/p>\n<p><!-- BREAK 4 --><\/p>\n<p>La investigaci\u00f3n publicada en la revista <a rel=\"noopener, noreferrer\" href=\"https:\/\/www.nature.com\/nutd\"><em>Nutrition &amp; Diabetes<\/em><\/a> &nbsp;incluy\u00f3 26 participantes de entre 50 y 70 a\u00f1os que ten\u00edan sobrepeso u obesidad y prediabetes o diabetes tipo 2; y se compar\u00f3 la tolerancia a la glucosa en los mismos divididos en dos grupos: algunos que com\u00edan temprano y concentraban la ingesta de calor\u00edas antes de la noche y otros que com\u00edan en mayor cantidad por la tarde y noche &nbsp;concentrando el 45% o m\u00e1s de las calor\u00edas a partir de las 5 de la tarde.<\/p>\n<p><!-- BREAK 5 --><\/p>\n<p>Con una <strong>dieta con igual cantidad de calor\u00edas totales y con los mismos alimentos <\/strong>consumidos a diferentes horas del d\u00eda, el estudio demostr\u00f3 que quienes com\u00edan tarde ten\u00edan peor tolerancia la glucosa, independientemente de su &nbsp;peso y de la composici\u00f3n de la dieta.<\/p>\n<p><!-- BREAK 6 --> <\/p>\n<p>Asimismo, quienes com\u00edan m\u00e1s tarde ten\u00edan mayores probabilidades de comer &nbsp;hidratos de carbono y grasas durante la noche, por lo que aparentemente <strong>nuestro cuerpo no est\u00e1 preparado para metabolizar adecuadamente durante la tarde y noche<\/strong> los alimentos, ocasionando esto una subida en nuestros niveles de glucosa en sangre.<\/p>\n<p><!-- BREAK 7 --><\/p>\n<p>El estudio confirma que <strong>concentrar una mayor cantidad de alimentos durante las horas de luz solar,<\/strong> y especialmente en desayuno y almuerzo, resulta fundamental para cuidar la salud, reservando para la merienda y la cena una menor proporci\u00f3n de calor\u00edas.<\/p>\n<p><!-- BREAK 8 --><\/p>\n<p>En Vit\u00f3nica | <a href=\"https:\/\/www.vitonica.com\/dietas\/que-jet-lag-alimentario-como-puede-afectar-salud\">Qu\u00e9 es el jet lag alimentario y c\u00f3mo puede afectar la salud<\/a><\/p>\n<p>Imagen | <a rel=\"noopener, noreferrer\" href=\"https:\/\/www.pexels.com\/es-es\/@arialqadri\/\" data-id=\"nofollow\">Ari Alqadri<\/a><\/p>\n","protected":false},"excerpt":{"rendered":"\n<p> <img decoding=\"async\" src=\"http:\/\/latecordoba.com\/wp-content\/uploads\/2024\/11\/no-es-lo-que-comes-ni-cuanto-comes-lo-que-de-verdad-impacta-en-nuestra-salud-es-la-hora-del-dia-a-la-que-comemos-segun-un-nuevo-estudio.jpg\" alt=\"No&#x20;es&#x20;lo&#x20;que&#x20;comes&#x20;ni&#x20;cu&#x00E1;nto&#x20;comes&#x3A;&#x20;lo&#x20;que&#x20;de&#x20;verdad&#x20;impacta&#x20;en&#x20;nuestra&#x20;salud&#x20;es&#x20;la&#x20;hora&#x20;del&#x20;d&#x00ED;a&#x20;a&#x20;la&#x20;que&#x20;comemos,&#x20;seg&#x00FA;n&#x20;un&#x20;nuevo&#x20;estudio\"> <\/p>\n<p>Aunque <a href=\"https:\/\/www.vitonica.com\/dietas\/calidad-cantidad-que-tiene-importancia-dieta-para-adelgazar\">cuidar la calidad y cantidad<\/a> de lo que comemos es fundamental para proteger al organismo, <strong>un estudio confirma que la hora del d\u00eda en la que comemos es clave para nuestra salud<\/strong>.<\/p>\n<p><!-- BREAK 1 --><\/p>\n<h2>Comer tarde altera los niveles de glucosa y perjudica la salud<\/h2>\n<p>Seg\u00fan una <a rel=\"noopener, noreferrer\" href=\"https:\/\/www.nature.com\/articles\/s41387-024-00347-6\">investigaci\u00f3n reciente de la Universidad Abierta de Catalu\u00f1a (UOC) y la &nbsp;Columbia University<\/a> ha revelado que ingerir <strong>m\u00e1s del 45% de las calor\u00edas del d\u00eda a partir de las 5 de la tarde se asocia con mayores niveles de glucosa<\/strong> en el organismo, lo cual puede influir negativamente en nuestro peso y grasa corporal.<\/p>\n<p><!-- BREAK 2 --><\/p>\n<p>Adem\u00e1s, niveles elevados de glucosa en sangre pueden progresar hacia una &nbsp;diabetes tipo 2 e incrementar el riesgo de sufrir enfermedades cardiovasculares y metab\u00f3licas diversas.<\/p>\n<p><!-- BREAK 3 --><\/p>\n<div class=\"article-asset article-asset-normal article-asset-center\">\n<div class=\"desvio-container\">\n<div class=\"desvio\">\n<div class=\"desvio-figure js-desvio-figure\"> <a href=\"https:\/\/www.vitonica.com\/dietas\/esta-mejor-hora-para-cenar-quieres-acelerar-metabolismo\"> <img decoding=\"async\" loading=\"lazy\" alt=\"Esta&#x20;es&#x20;la&#x20;mejor&#x20;hora&#x20;para&#x20;cenar&#x20;si&#x20;quieres&#x20;acelerar&#x20;el&#x20;metabolismo\" width=\"375\" height=\"142\" src=\"http:\/\/latecordoba.com\/wp-content\/uploads\/2024\/11\/no-es-lo-que-comes-ni-cuanto-comes-lo-que-de-verdad-impacta-en-nuestra-salud-es-la-hora-del-dia-a-la-que-comemos-segun-un-nuevo-estudio.webp\" onerror='this.src=\"https:\/\/i.blogs.es\/1c3924\/kirill-tonkikh-lazqmdv5uje-unsplash-2-\/375_142.jpeg\"'> <\/a> <\/div>\n<div class=\"desvio-summary\">\n<div class=\"desvio-taxonomy js-desvio-taxonomy\"> <a href=\"https:\/\/www.vitonica.com\/dietas\/esta-mejor-hora-para-cenar-quieres-acelerar-metabolismo\" class=\"desvio-taxonomy-anchor\">En Vit\u00f3nica<\/a> <\/div>\n<p> <a href=\"https:\/\/www.vitonica.com\/dietas\/esta-mejor-hora-para-cenar-quieres-acelerar-metabolismo\" class=\"desvio-title js-desvio-title\">Esta es la mejor hora para cenar si quieres acelerar el metabolismo<\/a> <\/div>\n<\/p><\/div>\n<\/p><\/div>\n<\/div>\n<p>Lo interesante del estudio en cuesti\u00f3n es que m\u00e1s all\u00e1 de las calor\u00edas consumidas a lo largo del d\u00eda en general y del peso y la grasa corporal de cada persona el <strong>horario en el que comemos<\/strong> puede influir de todas formas en nuestro <a href=\"https:\/\/www.vitonica.com\/entrenamiento\/metabolismo-para-principiantes-que-como-impacta-que-podemos-hacer-realmente-para-beneficiarlo\">metabolismo<\/a>.<\/p>\n<p><!-- BREAK 4 --><\/p>\n<p>La investigaci\u00f3n publicada en la revista <a rel=\"noopener, noreferrer\" href=\"https:\/\/www.nature.com\/nutd\"><em>Nutrition &amp; Diabetes<\/em><\/a> &nbsp;incluy\u00f3 26 participantes de entre 50 y 70 a\u00f1os que ten\u00edan sobrepeso u obesidad y prediabetes o diabetes tipo 2; y se compar\u00f3 la tolerancia a la glucosa en los mismos divididos en dos grupos: algunos que com\u00edan temprano y concentraban la ingesta de calor\u00edas antes de la noche y otros que com\u00edan en mayor cantidad por la tarde y noche &nbsp;concentrando el 45% o m\u00e1s de las calor\u00edas a partir de las 5 de la tarde.<\/p>\n<p><!-- BREAK 5 --><\/p>\n<p>Con una <strong>dieta con igual cantidad de calor\u00edas totales y con los mismos alimentos <\/strong>consumidos a diferentes horas del d\u00eda, el estudio demostr\u00f3 que quienes com\u00edan tarde ten\u00edan peor tolerancia la glucosa, independientemente de su &nbsp;peso y de la composici\u00f3n de la dieta.<\/p>\n<p><!-- BREAK 6 --><\/p>\n<div class=\"article-asset-video article-asset-normal\">\n<div class=\"asset-content\">\n<div class=\"base-asset-video\">\n<div class=\"js-dailymotion\"> <script type=\"application\/json\"> {\"videoId\":\"x800ifg\",\"autoplay\":true,\"title\":\"AYUNO INTERMITENTE\", \"tag\":\"ayuno intermitente\", \"duration\":\"391\"} <\/script> <\/div>\n<\/p><\/div>\n<\/p><\/div>\n<\/div>\n<p>Asimismo, quienes com\u00edan m\u00e1s tarde ten\u00edan mayores probabilidades de comer &nbsp;hidratos de carbono y grasas durante la noche, por lo que aparentemente <strong>nuestro cuerpo no est\u00e1 preparado para metabolizar adecuadamente durante la tarde y noche<\/strong> los alimentos, ocasionando esto una subida en nuestros niveles de glucosa en sangre.<\/p>\n<p><!-- BREAK 7 --><\/p>\n<p>El estudio confirma que <strong>concentrar una mayor cantidad de alimentos durante las horas de luz solar,<\/strong> y especialmente en desayuno y almuerzo, resulta fundamental para cuidar la salud, reservando para la merienda y la cena una menor proporci\u00f3n de calor\u00edas.<\/p>\n<p><!-- BREAK 8 --><\/p>\n<p>En Vit\u00f3nica | <a href=\"https:\/\/www.vitonica.com\/dietas\/que-jet-lag-alimentario-como-puede-afectar-salud\">Qu\u00e9 es el jet lag alimentario y c\u00f3mo puede afectar la salud<\/a><\/p>\n<p>Imagen | <a rel=\"noopener, noreferrer\" href=\"https:\/\/www.pexels.com\/es-es\/@arialqadri\/\" data-id=\"nofollow\">Ari Alqadri<\/a><\/p>\n<p><script> (function() { window._JS_MODULES = window._JS_MODULES || {}; var headElement = document.getElementsByTagName('head')[0]; if (_JS_MODULES.instagram) { var instagramScript = document.createElement('script'); instagramScript.src = 'https:\/\/platform.instagram.com\/en_US\/embeds.js'; instagramScript.async = true; instagramScript.defer = true; headElement.appendChild(instagramScript); } })();\n<\/script> <\/p>\n<p> &#8211; <br \/> La noticia <a href=\"https:\/\/www.vitonica.com\/prevencion\/que-comes-cuanto-comes-hora-dia-que-ingieres-alimentos-clave-para-salud-nuevo-estudio&#x3F;utm_source&#x3D;feedburner&amp;utm_medium&#x3D;feed&amp;utm_campaign&#x3D;21_Nov_2024\"> <em> No es lo que comes ni cu\u00e1nto comes: lo que de verdad impacta en nuestra salud es la hora del d\u00eda a la que comemos, seg\u00fan un nuevo estudio <\/em> <\/a> fue publicada originalmente en <a href=\"https:\/\/www.vitonica.com&#x3F;utm_source&#x3D;feedburner&amp;utm_medium&#x3D;feed&amp;utm_campaign&#x3D;21_Nov_2024\"> <strong> Vit\u00f3nica <\/strong> <\/a> por <a href=\"https:\/\/www.vitonica.com\/autor\/gabriela-gottau&#x3F;utm_source&#x3D;feedburner&amp;utm_medium&#x3D;feed&amp;utm_campaign&#x3D;21_Nov_2024\"> Gabriela Gottau <\/a> . <\/p>\n","protected":false},"author":1,"featured_media":29405,"comment_status":"closed","ping_status":"closed","sticky":false,"template":"","format":"standard","meta":[],"categories":[16],"tags":[],"_links":{"self":[{"href":"https:\/\/latecordoba.com\/index.php\/wp-json\/wp\/v2\/posts\/29404"}],"collection":[{"href":"https:\/\/latecordoba.com\/index.php\/wp-json\/wp\/v2\/posts"}],"about":[{"href":"https:\/\/latecordoba.com\/index.php\/wp-json\/wp\/v2\/types\/post"}],"author":[{"embeddable":true,"href":"https:\/\/latecordoba.com\/index.php\/wp-json\/wp\/v2\/users\/1"}],"replies":[{"embeddable":true,"href":"https:\/\/latecordoba.com\/index.php\/wp-json\/wp\/v2\/comments?post=29404"}],"version-history":[{"count":0,"href":"https:\/\/latecordoba.com\/index.php\/wp-json\/wp\/v2\/posts\/29404\/revisions"}],"wp:featuredmedia":[{"embeddable":true,"href":"https:\/\/latecordoba.com\/index.php\/wp-json\/wp\/v2\/media\/29405"}],"wp:attachment":[{"href":"https:\/\/latecordoba.com\/index.php\/wp-json\/wp\/v2\/media?parent=29404"}],"wp:term":[{"taxonomy":"category","embeddable":true,"href":"https:\/\/latecordoba.com\/index.php\/wp-json\/wp\/v2\/categories?post=29404"},{"taxonomy":"post_tag","embeddable":true,"href":"https:\/\/latecordoba.com\/index.php\/wp-json\/wp\/v2\/tags?post=29404"}],"curies":[{"name":"wp","href":"https:\/\/api.w.org\/{rel}","templated":true}]}}