{"id":29394,"date":"2024-11-21T13:46:00","date_gmt":"2024-11-21T13:46:00","guid":{"rendered":"https:\/\/www.iprofesional.com\/tecnologia\/417558-proponen-que-celulares-tengan-etiquetas-que-adviertan-sobre-uso-excesivo"},"modified":"2024-11-21T13:46:00","modified_gmt":"2024-11-21T13:46:00","slug":"proponen-que-los-celulares-tengan-etiquetas-que-adviertan-sobre-el-uso-excesivo","status":"publish","type":"post","link":"https:\/\/latecordoba.com\/index.php\/2024\/11\/21\/proponen-que-los-celulares-tengan-etiquetas-que-adviertan-sobre-el-uso-excesivo\/","title":{"rendered":"Proponen que los celulares tengan etiquetas que adviertan sobre el uso excesivo"},"content":{"rendered":"\n<div class=\"media_block\"><img decoding=\"async\" src=\"http:\/\/latecordoba.com\/wp-content\/uploads\/2024\/11\/proponen-que-los-celulares-tengan-etiquetas-que-adviertan-sobre-el-uso-excesivo.jpg\"><\/div>\n<div id>\n<p> La iniciativa legislativa es impulsada por la diputada nacional Nancy Pic\u00f3n Mart\u00ednez. Busca evitar la adicci\u00f3n a dispositivos tecnol\u00f3gicos <\/p>\n<p><strong>21\/11\/2024<\/strong> &#8211; 10:46hs<\/p>\n<div class=\"image-container img-wide padding-b\"> <picture><source media=\"(max-width:360px)\" srcset=\"https:\/\/resizer.iproimg.com\/unsafe\/360x\/filters:format(webp):quality(85)\/https:\/\/assets.iprofesional.com\/assets\/jpg\/2024\/10\/586183.jpg\" data-srcset=\"https:\/\/resizer.iproimg.com\/unsafe\/360x\/filters:format(webp):quality(85)\/https:\/\/assets.iprofesional.com\/assets\/jpg\/2024\/10\/586183.jpg\" class><source media=\"(max-width:430px)\" srcset=\"https:\/\/resizer.iproimg.com\/unsafe\/360x\/filters:format(webp):quality(85)\/https:\/\/assets.iprofesional.com\/assets\/jpg\/2024\/10\/586183.jpg\" data-srcset=\"https:\/\/resizer.iproimg.com\/unsafe\/360x\/filters:format(webp):quality(85)\/https:\/\/assets.iprofesional.com\/assets\/jpg\/2024\/10\/586183.jpg\" class><source media=\"(max-width:956px)\" srcset=\"https:\/\/resizer.iproimg.com\/unsafe\/640x\/filters:format(webp):quality(85)\/https:\/\/assets.iprofesional.com\/assets\/jpg\/2024\/10\/586183.jpg\" data-srcset=\"https:\/\/resizer.iproimg.com\/unsafe\/640x\/filters:format(webp):quality(85)\/https:\/\/assets.iprofesional.com\/assets\/jpg\/2024\/10\/586183.jpg\" class><img decoding=\"async\" loading=\"lazy\" src=\"http:\/\/latecordoba.com\/wp-content\/uploads\/2024\/11\/proponen-que-los-celulares-tengan-etiquetas-que-adviertan-sobre-el-uso-excesivo.webp\" data-src=\"http:\/\/latecordoba.com\/wp-content\/uploads\/2024\/11\/proponen-que-los-celulares-tengan-etiquetas-que-adviertan-sobre-el-uso-excesivo.webp\" class alt=\"Proponen que los celulares tengan etiquetas que adviertan sobre el uso excesivo\" width=\"1280px\" height=\"720px\"> <\/picture> <\/div>\n<\/p><\/div>\n<div readability=\"68.84561891516\">\n<p>La diputada nacional por San Juan Nancy Pic\u00f3n Mart\u00ednez present\u00f3 un<strong> proyecto de ley <\/strong>en la C\u00e1mara Baja que propone la colocaci\u00f3n obligatoria en celulares, tablets y notebooks de una etiqueta que advierta sobre el <a href=\"https:\/\/www.iprofesional.com\/tecnologia\/414889-como-prevenir-la-adiccion-a-las-pantallas-en-ninos-y-adolescentes\" target=\"_blank\" title=\"uso perjudicial de estos dispositivos\" rel=\"noopener noreferrer\">uso perjudicial de estos dispositivos<\/a>, algo similar a los oct\u00f3gonos de la Ley de Etiquetado Frontal de alimentos.\n<\/p>\n<p>La iniciativa se titula &#8220;Informaci\u00f3n sobre consecuencias en la salud por el <a href=\"https:\/\/www.iprofesional.com\/tecnologia\/408452-redes-sociales-cuales-son-los-riesgos-de-la-adiccion-en-menores\" target=\"_blank\" title=\"uso abusivo de celulares y otros dispositivos m\u00f3viles\" rel=\"noopener noreferrer\">uso abusivo de celulares y otros dispositivos m\u00f3viles<\/a>&#8221; y<span>&nbsp;<\/span><strong>obliga a las empresas fabricantes de tecnolog\u00eda a informar en sus etiquetas &#8220;los efectos y perjuicios para la salud derivados de su mal uso<\/strong>; a fin de contribuir a la prevenci\u00f3n de las adicciones y\/o enfermedades provocadas por el abuso en el uso de tel\u00e9fonos celulares y otros dispositivos de similar caracter\u00edstica&#8221;.\n<\/p>\n<p>El proyecto de la sanjuanina estipula que &#8220;ser\u00e1n sancionadas con multas, que oportunamente fijar\u00e1 la<strong> Autoridad de Aplicaci\u00f3n<\/strong>, las f\u00e1bricas y establecimientos de comercializaci\u00f3n de celulares que no cumplan con las disposiciones de la presente ley. Lo recaudado de dichas sanciones, ser\u00e1 destinado al equipamiento de hospitales p\u00fablicos y a campa\u00f1as de prevenci\u00f3n contra las adicciones&#8221;.\n<\/p>\n<h2>Proponen que los celulares tengan etiquetas que adviertan sobre el uso excesivo: detalles de la iniciativa<\/h2>\n<p>Pic\u00f3n Mart\u00ednez justific\u00f3 la idea de sumar<strong><span>&nbsp;<\/span>una leyenda que diga &#8220;<a href=\"https:\/\/www.iprofesional.com\/tecnologia\/412133-como-funciona-el-control-parental-en-celulares\" target=\"_blank\" title=\"El uso excesivo es perjudicial para la salud\" rel=\"noopener noreferrer\">El uso excesivo es perjudicial para la salud<\/a>&#8220;<\/strong><span>&nbsp;<\/span>en una ampliaci\u00f3n de la informaci\u00f3n al consumidor, cumpliendo con el art\u00edculo 4 de la Ley 24.240 y el art\u00edculo 42 de la Constituci\u00f3n Nacional.\n<\/p>\n<p>&#8220;<strong>Deber\u00e1n informar en sus etiquetas el impacto que el<a href=\"https:\/\/www.iprofesional.com\/recreo\/328628-telefonos-inteligentes-asi-es-el-peligro-de-la-adiccion\" target=\"_blank\" title=\" uso abusivo del producto \" rel=\"noopener noreferrer\"> uso abusivo del producto<\/a> tiene sobre los ojos, m\u00fasculos, ligamentos, psiquis, vertebras<\/strong>, entre otros. Igualmente, se propone que se alerte sobre lo perjudicial para la salud que puede resultar la conexi\u00f3n ininterrumpida, generando, por ejemplo, ansiedad y fobia cada vez que no se tenga consigo el dispositivo&#8221;, indica la diputada en su proyecto.\n<\/p>\n<p>Entre los fundamentos, Pic\u00f3n Mart\u00ednez cita un informe del diario mexicano El Universal y menciona casos de &#8220;<strong>nomofobia&#8221;<\/strong><span>&nbsp;<\/span>en Chile, Corea del Sur y Reino Unido.<\/p>\n<\/p><\/div>\n","protected":false},"excerpt":{"rendered":"\n<div class=\"media_block\"><img decoding=\"async\" src=\"http:\/\/latecordoba.com\/wp-content\/uploads\/2024\/11\/proponen-que-los-celulares-tengan-etiquetas-que-adviertan-sobre-el-uso-excesivo.jpg\"><\/div>\n<p> La iniciativa legislativa es impulsada por la diputada nacional Nancy Pic\u00f3n Mart\u00ednez. Busca evitar la adicci\u00f3n a dispositivos tecnol\u00f3gicos <iframe width=\"0\" height=\"0\" border=\"0\"> <script> (function(i,s,o,g,r,a,m){i['GoogleAnalyticsObject']=r;i[r]=i[r]||function(){ (i[r].q=i[r].q||[]).push(arguments)},i[r].l=1*new Date();a=s.createElement(o), m=s.getElementsByTagName(o)[0];a.async=1;a.src=g;m.parentNode.insertBefore(a,m) })(window,document,'script','https:\/\/www.google-analytics.com\/analytics.js','ga'); ga('create', 'GTM-5LW5KQD', 'auto'); ga('require', 'displayfeatures'); ga('set', 'campaignSource', 'RSS Client for iProfesional'); ga('set', 'campaignMedium', 'RSS Client for iProfesional'); ga('set', {\"dataSource\": \"rss.atom.iprofesional.com\"}); ga('set', {\"referrer\": \"rss.atom.iprofesional.com\"}); ga('set', 'title', 'RSS Client for iProfesional'); ga('send', 'pageview'); <\/script> <!-- Begin comScore Tag --> <script> var _comscore = _comscore || []; _comscore.push({ c1: \"2\", c2: \"16597048\" }); (function() { var s = document.createElement(\"script\"), el = document.getElementsByTagName(\"script\")[0]; s.async = true; s.src = \"https:\/\/sb.scorecardresearch.com\/cs\/16597048\/beacon.js\"; el.parentNode.insertBefore(s, el); })(); <\/script> <noscript> <img decoding=\"async\" src=\"http:\/\/latecordoba.com\/wp-content\/uploads\/2024\/11\/proponen-que-los-celulares-tengan-etiquetas-que-adviertan-sobre-el-uso-excesivo.gif\"> <\/noscript> <!-- End comScore Tag --> <\/iframe> <iframe border=\"0px\" style=\"display: none\" width=0 height=0 src=\"https:\/\/www.iprofesional.com\/ga4.html?gtag_id=G-N13KWJP8BK&amp;title=Proponen que los celulares tengan etiquetas que adviertan sobre el uso excesivo&amp;location=https:\/\/www.iprofesional.com\/tecnologia\/417558-proponen-que-celulares-tengan-etiquetas-que-adviertan-sobre-uso-excesivo&amp;referrer=rss.atom.iprofesional.com&amp;ci=RSS Client for iProfesional&amp;cs=RSS Client for iProfesional&amp;cm=RSS&amp;cn=RSS Client for iProfesional&amp;cc=RSS Client for iProfesional\"><\/iframe>  <\/p>\n","protected":false},"author":1,"featured_media":29395,"comment_status":"open","ping_status":"closed","sticky":false,"template":"","format":"standard","meta":[],"categories":[13],"tags":[],"_links":{"self":[{"href":"https:\/\/latecordoba.com\/index.php\/wp-json\/wp\/v2\/posts\/29394"}],"collection":[{"href":"https:\/\/latecordoba.com\/index.php\/wp-json\/wp\/v2\/posts"}],"about":[{"href":"https:\/\/latecordoba.com\/index.php\/wp-json\/wp\/v2\/types\/post"}],"author":[{"embeddable":true,"href":"https:\/\/latecordoba.com\/index.php\/wp-json\/wp\/v2\/users\/1"}],"replies":[{"embeddable":true,"href":"https:\/\/latecordoba.com\/index.php\/wp-json\/wp\/v2\/comments?post=29394"}],"version-history":[{"count":0,"href":"https:\/\/latecordoba.com\/index.php\/wp-json\/wp\/v2\/posts\/29394\/revisions"}],"wp:featuredmedia":[{"embeddable":true,"href":"https:\/\/latecordoba.com\/index.php\/wp-json\/wp\/v2\/media\/29395"}],"wp:attachment":[{"href":"https:\/\/latecordoba.com\/index.php\/wp-json\/wp\/v2\/media?parent=29394"}],"wp:term":[{"taxonomy":"category","embeddable":true,"href":"https:\/\/latecordoba.com\/index.php\/wp-json\/wp\/v2\/categories?post=29394"},{"taxonomy":"post_tag","embeddable":true,"href":"https:\/\/latecordoba.com\/index.php\/wp-json\/wp\/v2\/tags?post=29394"}],"curies":[{"name":"wp","href":"https:\/\/api.w.org\/{rel}","templated":true}]}}