{"id":29392,"date":"2024-11-21T14:41:00","date_gmt":"2024-11-21T14:41:00","guid":{"rendered":"https:\/\/www.iprofesional.com\/tecnologia\/417566-importante-pais-prohibira-el-acceso-de-menores-de-16-anos-a-las-redes-sociales"},"modified":"2024-11-21T14:41:00","modified_gmt":"2024-11-21T14:41:00","slug":"importante-pais-prohibira-el-acceso-de-menores-de-16-anos-a-las-redes-sociales","status":"publish","type":"post","link":"https:\/\/latecordoba.com\/index.php\/2024\/11\/21\/importante-pais-prohibira-el-acceso-de-menores-de-16-anos-a-las-redes-sociales\/","title":{"rendered":"Importante pa\u00eds prohibir\u00e1 el acceso de menores de 16 a\u00f1os a las redes sociales"},"content":{"rendered":"\n<div class=\"media_block\"><img decoding=\"async\" src=\"http:\/\/latecordoba.com\/wp-content\/uploads\/2024\/11\/importante-pais-prohibira-el-acceso-de-menores-de-16-anos-a-las-redes-sociales.jpg\"><\/div>\n<div id>\n<p> El proyecto busca impedir el acceso de menores de 16 a\u00f1os a las redes sociales como Snapchat, TikTok, Instagram y X entre otras <\/p>\n<p><strong>21\/11\/2024<\/strong> &#8211; 11:41hs<\/p>\n<div class=\"image-container img-wide padding-b\"> <picture><source media=\"(max-width:360px)\" srcset=\"https:\/\/resizer.iproimg.com\/unsafe\/360x\/filters:format(webp):quality(85)\/https:\/\/assets.iprofesional.com\/assets\/jpg\/2019\/04\/476794.jpg\" data-srcset=\"https:\/\/resizer.iproimg.com\/unsafe\/360x\/filters:format(webp):quality(85)\/https:\/\/assets.iprofesional.com\/assets\/jpg\/2019\/04\/476794.jpg\" class><source media=\"(max-width:430px)\" srcset=\"https:\/\/resizer.iproimg.com\/unsafe\/360x\/filters:format(webp):quality(85)\/https:\/\/assets.iprofesional.com\/assets\/jpg\/2019\/04\/476794.jpg\" data-srcset=\"https:\/\/resizer.iproimg.com\/unsafe\/360x\/filters:format(webp):quality(85)\/https:\/\/assets.iprofesional.com\/assets\/jpg\/2019\/04\/476794.jpg\" class><source media=\"(max-width:956px)\" srcset=\"https:\/\/resizer.iproimg.com\/unsafe\/640x\/filters:format(webp):quality(85)\/https:\/\/assets.iprofesional.com\/assets\/jpg\/2019\/04\/476794.jpg\" data-srcset=\"https:\/\/resizer.iproimg.com\/unsafe\/640x\/filters:format(webp):quality(85)\/https:\/\/assets.iprofesional.com\/assets\/jpg\/2019\/04\/476794.jpg\" class><img decoding=\"async\" loading=\"lazy\" src=\"http:\/\/latecordoba.com\/wp-content\/uploads\/2024\/11\/importante-pais-prohibira-el-acceso-de-menores-de-16-anos-a-las-redes-sociales.webp\" data-src=\"http:\/\/latecordoba.com\/wp-content\/uploads\/2024\/11\/importante-pais-prohibira-el-acceso-de-menores-de-16-anos-a-las-redes-sociales.webp\" class alt=\"Importante pa\u00eds prohibir\u00e1 el acceso de menores de 16 a\u00f1os a las redes sociales\" width=\"1280px\" height=\"720px\"> <\/picture> <\/div>\n<\/p><\/div>\n<div readability=\"87.135906584496\">\n<p>El Gobierno de <strong>Australia<\/strong> present\u00f3 al Parlamento un proyecto de ley que busca<a href=\"https:\/\/www.iprofesional.com\/tecnologia\/414126-asi-perjudican-las-redes-sociales-a-la-salud-mental-de-los-jovenes\" target=\"_blank\" title=\" restringir el acceso de menores de 16 a\u00f1os a plataformas de redes sociales \" rel=\"noopener noreferrer\"> restringir el acceso de menores de 16 a\u00f1os a plataformas de redes sociales<\/a> como Snapchat, TikTok, Instagram y X, entre otras. La iniciativa delega en las compa\u00f1\u00edas digitales la responsabilidad de implementar medidas para evitar que menores de 16 a\u00f1os creen o mantengan cuentas activas en sus plataformas.\n<\/p>\n<p>La normativa establece que las <strong>empresas tecnol\u00f3gicas<\/strong> deben &#8220;tomar medidas razonables&#8221; para verificar la edad de los usuarios y <a href=\"https:\/\/www.iprofesional.com\/tecnologia\/408452-redes-sociales-cuales-son-los-riesgos-de-la-adiccion-en-menores\" target=\"_blank\" title=\"limitar el acceso de los menores.\" rel=\"noopener noreferrer\">limitar el acceso de los menores. <\/a>\n<\/p>\n<p>Aquellas que no cumplan con estos requerimientos podr\u00e1n enfrentar<strong> sanciones econ\u00f3micas significativa<\/strong>s, que incluyen multas de hasta 49,5 millones de d\u00f3lares australianos (32,2 millones de d\u00f3lares estadounidenses) en casos de infracciones reiteradas.\n<\/p>\n<h2><strong>Garant\u00edas para el acceso a servicios esenciales<\/strong><\/h2>\n<p>E<strong>l proyecto de ley <\/strong>tambi\u00e9n contempla excepciones para garantizar que los menores puedan acceder a <a href=\"https:\/\/www.iprofesional.com\/actualidad\/407522-connie-ansaldi-lanzo-una-app-de-salud-mental-y-estallaron-las-redes-sociales\" target=\"_blank\" title=\"servicios en l\u00ednea\" rel=\"noopener noreferrer\">servicios en l\u00ednea<\/a> considerados esenciales. Entre estos se encuentran plataformas de mensajer\u00eda, videojuegos en l\u00ednea y herramientas educativas o de apoyo emocional, tales como Headspace, Kids Helpline, Google Classroom y YouTube. Estas excepciones buscan equilibrar las restricciones de acceso con la necesidad de que los j\u00f3venes mantengan conectividad para fines educativos, recreativos y de salud mental.\n<\/p>\n<p>El primer ministro <strong>Anthony Albanese<\/strong> destac\u00f3 la importancia del proyecto de ley al describirlo como una reforma hist\u00f3rica. Seg\u00fan Albanese, la regulaci\u00f3n busca proteger a los ni\u00f1os australianos de los efectos negativos asociados al uso excesivo de las redes sociales. Adem\u00e1s, enfatiz\u00f3 que la iniciativa pretende brindar tranquilidad a los padres al asumir desde el Gobierno un rol m\u00e1s activo en el cuidado de la infancia.\n<\/p>\n<p>&#8220;Sabemos que las redes sociales est\u00e1n haciendo <a href=\"https:\/\/www.iprofesional.com\/tecnologia\/393710-tiktok-advierten-sobre-su-impacto-negativo-en-la-salud-mental\" target=\"_blank\" title=\"da\u00f1o social.\" rel=\"noopener noreferrer\"><strong>da\u00f1o social.<\/strong><\/a> Queremos que los ni\u00f1os australianos tengan una infancia y queremos que los padres sepan que el Gobierno est\u00e1 de su lado. Esta es una reforma hist\u00f3rica. Sabemos que algunos ni\u00f1os encontrar\u00e1n soluciones alternativas, pero estamos enviando un mensaje a las empresas de redes sociales para que arreglen sus actos&#8221;, declar\u00f3 Albanese.\n<\/p>\n<h2><strong>Un enfoque \u00fanico a nivel global<\/strong><\/h2>\n<p>De aprobarse, Australia se convertir\u00eda en el primer pa\u00eds en implementar una restricci\u00f3n de este tipo a nivel nacional. Aunque algunos territorios en<strong> Estados Unidos,<\/strong> como Florida y Utah, han adoptado medidas similares, estas se limitan a legislaciones locales. En cambio, el enfoque australiano busca establecer un est\u00e1ndar federal, imponiendo a las compa\u00f1\u00edas digitales la obligaci\u00f3n de cumplir con las regulaciones en todo el territorio nacional.\n<\/p>\n<p>En otros pa\u00edses, las discusiones sobre la <em>regulaci\u00f3n del acceso de menores a las redes sociales <\/em>han surgido principalmente en el contexto de preocupaciones por el bienestar mental, la privacidad y la seguridad en l\u00ednea de los j\u00f3venes. Sin embargo, hasta ahora, no se han establecido restricciones de alcance comparable a las que propone el proyecto australiano.<\/p>\n<\/p><\/div>\n","protected":false},"excerpt":{"rendered":"\n<div class=\"media_block\"><img decoding=\"async\" src=\"http:\/\/latecordoba.com\/wp-content\/uploads\/2024\/11\/importante-pais-prohibira-el-acceso-de-menores-de-16-anos-a-las-redes-sociales.jpg\"><\/div>\n<p> El proyecto busca impedir el acceso de menores de 16 a\u00f1os a las redes sociales como Snapchat, TikTok, Instagram y X entre otras <iframe width=\"0\" height=\"0\" border=\"0\"> <script> (function(i,s,o,g,r,a,m){i['GoogleAnalyticsObject']=r;i[r]=i[r]||function(){ (i[r].q=i[r].q||[]).push(arguments)},i[r].l=1*new Date();a=s.createElement(o), m=s.getElementsByTagName(o)[0];a.async=1;a.src=g;m.parentNode.insertBefore(a,m) })(window,document,'script','https:\/\/www.google-analytics.com\/analytics.js','ga'); ga('create', 'GTM-5LW5KQD', 'auto'); ga('require', 'displayfeatures'); ga('set', 'campaignSource', 'RSS Client for iProfesional'); ga('set', 'campaignMedium', 'RSS Client for iProfesional'); ga('set', {\"dataSource\": \"rss.atom.iprofesional.com\"}); ga('set', {\"referrer\": \"rss.atom.iprofesional.com\"}); ga('set', 'title', 'RSS Client for iProfesional'); ga('send', 'pageview'); <\/script> <!-- Begin comScore Tag --> <script> var _comscore = _comscore || []; _comscore.push({ c1: \"2\", c2: \"16597048\" }); (function() { var s = document.createElement(\"script\"), el = document.getElementsByTagName(\"script\")[0]; s.async = true; s.src = \"https:\/\/sb.scorecardresearch.com\/cs\/16597048\/beacon.js\"; el.parentNode.insertBefore(s, el); })(); <\/script> <noscript> <img decoding=\"async\" src=\"http:\/\/latecordoba.com\/wp-content\/uploads\/2024\/11\/importante-pais-prohibira-el-acceso-de-menores-de-16-anos-a-las-redes-sociales.gif\"> <\/noscript> <!-- End comScore Tag --> <\/iframe> <iframe border=\"0px\" style=\"display: none\" width=0 height=0 src=\"https:\/\/www.iprofesional.com\/ga4.html?gtag_id=G-N13KWJP8BK&amp;title=Importante pa\u00eds prohibir\u00e1 el acceso de menores de 16 a\u00f1os a las redes sociales&amp;location=https:\/\/www.iprofesional.com\/tecnologia\/417566-importante-pais-prohibira-el-acceso-de-menores-de-16-anos-a-las-redes-sociales&amp;referrer=rss.atom.iprofesional.com&amp;ci=RSS Client for iProfesional&amp;cs=RSS Client for iProfesional&amp;cm=RSS&amp;cn=RSS Client for iProfesional&amp;cc=RSS Client for iProfesional\"><\/iframe>  <\/p>\n","protected":false},"author":1,"featured_media":29393,"comment_status":"open","ping_status":"closed","sticky":false,"template":"","format":"standard","meta":[],"categories":[13],"tags":[],"_links":{"self":[{"href":"https:\/\/latecordoba.com\/index.php\/wp-json\/wp\/v2\/posts\/29392"}],"collection":[{"href":"https:\/\/latecordoba.com\/index.php\/wp-json\/wp\/v2\/posts"}],"about":[{"href":"https:\/\/latecordoba.com\/index.php\/wp-json\/wp\/v2\/types\/post"}],"author":[{"embeddable":true,"href":"https:\/\/latecordoba.com\/index.php\/wp-json\/wp\/v2\/users\/1"}],"replies":[{"embeddable":true,"href":"https:\/\/latecordoba.com\/index.php\/wp-json\/wp\/v2\/comments?post=29392"}],"version-history":[{"count":0,"href":"https:\/\/latecordoba.com\/index.php\/wp-json\/wp\/v2\/posts\/29392\/revisions"}],"wp:featuredmedia":[{"embeddable":true,"href":"https:\/\/latecordoba.com\/index.php\/wp-json\/wp\/v2\/media\/29393"}],"wp:attachment":[{"href":"https:\/\/latecordoba.com\/index.php\/wp-json\/wp\/v2\/media?parent=29392"}],"wp:term":[{"taxonomy":"category","embeddable":true,"href":"https:\/\/latecordoba.com\/index.php\/wp-json\/wp\/v2\/categories?post=29392"},{"taxonomy":"post_tag","embeddable":true,"href":"https:\/\/latecordoba.com\/index.php\/wp-json\/wp\/v2\/tags?post=29392"}],"curies":[{"name":"wp","href":"https:\/\/api.w.org\/{rel}","templated":true}]}}