{"id":28811,"date":"2024-10-25T21:51:27","date_gmt":"2024-10-25T21:51:27","guid":{"rendered":"https:\/\/www.eldiariodeturismo.com.ar\/?p=254217"},"modified":"2024-10-25T21:51:27","modified_gmt":"2024-10-25T21:51:27","slug":"carolina-quijano-presenta-las-novedades-de-melia-en-latinoamerica","status":"publish","type":"post","link":"https:\/\/latecordoba.com\/index.php\/2024\/10\/25\/carolina-quijano-presenta-las-novedades-de-melia-en-latinoamerica\/","title":{"rendered":"Carolina Quijano presenta las novedades de Meli\u00e1 en Latinoam\u00e9rica"},"content":{"rendered":"\n<p><strong>Carolina Quijano, Directora de Cuentas Leisure de Meli\u00e1 Hotels International para Cono Sur (Argentina, Bolivia, Brasil, Chile, Paraguay, Uruguay)<\/strong> comparti\u00f3 las novedades de la compa\u00f1\u00eda en la regi\u00f3n:<\/p>\n<ul>\n<li>El 12 de diciembre pr\u00f3ximo se realizar\u00e1 la apertura del hotel <strong><a href=\"https:\/\/www.melia.com\/es\/hoteles\/republica-dominicana\/punta-cana\" target=\"_blank\" rel=\"noopener\">Zel Punta Cana<\/a><\/strong>, el primero de la marca en Latinoam\u00e9rica: se trata del anterior hotel Paradisus Palma Real que luego de una remodelaci\u00f3n de casi un a\u00f1o reabre con una nueva marca <strong>Zel<\/strong> (el primero abri\u00f3 en Palma de Mallorca) en asociaci\u00f3n con Rafa Nadal. <strong>Zel<\/strong> es una marca con personalidad particular que refleja el estilo de vida mediterr\u00e1neo combinado en este caso con la belleza y las riquezas de la isla caribe\u00f1a como Rep\u00fablica Dominicana. Bajo el concepto de All Inclusive, es un producto que ampliar\u00e1 la oferta de Meli\u00e1 en la regi\u00f3n.<\/li>\n<li><strong><a href=\"https:\/\/www.melia.com\/es\/hoteles\/mexico\/cancun\/melia-casa-maya-cancun-all-inclusive\" target=\"_blank\" rel=\"noopener\">Meli\u00e1 Casa Maya Canc\u00fan<\/a><\/strong> tiene la apertura prevista para el 16 de diciembre de 2024. Ubicado en el km 6.5, al comienzo de la zona hotelera de Canc\u00fan. Tambi\u00e9n se trata de un importante trabajo de remodelaci\u00f3n completa de un hotel existente durante todo un a\u00f1o. <strong>Meli\u00e1 Casa Maya<\/strong> se encuentra en primera l\u00ednea de playa en una de los sectores m\u00e1s lindos de la zona hotelera. El 98% de sus amplias habitaciones cuentan con vista al mar, tendr\u00e1 Parque Acu\u00e1tico y el foco puesto en los grupos familiares <br \/>Con <strong>Meli\u00e1 Casa Maya<\/strong> se incrementa la propuesta en el Caribe Mexicano compuesta por Paradisus Canc\u00fan, Meli\u00e1 Cozumel, Paradisus Playa del Carmen, Paradisus La Perla (Playa del Carmen).<\/li>\n<li>Se suman dos propiedades al portafolio bajo la marca <strong>Almarena Affiliated by Meli\u00e1 <\/strong>en la ciudad de Buenos Aires bajo el concepto apart hotel que complementa la propuesta del hotel Meli\u00e1 Recoleta Plaza. Cuentan con habitaciones muy amplias equipadas con kitchenette y en maravillosas ubicaciones: <strong><a href=\"https:\/\/www.melia.com\/es\/hoteles\/argentina\/buenos-aires\/almarena-madero-urbano-affiliated-by-melia\" target=\"_blank\" rel=\"noopener\">Almarena Madero Urbano Affiliated by Meli\u00e1<\/a><\/strong> con espectaculares vistas al puerto y <strong><a href=\"https:\/\/www.melia.com\/es\/hoteles\/argentina\/buenos-aires\/almarena-puerto-retiro-affiliated-by-melia\" target=\"_blank\" rel=\"noopener\">Almarena Puerto Retiro Affiliated by Meli\u00e1<\/a> <\/strong>se encuentra en una zona que est\u00e1 creciendo mucho como extensi\u00f3n del boulevard de Puerto Madero, justo frente a la Terminal de Cruceros Quinquela Mart\u00edn siendo una excelente opci\u00f3n para los pasajeros de cruceros.<\/li>\n<li>El <strong>restaurante Flora del Paradisus Palma Real de Punta Cana<\/strong>, inicia una nueva etapa junto al <strong>chef dominicano Leandro D\u00edaz<\/strong>. Se trata de una propuesta gastron\u00f3mica gourmet sostenible que combina ingredientes con la base de la cocina dominicana.<\/li>\n<li><strong>Programa Pet Friendly by Meli\u00e1:<\/strong> es indudable que viajar con las mascotas es una tendencia en todo el mundo. En algunos de nuestros hoteles de Am\u00e9rica comenzamos a recibir perros a quienes recibir\u00e1n como un invitado m\u00e1s de la casa: con comida org\u00e1nica a solicitud como room service, con kit de bienvenida en la habitaci\u00f3n, plato para agua y plato para comida, y siguiendo ciertas restricciones como pasear con correa, no ingresar al spa ni a los restaurantes de cocina en vivo, por ejemplo.<\/li>\n<li><a href=\"https:\/\/www.melia.com\/en\/hotels\/argentina\/iguazu-national-park\/gran-melia-iguazu\" target=\"_blank\" rel=\"noopener\"><strong>Gran Meli\u00e1 Iguaz\u00fa<\/strong><\/a>, inigualable hotel ubicado dentro del maravilloso Parque Nacional Iguaz\u00fa, ha revalidado el nivel Oro de la Certificaci\u00f3n de Gesti\u00f3n Sustentable de Hoteles M\u00e1s Verdes de AHT.<\/li>\n<\/ul>\n<h4>&nbsp;<\/h4>\n<figure class=\"wp-block-embed is-type-video is-provider-youtube wp-block-embed-youtube wp-embed-aspect-16-9 wp-has-aspect-ratio\">\n<div class=\"wp-block-embed__wrapper\">\n<div class=\"fitvids-video\"><iframe loading=\"lazy\" title=\"Carolina Quijano, Melia \u2010 El Diario de Turismo 17-10-24 Programa 547\" width=\"800\" height=\"450\" src=\"https:\/\/www.youtube.com\/embed\/V3yuWQ4j_mg?feature=oembed\" frameborder=\"0\" allow=\"accelerometer; autoplay; clipboard-write; encrypted-media; gyroscope; picture-in-picture; web-share\" referrerpolicy=\"strict-origin-when-cross-origin\" allowfullscreen>[embedded content]<\/iframe><\/div>\n<\/div>\n<\/figure>\n<div id=\"gallery-1\" class=\"gallery galleryid-254217 gallery-columns-2 gallery-size-medium\">\n<figure class=\"gallery-item\">\n<div class=\"gallery-icon landscape\"> <a href=\"https:\/\/www.eldiariodeturismo.com.ar\/2024\/10\/25\/carolina-quijano-presenta-las-novedades-de-melia-en-latinoamerica\/zelpuntacana-zel-master-suite-swimup\/\"><img loading=\"lazy\" decoding=\"async\" width=\"300\" height=\"200\" src=\"http:\/\/latecordoba.com\/wp-content\/uploads\/2024\/10\/carolina-quijano-presenta-las-novedades-de-melia-en-latinoamerica.jpg\" class=\"attachment-medium size-medium\" alt aria-describedby=\"gallery-1-254266\" srcset=\"http:\/\/latecordoba.com\/wp-content\/uploads\/2024\/10\/carolina-quijano-presenta-las-novedades-de-melia-en-latinoamerica.jpg 300w, https:\/\/www.eldiariodeturismo.com.ar\/wp-content\/uploads\/2024\/10\/ZelPuntaCana-ZEL-Master-Suite-SwimUp.jpg 500w\" sizes=\"(max-width: 300px) 100vw, 300px\"><\/a> <\/div><figcaption class=\"wp-caption-text gallery-caption\" id=\"gallery-1-254266\"> Zel Punta Cana, Master Suite SwimUp <\/figcaption><\/figure>\n<figure class=\"gallery-item\">\n<div class=\"gallery-icon landscape\"> <a href=\"https:\/\/www.eldiariodeturismo.com.ar\/2024\/10\/25\/carolina-quijano-presenta-las-novedades-de-melia-en-latinoamerica\/zelpuntacana-zel-suite-swimup-terrace\/\"><img loading=\"lazy\" decoding=\"async\" width=\"300\" height=\"200\" src=\"http:\/\/latecordoba.com\/wp-content\/uploads\/2024\/10\/carolina-quijano-presenta-las-novedades-de-melia-en-latinoamerica-6.jpg\" class=\"attachment-medium size-medium\" alt aria-describedby=\"gallery-1-254267\" srcset=\"http:\/\/latecordoba.com\/wp-content\/uploads\/2024\/10\/carolina-quijano-presenta-las-novedades-de-melia-en-latinoamerica-6.jpg 300w, https:\/\/www.eldiariodeturismo.com.ar\/wp-content\/uploads\/2024\/10\/ZelPuntaCana-ZEL-Suite-SwimUp-Terrace.jpg 500w\" sizes=\"(max-width: 300px) 100vw, 300px\"><\/a> <\/div><figcaption class=\"wp-caption-text gallery-caption\" id=\"gallery-1-254267\"> Zel Punta Cana, Suite SwimUp Terrace <\/figcaption><\/figure>\n<figure class=\"gallery-item\">\n<div class=\"gallery-icon landscape\"> <a href=\"https:\/\/www.eldiariodeturismo.com.ar\/2024\/10\/25\/carolina-quijano-presenta-las-novedades-de-melia-en-latinoamerica\/zelpuntacana-parda-buffet-rendering\/\"><img loading=\"lazy\" decoding=\"async\" width=\"300\" height=\"169\" src=\"http:\/\/latecordoba.com\/wp-content\/uploads\/2024\/10\/carolina-quijano-presenta-las-novedades-de-melia-en-latinoamerica-7.jpg\" class=\"attachment-medium size-medium\" alt aria-describedby=\"gallery-1-254264\" srcset=\"http:\/\/latecordoba.com\/wp-content\/uploads\/2024\/10\/carolina-quijano-presenta-las-novedades-de-melia-en-latinoamerica-7.jpg 300w, https:\/\/www.eldiariodeturismo.com.ar\/wp-content\/uploads\/2024\/10\/ZelPuntaCana-Parda-Buffet-Rendering.jpg 500w\" sizes=\"(max-width: 300px) 100vw, 300px\"><\/a> <\/div><figcaption class=\"wp-caption-text gallery-caption\" id=\"gallery-1-254264\"> Zel Punta Cana, Parda Buffet <\/figcaption><\/figure>\n<figure class=\"gallery-item\">\n<div class=\"gallery-icon landscape\"> <a href=\"https:\/\/www.eldiariodeturismo.com.ar\/2024\/10\/25\/carolina-quijano-presenta-las-novedades-de-melia-en-latinoamerica\/zelpuntacana-voltaje-bar-rendering\/\"><img loading=\"lazy\" decoding=\"async\" width=\"300\" height=\"169\" src=\"http:\/\/latecordoba.com\/wp-content\/uploads\/2024\/10\/carolina-quijano-presenta-las-novedades-de-melia-en-latinoamerica-8.jpg\" class=\"attachment-medium size-medium\" alt aria-describedby=\"gallery-1-254265\" srcset=\"http:\/\/latecordoba.com\/wp-content\/uploads\/2024\/10\/carolina-quijano-presenta-las-novedades-de-melia-en-latinoamerica-8.jpg 300w, https:\/\/www.eldiariodeturismo.com.ar\/wp-content\/uploads\/2024\/10\/ZelPuntaCana-Voltaje-Bar-Rendering.jpg 500w\" sizes=\"(max-width: 300px) 100vw, 300px\"><\/a> <\/div><figcaption class=\"wp-caption-text gallery-caption\" id=\"gallery-1-254265\"> Zel Punta Cana, Voltaje Bar <\/figcaption><\/figure>\n<figure class=\"gallery-item\">\n<div class=\"gallery-icon landscape\"> <a href=\"https:\/\/www.eldiariodeturismo.com.ar\/2024\/10\/25\/carolina-quijano-presenta-las-novedades-de-melia-en-latinoamerica\/meliacasamaya-melia-suite-amp_-the-level-grand-suite-stv-se9\/\"><img loading=\"lazy\" decoding=\"async\" width=\"300\" height=\"200\" src=\"http:\/\/latecordoba.com\/wp-content\/uploads\/2024\/10\/carolina-quijano-presenta-las-novedades-de-melia-en-latinoamerica-9.jpg\" class=\"attachment-medium size-medium\" alt aria-describedby=\"gallery-1-254260\" srcset=\"http:\/\/latecordoba.com\/wp-content\/uploads\/2024\/10\/carolina-quijano-presenta-las-novedades-de-melia-en-latinoamerica-9.jpg 300w, https:\/\/www.eldiariodeturismo.com.ar\/wp-content\/uploads\/2024\/10\/MeliaCasaMaya-Melia-Suite-amp_-The-Level-Grand-Suite-STV-SE9.jpg 500w\" sizes=\"(max-width: 300px) 100vw, 300px\"><\/a> <\/div><figcaption class=\"wp-caption-text gallery-caption\" id=\"gallery-1-254260\"> Meli\u00e1 Casa Maya, The Level Grand Suite <\/figcaption><\/figure>\n<figure class=\"gallery-item\">\n<div class=\"gallery-icon landscape\"> <a href=\"https:\/\/www.eldiariodeturismo.com.ar\/2024\/10\/25\/carolina-quijano-presenta-las-novedades-de-melia-en-latinoamerica\/meliacasamaya-water-park\/\"><img loading=\"lazy\" decoding=\"async\" width=\"300\" height=\"200\" src=\"http:\/\/latecordoba.com\/wp-content\/uploads\/2024\/10\/carolina-quijano-presenta-las-novedades-de-melia-en-latinoamerica-10.jpg\" class=\"attachment-medium size-medium\" alt aria-describedby=\"gallery-1-254263\" srcset=\"http:\/\/latecordoba.com\/wp-content\/uploads\/2024\/10\/carolina-quijano-presenta-las-novedades-de-melia-en-latinoamerica-10.jpg 300w, https:\/\/www.eldiariodeturismo.com.ar\/wp-content\/uploads\/2024\/10\/MeliaCasaMaya-Water-Park.jpg 500w\" sizes=\"(max-width: 300px) 100vw, 300px\"><\/a> <\/div><figcaption class=\"wp-caption-text gallery-caption\" id=\"gallery-1-254263\"> Meli\u00e1 Casa Maya, Water Park <\/figcaption><\/figure>\n<figure class=\"gallery-item\">\n<div class=\"gallery-icon landscape\"> <a href=\"https:\/\/www.eldiariodeturismo.com.ar\/2024\/10\/25\/carolina-quijano-presenta-las-novedades-de-melia-en-latinoamerica\/meliacasamaya-pool-rendering\/\"><img loading=\"lazy\" decoding=\"async\" width=\"300\" height=\"136\" src=\"http:\/\/latecordoba.com\/wp-content\/uploads\/2024\/10\/carolina-quijano-presenta-las-novedades-de-melia-en-latinoamerica-11.jpg\" class=\"attachment-medium size-medium\" alt aria-describedby=\"gallery-1-254262\" srcset=\"http:\/\/latecordoba.com\/wp-content\/uploads\/2024\/10\/carolina-quijano-presenta-las-novedades-de-melia-en-latinoamerica-11.jpg 300w, https:\/\/www.eldiariodeturismo.com.ar\/wp-content\/uploads\/2024\/10\/MeliaCasaMaya-Pool-Rendering.jpg 500w\" sizes=\"(max-width: 300px) 100vw, 300px\"><\/a> <\/div><figcaption class=\"wp-caption-text gallery-caption\" id=\"gallery-1-254262\"> Meli\u00e1 Casa Maya, Pool <\/figcaption><\/figure>\n<figure class=\"gallery-item\">\n<div class=\"gallery-icon landscape\"> <a href=\"https:\/\/www.eldiariodeturismo.com.ar\/2024\/10\/25\/carolina-quijano-presenta-las-novedades-de-melia-en-latinoamerica\/meliacasamaya-merkado-restaurant-rendering-1\/\"><img loading=\"lazy\" decoding=\"async\" width=\"300\" height=\"157\" src=\"http:\/\/latecordoba.com\/wp-content\/uploads\/2024\/10\/carolina-quijano-presenta-las-novedades-de-melia-en-latinoamerica-12.jpg\" class=\"attachment-medium size-medium\" alt aria-describedby=\"gallery-1-254261\" srcset=\"http:\/\/latecordoba.com\/wp-content\/uploads\/2024\/10\/carolina-quijano-presenta-las-novedades-de-melia-en-latinoamerica-12.jpg 300w, http:\/\/latecordoba.com\/wp-content\/uploads\/2024\/10\/carolina-quijano-presenta-las-novedades-de-melia-en-latinoamerica-19.jpg 390w, https:\/\/www.eldiariodeturismo.com.ar\/wp-content\/uploads\/2024\/10\/MeliaCasaMaya-Merkado-Restaurant-Rendering-1.jpg 500w\" sizes=\"(max-width: 300px) 100vw, 300px\"><\/a> <\/div><figcaption class=\"wp-caption-text gallery-caption\" id=\"gallery-1-254261\"> Meli\u00e1 Casa Maya, Merkado Restaurant <\/figcaption><\/figure>\n<figure class=\"gallery-item\">\n<div class=\"gallery-icon landscape\"> <a href=\"https:\/\/www.eldiariodeturismo.com.ar\/2024\/10\/25\/carolina-quijano-presenta-las-novedades-de-melia-en-latinoamerica\/almarenamaderourbano_affiliated-premium-room-with-view\/\"><img loading=\"lazy\" decoding=\"async\" width=\"300\" height=\"200\" src=\"http:\/\/latecordoba.com\/wp-content\/uploads\/2024\/10\/carolina-quijano-presenta-las-novedades-de-melia-en-latinoamerica-13.jpg\" class=\"attachment-medium size-medium\" alt aria-describedby=\"gallery-1-254258\" srcset=\"http:\/\/latecordoba.com\/wp-content\/uploads\/2024\/10\/carolina-quijano-presenta-las-novedades-de-melia-en-latinoamerica-13.jpg 300w, https:\/\/www.eldiariodeturismo.com.ar\/wp-content\/uploads\/2024\/10\/AlmarenaMaderoUrbano_Affiliated-Premium-Room-with-View.jpg 500w\" sizes=\"(max-width: 300px) 100vw, 300px\"><\/a> <\/div><figcaption class=\"wp-caption-text gallery-caption\" id=\"gallery-1-254258\"> Almarena Madero Urbano Affiliated by Meli\u00e1, Premium Room <\/figcaption><\/figure>\n<figure class=\"gallery-item\">\n<div class=\"gallery-icon landscape\"> <a href=\"https:\/\/www.eldiariodeturismo.com.ar\/2024\/10\/25\/carolina-quijano-presenta-las-novedades-de-melia-en-latinoamerica\/almarenamaderourbano_affiliated-pool\/\"><img loading=\"lazy\" decoding=\"async\" width=\"300\" height=\"201\" src=\"http:\/\/latecordoba.com\/wp-content\/uploads\/2024\/10\/carolina-quijano-presenta-las-novedades-de-melia-en-latinoamerica-14.jpg\" class=\"attachment-medium size-medium\" alt aria-describedby=\"gallery-1-254257\" srcset=\"http:\/\/latecordoba.com\/wp-content\/uploads\/2024\/10\/carolina-quijano-presenta-las-novedades-de-melia-en-latinoamerica-14.jpg 300w, https:\/\/www.eldiariodeturismo.com.ar\/wp-content\/uploads\/2024\/10\/AlmarenaMaderoUrbano_Affiliated-Pool-e1729892617539.jpg 500w\" sizes=\"(max-width: 300px) 100vw, 300px\"><\/a> <\/div><figcaption class=\"wp-caption-text gallery-caption\" id=\"gallery-1-254257\"> Almarena Madero Urbano Affiliated by Meli\u00e1 <\/figcaption><\/figure>\n<figure class=\"gallery-item\">\n<div class=\"gallery-icon landscape\"> <a href=\"https:\/\/www.eldiariodeturismo.com.ar\/2024\/10\/25\/carolina-quijano-presenta-las-novedades-de-melia-en-latinoamerica\/almarenapuertoretiro\/\"><img loading=\"lazy\" decoding=\"async\" width=\"300\" height=\"200\" src=\"http:\/\/latecordoba.com\/wp-content\/uploads\/2024\/10\/carolina-quijano-presenta-las-novedades-de-melia-en-latinoamerica-15.jpg\" class=\"attachment-medium size-medium\" alt aria-describedby=\"gallery-1-254274\" srcset=\"http:\/\/latecordoba.com\/wp-content\/uploads\/2024\/10\/carolina-quijano-presenta-las-novedades-de-melia-en-latinoamerica-15.jpg 300w, https:\/\/www.eldiariodeturismo.com.ar\/wp-content\/uploads\/2024\/10\/AlmarenaPuertoRetiro.jpg 500w\" sizes=\"(max-width: 300px) 100vw, 300px\"><\/a> <\/div><figcaption class=\"wp-caption-text gallery-caption\" id=\"gallery-1-254274\"> Almarena Puerto Retiro Affiliated by Meli\u00e1 <\/figcaption><\/figure>\n<figure class=\"gallery-item\">\n<div class=\"gallery-icon landscape\"> <a href=\"https:\/\/www.eldiariodeturismo.com.ar\/2024\/10\/25\/carolina-quijano-presenta-las-novedades-de-melia-en-latinoamerica\/almarenapuertoretiro_affiliated-studios\/\"><img loading=\"lazy\" decoding=\"async\" width=\"300\" height=\"200\" src=\"http:\/\/latecordoba.com\/wp-content\/uploads\/2024\/10\/carolina-quijano-presenta-las-novedades-de-melia-en-latinoamerica-16.jpg\" class=\"attachment-medium size-medium\" alt aria-describedby=\"gallery-1-254259\" srcset=\"http:\/\/latecordoba.com\/wp-content\/uploads\/2024\/10\/carolina-quijano-presenta-las-novedades-de-melia-en-latinoamerica-16.jpg 300w, https:\/\/www.eldiariodeturismo.com.ar\/wp-content\/uploads\/2024\/10\/AlmarenaPuertoRetiro_Affiliated-Studios.jpg 500w\" sizes=\"(max-width: 300px) 100vw, 300px\"><\/a> <\/div><figcaption class=\"wp-caption-text gallery-caption\" id=\"gallery-1-254259\"> Almarena Puerto Retiro Affiliated by Meli\u00e1, Studio <\/figcaption><\/figure>\n<\/p><\/div>\n<p><a href=\"https:\/\/www.melia.com\/es\" target=\"_blank\" rel=\"noopener\"><img loading=\"lazy\" decoding=\"async\" class=\"aligncenter wp-image-138000 size-full\" src=\"http:\/\/latecordoba.com\/wp-content\/uploads\/2024\/10\/carolina-quijano-presenta-las-novedades-de-melia-en-latinoamerica-17.jpg\" alt width=\"500\" height=\"281\" srcset=\"http:\/\/latecordoba.com\/wp-content\/uploads\/2024\/10\/carolina-quijano-presenta-las-novedades-de-melia-en-latinoamerica-20.jpg 500w, https:\/\/www.eldiariodeturismo.com.ar\/wp-content\/uploads\/2018\/03\/MELIA-HOTELS-INTERNATIONAL-16-9-300x169.jpg 300w\" sizes=\"(max-width: 500px) 100vw, 500px\"><\/a><\/p>\n<p><strong><a href=\"https:\/\/radiotrendtopic.com.ar\/web\/\" target=\"_blank\" rel=\"noopener\"><img loading=\"lazy\" decoding=\"async\" class=\"size-full wp-image-215708 alignright\" src=\"http:\/\/latecordoba.com\/wp-content\/uploads\/2024\/10\/carolina-quijano-presenta-las-novedades-de-melia-en-latinoamerica-18.jpg\" alt width=\"208\" height=\"199\"><\/a>El Diar<\/strong><strong>io de&nbsp;Turismo Radio<\/strong>&nbsp;<strong>en Radio Trend Topic, pod\u00e9s escucharnos en vivo&nbsp;<\/strong><strong>en&nbsp;&nbsp;<a href=\"https:\/\/radiotrendtopic.com.ar\/web\/\" target=\"_blank\" rel=\"noopener\">radiotrendtopic.com.ar<\/a><\/strong><\/p>\n<p><strong>Programa 547 del 17 de octubre&nbsp;&nbsp;<\/strong><strong>de 2024<\/strong><\/p>\n","protected":false},"excerpt":{"rendered":"<p> Carolina Quijano, Directora de Cuentas Leisure de Meli\u00e1 Hotels International para Cono Sur (Argentina, Bolivia, Brasil, Chile, Paraguay, Uruguay) comparti\u00f3  <\/p>\n","protected":false},"author":1,"featured_media":28812,"comment_status":"open","ping_status":"closed","sticky":false,"template":"","format":"standard","meta":[],"categories":[19],"tags":[],"_links":{"self":[{"href":"https:\/\/latecordoba.com\/index.php\/wp-json\/wp\/v2\/posts\/28811"}],"collection":[{"href":"https:\/\/latecordoba.com\/index.php\/wp-json\/wp\/v2\/posts"}],"about":[{"href":"https:\/\/latecordoba.com\/index.php\/wp-json\/wp\/v2\/types\/post"}],"author":[{"embeddable":true,"href":"https:\/\/latecordoba.com\/index.php\/wp-json\/wp\/v2\/users\/1"}],"replies":[{"embeddable":true,"href":"https:\/\/latecordoba.com\/index.php\/wp-json\/wp\/v2\/comments?post=28811"}],"version-history":[{"count":0,"href":"https:\/\/latecordoba.com\/index.php\/wp-json\/wp\/v2\/posts\/28811\/revisions"}],"wp:featuredmedia":[{"embeddable":true,"href":"https:\/\/latecordoba.com\/index.php\/wp-json\/wp\/v2\/media\/28812"}],"wp:attachment":[{"href":"https:\/\/latecordoba.com\/index.php\/wp-json\/wp\/v2\/media?parent=28811"}],"wp:term":[{"taxonomy":"category","embeddable":true,"href":"https:\/\/latecordoba.com\/index.php\/wp-json\/wp\/v2\/categories?post=28811"},{"taxonomy":"post_tag","embeddable":true,"href":"https:\/\/latecordoba.com\/index.php\/wp-json\/wp\/v2\/tags?post=28811"}],"curies":[{"name":"wp","href":"https:\/\/api.w.org\/{rel}","templated":true}]}}