{"id":28803,"date":"2024-10-28T11:25:00","date_gmt":"2024-10-28T11:25:00","guid":{"rendered":"https:\/\/www.iprofesional.com\/economia\/415986-aumento-salarial-para-obreros-mineros-a-cuanto-se-fueron-sueldos-basicos"},"modified":"2024-10-28T11:25:00","modified_gmt":"2024-10-28T11:25:00","slug":"gremio-estrategico-cerro-aumento-salarial-bimestral-y-el-basico-llegara-a-1-000-000","status":"publish","type":"post","link":"https:\/\/latecordoba.com\/index.php\/2024\/10\/28\/gremio-estrategico-cerro-aumento-salarial-bimestral-y-el-basico-llegara-a-1-000-000\/","title":{"rendered":"Gremio estrat\u00e9gico cerr\u00f3 aumento salarial bimestral y el b\u00e1sico llegar\u00e1 a $1.000.000"},"content":{"rendered":"\n<div class=\"media_block\"><img decoding=\"async\" src=\"http:\/\/latecordoba.com\/wp-content\/uploads\/2024\/10\/gremio-estrategico-cerro-aumento-salarial-bimestral-y-el-basico-llegara-a-1-000-000.jpg\"><\/div>\n<div id>\n<p> La Asociaci\u00f3n Obrera Minera consigui\u00f3 una suba salarial del 8% para septiembre y octubre. &#8220;Buscamos defender el poder adquisitivo&#8221;, afirm\u00f3 el gremio. <\/p>\n<p><strong>28\/10\/2024<\/strong> &#8211; 08:25hs<\/p>\n<div class=\"image-container img-wide padding-b\"> <picture><source media=\"(max-width:360px)\" srcset=\"https:\/\/resizer.iproimg.com\/unsafe\/360x\/filters:format(webp):quality(70)\/assets.iprofesional.com\/assets\/jpg\/2024\/03\/568638.jpg\" data-srcset=\"https:\/\/resizer.iproimg.com\/unsafe\/360x\/filters:format(webp):quality(70)\/assets.iprofesional.com\/assets\/jpg\/2024\/03\/568638.jpg\" class><source media=\"(max-width:430px)\" srcset=\"https:\/\/resizer.iproimg.com\/unsafe\/430x\/filters:format(webp):quality(70)\/assets.iprofesional.com\/assets\/jpg\/2024\/03\/568638.jpg\" data-srcset=\"https:\/\/resizer.iproimg.com\/unsafe\/430x\/filters:format(webp):quality(70)\/assets.iprofesional.com\/assets\/jpg\/2024\/03\/568638.jpg\" class><source media=\"(max-width:956px)\" srcset=\"https:\/\/resizer.iproimg.com\/unsafe\/640x\/filters:format(webp):quality(70)\/assets.iprofesional.com\/assets\/jpg\/2024\/03\/568638.jpg\" data-srcset=\"https:\/\/resizer.iproimg.com\/unsafe\/640x\/filters:format(webp):quality(70)\/assets.iprofesional.com\/assets\/jpg\/2024\/03\/568638.jpg\" class><img decoding=\"async\" loading=\"lazy\" src=\"http:\/\/latecordoba.com\/wp-content\/uploads\/2024\/10\/gremio-estrategico-cerro-aumento-salarial-bimestral-y-el-basico-llegara-a-1-000-000.webp\" data-src=\"http:\/\/latecordoba.com\/wp-content\/uploads\/2024\/10\/gremio-estrategico-cerro-aumento-salarial-bimestral-y-el-basico-llegara-a-1-000-000.webp\" class alt=\"Aumento de sueldo para obreros mineros: a cu\u00e1nto se fueron los b\u00e1sicos\" width=\"1280px\" height=\"720px\"> <\/picture> <\/div>\n<\/p><\/div>\n<div readability=\"101.09348127601\">\n<p><span>El consejo directivo de la Asociaci\u00f3n Obrera Minera Argentina (AOMA) <a href=\"https:\/\/www.iprofesional.com\/economia\/409229-aumento-salarial-para-mineros-a-cuanto-se-fue-el-sueldo-basico\" target=\"_blank\" title=\"suelds\" rel=\"noopener noreferrer\">logr\u00f3 un<strong> aumento salarial <\/strong>para la rama Extractiva,<\/a> despu\u00e9s de intensas negociaciones con los directivos de la C\u00e1mara Argentina de Empresarios Mineros (CAEM), representada por Alejandra Cardona.<\/span>\n<\/p>\n<p><span>Seg\u00fan trascendi\u00f3, las discusiones se dieron donde cada sector &#8220;defendi\u00f3 sus posturas, pero <a href=\"https:\/\/www.iprofesional.com\/economia\/406459-aumento-para-mineros-de-la-rama-cemento-portland-a-cuanto-llega-el-sueldo-basico\" target=\"_blank\" title=\"sueldos\" rel=\"noopener noreferrer\">conseguimos una mejora por encima<\/a> de las versiones que indican que el gobierno pretende fijar un <strong>techo salarial<\/strong> que no supere el 3 por ciento mensual&#8221;, explicaron fuentes gremiales.<\/span>\n<\/p>\n<h2><span>C\u00f3mo se pagar\u00e1 el aumento y c\u00f3mo quedaron los sueldos<\/span><\/h2>\n<p><span>De esta forma, el acuerdo consiste en un <strong>8 por ciento <\/strong>que se pagar\u00e1 de la siguiente forma:<\/span>\n<\/p>\n<ul>\n<li><span>4% en septiembre.<\/span><\/li>\n<li><span>4% en octubre.<\/span><\/li>\n<\/ul>\n<p><span>El secretario General de la organizaci\u00f3n gremial,<strong> H\u00e9ctor Laplace,<\/strong> sostuvo que &#8220;con esta mejora se evita un clima de conflictividad en la actividad, como se est\u00e1 dando en otros sectores, como metal\u00fargicos, construcci\u00f3n y educaci\u00f3n, entre otros&#8221; y remarc\u00f3 que &#8220;de esta forma, podemos sostener el poder de compra de los trabajadores y trabajadoras&#8221;.<\/span>\n<\/p>\n<p><span>Con los <strong>incrementos liquidados,<\/strong> el salario promedio ser\u00e1 en octubre de unos 860.000 pesos, con la categor\u00eda m\u00e1s alta en unos 916.000 pesos; en tanto que, para los jornalizados, el promedio salarial rondar\u00e1 los 34.500 pesos. A esto se debe sumar el 1 por ciento por antig\u00fcedad y otros \u00edtems como presentismo y capacitaci\u00f3n o productividad.<\/span>\n<\/p>\n<h2><span>Defensa de la obra p\u00fablica y rechazo al RIGI<\/span><\/h2>\n<p><span>Por otra parte, Laplace se sum\u00f3 a las voces que reclaman la vuelta de la<strong> obra p\u00fablica<\/strong>. Explic\u00f3 que &#8220;con los datos que se manejan a nive<\/span>\n<\/p>\n<p><span>l del mundo, haga que desde el Ejecutivo dejen de repetir que hay que olvidarse de la obra p\u00fablica. Nuestra opini\u00f3n es que hay cuestiones que la \u00fanica chance que tenemos es desde lo p\u00fablico. Hay<strong> rutas nacionales<\/strong> que quiz\u00e1 con un peaje lo podamos resolver, pero hay otros que no, escuelas que no, universidades que no, hay puentes que no. Si no est\u00e1 la mano del Estado, no vamos a tener chance. Si no est\u00e1 el Estado no veo chances de crecimiento en estas actividades en la Rep\u00fablica Argentina&#8221;.<\/span>\n<\/p>\n<p><span>En ese mismo sentido, el Secretario General de AOMA volvi\u00f3 a sentar la posici\u00f3n de la Asociaci\u00f3n en torno al <a href=\"https:\/\/www.iprofesional.com\/negocios\/411637-san-juan-aprobo-rigi-mas-mineras-extranjeras-participaran-en-cobre-litio\" target=\"_blank\" title=\"rigi\" rel=\"noopener noreferrer\"><strong>R\u00e9gimen de Incentivo para Grandes Inversiones (RIGI)<\/strong>,<\/a> y apunt\u00f3 que no va a contradecir &#8220;las acotaciones que se hicieron en el d\u00eda de ayer con la aprobaci\u00f3n del RIGI aqu\u00ed en C\u00f3rdoba. Lo que me gustar\u00eda preguntarles es cu\u00e1ntos de los empleadores que est\u00e1n hoy aqu\u00ed est\u00e1n en condiciones de hacer una inversi\u00f3n de 200 millones de d\u00f3lares como m\u00ednimo. Creo que van a ser muy pocos&#8221;.<\/span>\n<\/p>\n<p><span>A\u00f1adi\u00f3 que &#8220;es decir que, en cuanto a la<strong> miner\u00eda<\/strong> espec\u00edficamente, y estoy hablando solamente de nuestra actividad, no veo demasiados cambios que pueda haber con el r\u00e9gimen ac\u00e1 en C\u00f3rdoba. No nos olvidemos que con la miner\u00eda metal\u00edfera tenemos una ley restrictiva en la Provincia&#8221;.<\/span>\n<\/p>\n<p><span>Con relaci\u00f3n al RIGI, Laplace apunt\u00f3 que &#8220;no estamos de acuerdo con el <a href=\"https:\/\/www.iprofesional.com\/negocios\/412777-rigi-anticipan-inversion-minera-casi-20000-millones-dolares-litio\" target=\"_blank\" title=\"rigi\" rel=\"noopener noreferrer\"><strong>R\u00e9gimen de Incentivo a las Grandes Inversiones<\/strong>.<\/a> Lo venimos repitiendo desde mayo en un encuentro que se hizo en San Juan, y me voy a permitir un minuto para poder aclarar as\u00ed no quedan clavos inconclusos. Me preguntaban hace un tiempo por qu\u00e9 estamos en contra si con m\u00e1s inversiones vamos a tener m\u00e1s afiliados, y por supuesto que un pensamiento lineal dir\u00eda eso, pero en mi caso particular m\u00e1s all\u00e1 de ser secretario General de AOMA soy argentino, y creemos que dar el RIGI es dar nuestros recursos naturales sin ning\u00fan beneficio, incluso con una estabilidad fiscal de 30 a\u00f1os&#8221;.&nbsp;<\/span><\/p>\n<\/p><\/div>\n","protected":false},"excerpt":{"rendered":"\n<div class=\"media_block\"><img decoding=\"async\" src=\"http:\/\/latecordoba.com\/wp-content\/uploads\/2024\/10\/gremio-estrategico-cerro-aumento-salarial-bimestral-y-el-basico-llegara-a-1-000-000.jpg\"><\/div>\n<p> La Asociaci\u00f3n Obrera Minera consigui\u00f3 una suba salarial del 8% para septiembre y octubre. &#8220;Buscamos defender el poder adquisitivo&#8221;, afirm\u00f3 el gremio. <iframe width=\"0\" height=\"0\" border=\"0\"> <script> (function(i,s,o,g,r,a,m){i['GoogleAnalyticsObject']=r;i[r]=i[r]||function(){ (i[r].q=i[r].q||[]).push(arguments)},i[r].l=1*new Date();a=s.createElement(o), m=s.getElementsByTagName(o)[0];a.async=1;a.src=g;m.parentNode.insertBefore(a,m) })(window,document,'script','https:\/\/www.google-analytics.com\/analytics.js','ga'); ga('create', 'GTM-5LW5KQD', 'auto'); ga('require', 'displayfeatures'); ga('set', 'campaignSource', 'RSS Client for iProfesional'); ga('set', 'campaignMedium', 'RSS Client for iProfesional'); ga('set', {\"dataSource\": \"rss.atom.iprofesional.com\"}); ga('set', {\"referrer\": \"rss.atom.iprofesional.com\"}); ga('set', 'title', 'RSS Client for iProfesional'); ga('send', 'pageview'); <\/script> <!-- Begin comScore Tag --> <script> var _comscore = _comscore || []; _comscore.push({ c1: \"2\", c2: \"16597048\" }); (function() { var s = document.createElement(\"script\"), el = document.getElementsByTagName(\"script\")[0]; s.async = true; s.src = \"https:\/\/sb.scorecardresearch.com\/cs\/16597048\/beacon.js\"; el.parentNode.insertBefore(s, el); })(); <\/script> <noscript> <img decoding=\"async\" src=\"http:\/\/latecordoba.com\/wp-content\/uploads\/2024\/10\/gremio-estrategico-cerro-aumento-salarial-bimestral-y-el-basico-llegara-a-1-000-000.gif\"> <\/noscript> <!-- End comScore Tag --> <\/iframe> <iframe border=\"0px\" style=\"display: none\" width=0 height=0 src=\"https:\/\/www.iprofesional.com\/ga4.html?gtag_id=G-N13KWJP8BK&amp;title=Gremio estrat\u00e9gico cerr\u00f3 aumento salarial bimestral y el b\u00e1sico llegar\u00e1 a $1.000.000&amp;location=https:\/\/www.iprofesional.com\/economia\/415986-aumento-salarial-para-obreros-mineros-a-cuanto-se-fueron-sueldos-basicos&amp;referrer=rss.atom.iprofesional.com&amp;ci=RSS Client for iProfesional&amp;cs=RSS Client for iProfesional&amp;cm=RSS&amp;cn=RSS Client for iProfesional&amp;cc=RSS Client for iProfesional\"><\/iframe>  <\/p>\n","protected":false},"author":1,"featured_media":28804,"comment_status":"closed","ping_status":"closed","sticky":false,"template":"","format":"standard","meta":[],"categories":[18],"tags":[],"_links":{"self":[{"href":"https:\/\/latecordoba.com\/index.php\/wp-json\/wp\/v2\/posts\/28803"}],"collection":[{"href":"https:\/\/latecordoba.com\/index.php\/wp-json\/wp\/v2\/posts"}],"about":[{"href":"https:\/\/latecordoba.com\/index.php\/wp-json\/wp\/v2\/types\/post"}],"author":[{"embeddable":true,"href":"https:\/\/latecordoba.com\/index.php\/wp-json\/wp\/v2\/users\/1"}],"replies":[{"embeddable":true,"href":"https:\/\/latecordoba.com\/index.php\/wp-json\/wp\/v2\/comments?post=28803"}],"version-history":[{"count":0,"href":"https:\/\/latecordoba.com\/index.php\/wp-json\/wp\/v2\/posts\/28803\/revisions"}],"wp:featuredmedia":[{"embeddable":true,"href":"https:\/\/latecordoba.com\/index.php\/wp-json\/wp\/v2\/media\/28804"}],"wp:attachment":[{"href":"https:\/\/latecordoba.com\/index.php\/wp-json\/wp\/v2\/media?parent=28803"}],"wp:term":[{"taxonomy":"category","embeddable":true,"href":"https:\/\/latecordoba.com\/index.php\/wp-json\/wp\/v2\/categories?post=28803"},{"taxonomy":"post_tag","embeddable":true,"href":"https:\/\/latecordoba.com\/index.php\/wp-json\/wp\/v2\/tags?post=28803"}],"curies":[{"name":"wp","href":"https:\/\/api.w.org\/{rel}","templated":true}]}}