{"id":28799,"date":"2024-10-28T11:07:21","date_gmt":"2024-10-28T11:07:21","guid":{"rendered":"https:\/\/elnoticierodigital.com.ar\/?p=2251038"},"modified":"2024-10-28T11:07:21","modified_gmt":"2024-10-28T11:07:21","slug":"que-paso-la-ultima-vez-que-se-vieron-jorge-rial-y-silvia-dauro-su-ex-la-picante-historia-de-rodrigo-lussich","status":"publish","type":"post","link":"https:\/\/latecordoba.com\/index.php\/2024\/10\/28\/que-paso-la-ultima-vez-que-se-vieron-jorge-rial-y-silvia-dauro-su-ex-la-picante-historia-de-rodrigo-lussich\/","title":{"rendered":"Qu\u00e9 pas\u00f3 la \u00faltima vez que se vieron Jorge Rial y Silvia D\u2019Auro, su ex: la picante historia de Rodrigo Lussich"},"content":{"rendered":"<p> <!-- image --><\/p>\n<div class=\"td-post-featured-image\"><a href=\"https:\/\/i0.wp.com\/elnoticierodigital.com.ar\/wp-content\/uploads\/2024\/10\/2251038.jpg?fit=752%2C477&amp;ssl=1\" data-caption><img decoding=\"async\" loading=\"lazy\" width=\"696\" height=\"441\" class=\"entry-thumb td-modal-image\" src=\"http:\/\/latecordoba.com\/wp-content\/uploads\/2024\/10\/que-paso-la-ultima-vez-que-se-vieron-jorge-rial-y-silvia-dauro-su-ex-la-picante-historia-de-rodrigo-lussich.jpg\" srcset=\"http:\/\/latecordoba.com\/wp-content\/uploads\/2024\/10\/que-paso-la-ultima-vez-que-se-vieron-jorge-rial-y-silvia-dauro-su-ex-la-picante-historia-de-rodrigo-lussich-1.jpg 752w, http:\/\/latecordoba.com\/wp-content\/uploads\/2024\/10\/que-paso-la-ultima-vez-que-se-vieron-jorge-rial-y-silvia-dauro-su-ex-la-picante-historia-de-rodrigo-lussich-2.jpg 300w, http:\/\/latecordoba.com\/wp-content\/uploads\/2024\/10\/que-paso-la-ultima-vez-que-se-vieron-jorge-rial-y-silvia-dauro-su-ex-la-picante-historia-de-rodrigo-lussich-3.jpg 150w, http:\/\/latecordoba.com\/wp-content\/uploads\/2024\/10\/que-paso-la-ultima-vez-que-se-vieron-jorge-rial-y-silvia-dauro-su-ex-la-picante-historia-de-rodrigo-lussich.jpg 696w\" sizes=\"(max-width: 696px) 100vw, 696px\" alt title=\"2251038\"><\/a><\/div>\n<p> <!-- content --><\/p>\n<article readability=\"40\">Las cosas entre Jorge Rial y Silvia D\u2019Auro no terminaron del todo bien, ya que el conductor peg\u00f3 un portazo y no quiso volver a saber nada de ella. Es por eso que, apoyado en el paso del tiempo, Rodrigo Lussich se anim\u00f3 a exponer los detalles de ese \u00faltimo encuentro.<\/p>\n<p>Siguiendo los pasos del mundo del streaming, en Socios del Espect\u00e1culo barajaron la posibilidad de hacer un homenaje a Intrusos similar al que OLGA le hizo a Cris Morena. Es por eso que a la hora de pensar en los invitados fue inevitable no imaginarse a Jorge Rial nuevamente junto a Silvia D\u2019Auro.<\/p>\n<p>Fieles a ese humor picante al borde de generar enojo, Rodrigo Lussich y Adri\u00e1n Pallares imaginaron c\u00f3mo ser\u00eda el homenaje a Intrusos. Es por eso que el conductor indic\u00f3 qui\u00e9n no puede faltar: \u201c\u00a1Silvia D\u00b4Auro tiene que estar!\u201d. Ante la curiosidad por haber mencionado su nombre, se record\u00f3 que ella era la encargada de facturar los PNTs (publicidades no tradicionales).<\/p>\n<p>Fue as\u00ed como dejaron de imaginar c\u00f3mo se dar\u00eda este encuentro para comenzar a recordar c\u00f3mo fue la \u00faltima vez que el conductor y su ex pareja estuvieron frente a frente: \u201cSe acuerdan de ese libro de Rial en que dijo que, en el \u00faltimo d\u00eda en que se vieron, ella le mostr\u00f3 los senos y \u00e9l no se los quiso tocar\u201d.<\/p>\n<p>En medio de la sorpresa, Rodrigo Lussich lanz\u00f3 lo que se acordaba de ese hecho que cont\u00f3 el propio conductor en su libro: \u201cPorque \u00e9l entr\u00f3 a su casa, ya estaban separados, y ella le puso las manos en los\u2026 \u00bfEra as\u00ed?\u201d. El hecho de que no haya completado la frase gener\u00f3 sorpresa e incertidumbre.<\/p>\n<p>Es por eso que decidi\u00f3 decir finalmente qu\u00e9 es lo que Silvia D\u2019Auro le hizo a Jorge Rial: \u201c\u00a1Algo dice de los senos! Yo me acuerdo que dijo de las manos en los senos. Cont\u00f3 que ella le mostr\u00f3 y \u00e9l avanz\u00f3 hacia all\u00ed y ella le dijo: Ac\u00e1 est\u00e1n para vos. Y \u00e9l le dijo: No, no los voy a usar\u201d.<\/p>\n<p>A este relato, en su libro, el conductor agrega: \u201cReconozco que fui demasiado duro. Pero lo fui porque no quise que abrigara ninguna esperanza. A partir de ese momento cambi\u00f3 para peor. Me declar\u00f3 una guerra sucia y violenta\u201d.<\/p>\n<\/article>\n<p>Fuente: <a href=\"https:\/\/www.paparazzi.com.ar\/teve\/que-paso-la-ultima-vez-que-se-vieron-jorge-rial-y-silvia-dauro-su-ex\/\">https:\/\/www.paparazzi.com.ar\/<\/a><\/p>\n","protected":false},"excerpt":{"rendered":"<p> Las cosas entre Jorge Rial y Silvia D\u2019Auro no terminaron del todo bien, ya que el conductor peg\u00f3 un portazo y no quiso volver a saber nada de ella. Es por eso que, apoyado en el paso del tiempo, Rodrigo Lussich se anim\u00f3 a exponer los detalles de ese \u00faltimo encuentro. Siguiendo los pasos del [&#8230;]  <\/p>\n","protected":false},"author":1,"featured_media":28800,"comment_status":"closed","ping_status":"closed","sticky":false,"template":"","format":"standard","meta":[],"categories":[14],"tags":[],"_links":{"self":[{"href":"https:\/\/latecordoba.com\/index.php\/wp-json\/wp\/v2\/posts\/28799"}],"collection":[{"href":"https:\/\/latecordoba.com\/index.php\/wp-json\/wp\/v2\/posts"}],"about":[{"href":"https:\/\/latecordoba.com\/index.php\/wp-json\/wp\/v2\/types\/post"}],"author":[{"embeddable":true,"href":"https:\/\/latecordoba.com\/index.php\/wp-json\/wp\/v2\/users\/1"}],"replies":[{"embeddable":true,"href":"https:\/\/latecordoba.com\/index.php\/wp-json\/wp\/v2\/comments?post=28799"}],"version-history":[{"count":0,"href":"https:\/\/latecordoba.com\/index.php\/wp-json\/wp\/v2\/posts\/28799\/revisions"}],"wp:featuredmedia":[{"embeddable":true,"href":"https:\/\/latecordoba.com\/index.php\/wp-json\/wp\/v2\/media\/28800"}],"wp:attachment":[{"href":"https:\/\/latecordoba.com\/index.php\/wp-json\/wp\/v2\/media?parent=28799"}],"wp:term":[{"taxonomy":"category","embeddable":true,"href":"https:\/\/latecordoba.com\/index.php\/wp-json\/wp\/v2\/categories?post=28799"},{"taxonomy":"post_tag","embeddable":true,"href":"https:\/\/latecordoba.com\/index.php\/wp-json\/wp\/v2\/tags?post=28799"}],"curies":[{"name":"wp","href":"https:\/\/api.w.org\/{rel}","templated":true}]}}