{"id":28797,"date":"2024-10-28T00:41:04","date_gmt":"2024-10-28T00:41:04","guid":{"rendered":"http:\/\/7c57909335e0b6d5b03633eaf6760ca2"},"modified":"2024-10-28T00:41:04","modified_gmt":"2024-10-28T00:41:04","slug":"un-empresario-mendocino-compro-omint-y-sacude-el-mercado-de-prepagas","status":"publish","type":"post","link":"https:\/\/latecordoba.com\/index.php\/2024\/10\/28\/un-empresario-mendocino-compro-omint-y-sacude-el-mercado-de-prepagas\/","title":{"rendered":"Un empresario mendocino compr\u00f3 Omint y sacude el mercado de prepagas"},"content":{"rendered":"\n<div class=\"media_block\"><img decoding=\"async\" src=\"http:\/\/latecordoba.com\/wp-content\/uploads\/2024\/10\/un-empresario-mendocino-compro-omint-y-sacude-el-mercado-de-prepagas.jpg\"><\/div>\n<div><img decoding=\"async\" src=\"http:\/\/latecordoba.com\/wp-content\/uploads\/2024\/10\/un-empresario-mendocino-compro-omint-y-sacude-el-mercado-de-prepagas-1.jpg\" class=\"ff-og-image-inserted\"><\/div>\n<p>El selecto club de las prepagas recibi\u00f3 la noticia con sorpresa. Este fin de semana se confirm\u00f3 que Facundo Padro se qued\u00f3 con el 100 por ciento de Omint. Este empresario mendocino ya hab\u00eda comprado la ART de ese grupo.<\/p>\n<p>&#8220;No tiene mucho sentido lo que hizo Prado, pero bueno debe creer que puede hacer un buen negocio sumando la prepaga a la ART, que es un negocio que hoy est\u00e1 muerto, salvo que el gobierno haga algo para reactivarlo&#8221;, afirm\u00f3 a LPO un directivo del sector. <\/p>\n<p>El v\u00ednculo de este empresario con el gobierno es un tema interesante. Una fuente del sector afirm\u00f3 a LPO que Prado tiene una relaci\u00f3n muy directa con el ministro de Salud, Mario Lugones. Pero otro empresario de la Salud relativiz\u00f3 ese dato: &#8220;No creo que Lugones est\u00e9 atr\u00e1s de Pardo, que es un buen tipo&#8221;.<\/p>\n<p>Como sea, Omint fue la segunda prepaga que aument\u00f3 m\u00e1s fuerte la cuota para noviembre, llev\u00e1ndola a un 6,30%, ante la mirada complaciente del gobierno. Gentileza que no tuvieron con Galeno que luego de comunicar un aumento similar, lo retrotrajeron un punto.<\/p>\n<p>&#8220;La decisi\u00f3n de Galeno de revertir un aumento ya comunicado s\u00f3lo se explica por una intervenci\u00f3n del gobierno&#8221;, afirm\u00f3 a LPO el empresario consultado.<\/p>\n","protected":false},"excerpt":{"rendered":"\n<div class=\"media_block\"><img decoding=\"async\" src=\"http:\/\/latecordoba.com\/wp-content\/uploads\/2024\/10\/un-empresario-mendocino-compro-omint-y-sacude-el-mercado-de-prepagas.jpg\"><\/div>\n<p>Facundo Prado se qued\u00f3 con la prepaga que fue la segunda que m\u00e1s aumentos aplic\u00f3 para noviembre, con el visto bueno del gobierno.  <\/p>\n","protected":false},"author":1,"featured_media":28798,"comment_status":"closed","ping_status":"closed","sticky":false,"template":"","format":"standard","meta":[],"categories":[18],"tags":[],"_links":{"self":[{"href":"https:\/\/latecordoba.com\/index.php\/wp-json\/wp\/v2\/posts\/28797"}],"collection":[{"href":"https:\/\/latecordoba.com\/index.php\/wp-json\/wp\/v2\/posts"}],"about":[{"href":"https:\/\/latecordoba.com\/index.php\/wp-json\/wp\/v2\/types\/post"}],"author":[{"embeddable":true,"href":"https:\/\/latecordoba.com\/index.php\/wp-json\/wp\/v2\/users\/1"}],"replies":[{"embeddable":true,"href":"https:\/\/latecordoba.com\/index.php\/wp-json\/wp\/v2\/comments?post=28797"}],"version-history":[{"count":0,"href":"https:\/\/latecordoba.com\/index.php\/wp-json\/wp\/v2\/posts\/28797\/revisions"}],"wp:featuredmedia":[{"embeddable":true,"href":"https:\/\/latecordoba.com\/index.php\/wp-json\/wp\/v2\/media\/28798"}],"wp:attachment":[{"href":"https:\/\/latecordoba.com\/index.php\/wp-json\/wp\/v2\/media?parent=28797"}],"wp:term":[{"taxonomy":"category","embeddable":true,"href":"https:\/\/latecordoba.com\/index.php\/wp-json\/wp\/v2\/categories?post=28797"},{"taxonomy":"post_tag","embeddable":true,"href":"https:\/\/latecordoba.com\/index.php\/wp-json\/wp\/v2\/tags?post=28797"}],"curies":[{"name":"wp","href":"https:\/\/api.w.org\/{rel}","templated":true}]}}