{"id":28753,"date":"2024-10-17T03:25:41","date_gmt":"2024-10-17T03:25:41","guid":{"rendered":"http:\/\/e0b1603c6c32003141f72406e70a6318"},"modified":"2024-10-17T03:25:41","modified_gmt":"2024-10-17T03:25:41","slug":"valdes-fue-elegido-presidente-de-la-region-litoral","status":"publish","type":"post","link":"https:\/\/latecordoba.com\/index.php\/2024\/10\/17\/valdes-fue-elegido-presidente-de-la-region-litoral\/","title":{"rendered":"Vald\u00e9s fue elegido presidente de la Regi\u00f3n Litoral"},"content":{"rendered":"\n<div class=\"media_block\"><img decoding=\"async\" src=\"http:\/\/latecordoba.com\/wp-content\/uploads\/2024\/10\/valdes-fue-elegido-presidente-de-la-region-litoral.jpg\"><\/div>\n<div><img decoding=\"async\" src=\"http:\/\/latecordoba.com\/wp-content\/uploads\/2024\/10\/valdes-fue-elegido-presidente-de-la-region-litoral-1.jpg\" class=\"ff-og-image-inserted\"><\/div>\n<p>&nbsp;El gobernador de Corrientes, Gustavo Vald\u00e9s, fue elegido presidente pro t\u00e9mpore de la Regi\u00f3n Litoral y manifest\u00f3 la necesidad de la &#8220;uni\u00f3n de las provincias&#8221; que integran ese bloque del noreste argentino.<\/p>\n<p>De esta manera, seg\u00fan indicaron fuentes de la gobernaci\u00f3n de Corrientes, tras la firma del acta constitutiva Vald\u00e9s ser\u00e1 quien encabece el bloque regional que integran, adem\u00e1s, las provincias de Chaco, Santa Fe, Entre R\u00edos, Misiones y Formosa.<\/p>\n<p>Durante el acto, el mandatario correntino y flamante presidente del bloque regional manifest\u00f3 la necesidad de que &#8220;las provincias trabajen en conjunto y traz\u00f3 como prioridades la Hidrov\u00eda, la energ\u00eda y la distribuci\u00f3n de recursos&#8221;.<\/p>\n<p>La asunci\u00f3n del mandatario provincial al frente de la Regi\u00f3n Litoral se llev\u00f3 a cabo tras una reuni\u00f3n de trabajo junto a los gobernadores de de Santa Fe, Maximiliano Pullaro; de Chaco, Leandro Zdero; de Entre R\u00edos, Rogelio Frigerio; de Misiones, Hugo Passalacqua; y el vicegobernador de Formosa, Eber Solis, en representaci\u00f3n del mandatario de esa provincia, Gildo Insfr\u00e1n.<\/p>\n","protected":false},"excerpt":{"rendered":"\n<div class=\"media_block\"><img decoding=\"async\" src=\"http:\/\/latecordoba.com\/wp-content\/uploads\/2024\/10\/valdes-fue-elegido-presidente-de-la-region-litoral.jpg\"><\/div>\n<p>El gobernador de Corrientes fue elegido presidente pro t\u00e9mpore del bloque que integran Santa Fe, Entre R\u00edos, Chaco, Formosa y Misiones.  <\/p>\n","protected":false},"author":1,"featured_media":28754,"comment_status":"closed","ping_status":"closed","sticky":false,"template":"","format":"standard","meta":[],"categories":[18],"tags":[],"_links":{"self":[{"href":"https:\/\/latecordoba.com\/index.php\/wp-json\/wp\/v2\/posts\/28753"}],"collection":[{"href":"https:\/\/latecordoba.com\/index.php\/wp-json\/wp\/v2\/posts"}],"about":[{"href":"https:\/\/latecordoba.com\/index.php\/wp-json\/wp\/v2\/types\/post"}],"author":[{"embeddable":true,"href":"https:\/\/latecordoba.com\/index.php\/wp-json\/wp\/v2\/users\/1"}],"replies":[{"embeddable":true,"href":"https:\/\/latecordoba.com\/index.php\/wp-json\/wp\/v2\/comments?post=28753"}],"version-history":[{"count":0,"href":"https:\/\/latecordoba.com\/index.php\/wp-json\/wp\/v2\/posts\/28753\/revisions"}],"wp:featuredmedia":[{"embeddable":true,"href":"https:\/\/latecordoba.com\/index.php\/wp-json\/wp\/v2\/media\/28754"}],"wp:attachment":[{"href":"https:\/\/latecordoba.com\/index.php\/wp-json\/wp\/v2\/media?parent=28753"}],"wp:term":[{"taxonomy":"category","embeddable":true,"href":"https:\/\/latecordoba.com\/index.php\/wp-json\/wp\/v2\/categories?post=28753"},{"taxonomy":"post_tag","embeddable":true,"href":"https:\/\/latecordoba.com\/index.php\/wp-json\/wp\/v2\/tags?post=28753"}],"curies":[{"name":"wp","href":"https:\/\/api.w.org\/{rel}","templated":true}]}}