{"id":28719,"date":"2024-10-16T23:00:18","date_gmt":"2024-10-16T23:00:18","guid":{"rendered":"http:\/\/599ba8491cfc6a6f4dbd28e5ac0719d0"},"modified":"2024-10-16T23:00:18","modified_gmt":"2024-10-16T23:00:18","slug":"boleta-unica-karina-teme-la-rebelion-de-los-frankestein-libertarios","status":"publish","type":"post","link":"https:\/\/latecordoba.com\/index.php\/2024\/10\/16\/boleta-unica-karina-teme-la-rebelion-de-los-frankestein-libertarios\/","title":{"rendered":"Boleta \u00danica: Karina teme la rebeli\u00f3n de los Frankestein libertarios"},"content":{"rendered":"\n<div class=\"media_block\"><img decoding=\"async\" src=\"http:\/\/latecordoba.com\/wp-content\/uploads\/2024\/10\/boleta-unica-karina-teme-la-rebelion-de-los-frankestein-libertarios.jpg\"><\/div>\n<div><img decoding=\"async\" src=\"http:\/\/latecordoba.com\/wp-content\/uploads\/2024\/10\/boleta-unica-karina-teme-la-rebelion-de-los-frankestein-libertarios-1.jpg\" class=\"ff-og-image-inserted\"><\/div>\n<p>En el armado de Karina Milei ya temen que la boleta \u00fanica propicie una rebeli\u00f3n de los Frankestein libertarios, que podr\u00edan complicar los planes de la Rosada en las elecciones del a\u00f1o que viene.<\/p>\n<p>Carlos Menem supo administrar el uso de famosos en sus listas. Tanto Palito Ortega, Daniel Scioli y Carlos Reutemann deb\u00edan pagar sus candidaturas con la lealtad que implica formar parte de la lista del gobierno.&nbsp;<\/p>\n<p>Su sobrino Mart\u00edn Menem ahora est\u00e1 a la cabeza del armado de Karina y enfrenta una situaci\u00f3n bastante m\u00e1s desfavorable. Con la boleta \u00fanica que beneficia a las figuras por sobre los partidos, muchos libertarios que ya quedaron afuera de la consideraci\u00f3n de la hermana presidencial pueden ser un problema para el oficialismo.<\/p>\n<p>En el armado libertario ven con cautela el caso del escritor conservador Agust\u00edn Laje, que tiene casi 900 mil seguidores en Twitter y es reconocido internacionalmente en los c\u00edrculos de la derecha. En algunos lugares incluso m\u00e1s que Milei. Si decide competir en C\u00f3rdoba con un sello propio, le va a complicar la elecci\u00f3n a la Rosada. <\/p>\n<p>En esa provincia Karina tiene otras intenciones: de ah\u00ed es Gabriel Bornoroni, jefe del bloque libertario en Diputados que est\u00e1 a cargo del partido y quiere competir por la gobernaci\u00f3n en 2027. Tambi\u00e9n puede ser candidata la canciller Diana Mondino, que en las elecciones pasadas se present\u00f3 en Capital Federal. <\/p>\n<p>Entre los libertarios dicen que en un caso as\u00ed, los perfiles como el de Bornoroni y Mondino llevan las de perder contra alguien como Laje con la boleta \u00fanica. Creen que eso les puede pasar en todas las provincias.<\/p>\n<p>&#8220;Si Fantino quiere ir de candidato en Santa Fe por el partido de la pindonga no podemos hacer nada para frenarlo&#8221;, dijeron a LPO en el armado libertario. <\/p>\n<figure class=\"vsmwidget widget-wrapper iframehidden widget-type-youtube youtube \" vsmtype=\"youtube\" contenteditable=\"false\" hiturl=\"\/tools\/hit.php?d=39dad6c21a8dbd1e4ef08a22cce6a50b;;&amp;a=210\"><iframe loading=\"lazy\" width=\"560\" height=\"315\" src=\"https:\/\/www.youtube.com\/embed\/3RJo_lB0cRc?si=AoC6B5_QaF1iCY3d\" title=\"YouTube video player\" frameborder=\"0\" allow=\"accelerometer; autoplay; clipboard-write; encrypted-media; gyroscope; picture-in-picture; web-share\" referrerpolicy=\"strict-origin-when-cross-origin\" allowfullscreen>[embedded content]<\/iframe><\/figure>\n<p>El Gordo Dan, que admiti\u00f3 en TN que no descarta ser candidato, tiene 252 mil seguidores en Twitter y es la cara visible del streaming libertario Carajo. Tiene mayor visibilidad que algunos ministros y ni que hablar de los libertarios de Santiago del Estero, su provincia. La semana pasada Karina viaj\u00f3 a Santiago para presentar como su referente a Tom\u00e1s Figueroa, que no tiene Twitter.<\/p>\n<p>Dannan, El Presto y Nicol\u00e1s M\u00e1rquez, el bi\u00f3grafo de Milei, son otros sat\u00e9lites del mundo libertario que no tienen jefes y tienen cientos de miles de interacciones mensuales en redes (ver informe). En el gobierno creen que este tipo de perfiles son todos mini Milei que pueden hacer el mismo camino que hizo el presidente para llegar a la Rosada.<\/p>\n<figure class=\"vsmwidget widget-type-scribd\" vsmtype=\"scribd\" contenteditable=\"false\" readability=\"-2.4864864864865\">\n<p><a title=\"View Analisis de Cuentas y Amplificadores Oficialistas en Redes on Scribd\" href=\"https:\/\/www.scribd.com\/document\/780858706\/Analisis-de-Cuentas-y-Amplificadores-Oficialistas-en-Redes#from_embed\">Analisis de Cuentas y Ampli&#8230;<\/a> by <a title=\"View LPO's profile on Scribd\" href=\"https:\/\/www.scribd.com\/user\/629716430\/LPO#from_embed\">LPO<\/a><\/p>\n<\/figure>\n","protected":false},"excerpt":{"rendered":"\n<div class=\"media_block\"><img decoding=\"async\" src=\"http:\/\/latecordoba.com\/wp-content\/uploads\/2024\/10\/boleta-unica-karina-teme-la-rebelion-de-los-frankestein-libertarios.jpg\"><\/div>\n<p>Los sat\u00e9lites libertarios como Agust\u00edn Laje y el Gordo Dan le pueden complicar las candidaturas en las provincias.  <\/p>\n","protected":false},"author":1,"featured_media":28720,"comment_status":"closed","ping_status":"closed","sticky":false,"template":"","format":"standard","meta":[],"categories":[18],"tags":[],"_links":{"self":[{"href":"https:\/\/latecordoba.com\/index.php\/wp-json\/wp\/v2\/posts\/28719"}],"collection":[{"href":"https:\/\/latecordoba.com\/index.php\/wp-json\/wp\/v2\/posts"}],"about":[{"href":"https:\/\/latecordoba.com\/index.php\/wp-json\/wp\/v2\/types\/post"}],"author":[{"embeddable":true,"href":"https:\/\/latecordoba.com\/index.php\/wp-json\/wp\/v2\/users\/1"}],"replies":[{"embeddable":true,"href":"https:\/\/latecordoba.com\/index.php\/wp-json\/wp\/v2\/comments?post=28719"}],"version-history":[{"count":0,"href":"https:\/\/latecordoba.com\/index.php\/wp-json\/wp\/v2\/posts\/28719\/revisions"}],"wp:featuredmedia":[{"embeddable":true,"href":"https:\/\/latecordoba.com\/index.php\/wp-json\/wp\/v2\/media\/28720"}],"wp:attachment":[{"href":"https:\/\/latecordoba.com\/index.php\/wp-json\/wp\/v2\/media?parent=28719"}],"wp:term":[{"taxonomy":"category","embeddable":true,"href":"https:\/\/latecordoba.com\/index.php\/wp-json\/wp\/v2\/categories?post=28719"},{"taxonomy":"post_tag","embeddable":true,"href":"https:\/\/latecordoba.com\/index.php\/wp-json\/wp\/v2\/tags?post=28719"}],"curies":[{"name":"wp","href":"https:\/\/api.w.org\/{rel}","templated":true}]}}