{"id":28717,"date":"2024-10-16T01:04:23","date_gmt":"2024-10-16T01:04:23","guid":{"rendered":"http:\/\/6a2d71a53d8b9ebf9953c779a1aad50c"},"modified":"2024-10-16T01:04:23","modified_gmt":"2024-10-16T01:04:23","slug":"versiones-de-un-encuentro-entre-cristina-y-kicillof-sacudieron-al-peronismo","status":"publish","type":"post","link":"https:\/\/latecordoba.com\/index.php\/2024\/10\/16\/versiones-de-un-encuentro-entre-cristina-y-kicillof-sacudieron-al-peronismo\/","title":{"rendered":"Versiones de un encuentro entre Cristina y Kicillof sacudieron al peronismo"},"content":{"rendered":"\n<div class=\"media_block\"><img decoding=\"async\" src=\"http:\/\/latecordoba.com\/wp-content\/uploads\/2024\/10\/versiones-de-un-encuentro-entre-cristina-y-kicillof-sacudieron-al-peronismo.jpg\"><\/div>\n<div><img decoding=\"async\" src=\"http:\/\/latecordoba.com\/wp-content\/uploads\/2024\/10\/versiones-de-un-encuentro-entre-cristina-y-kicillof-sacudieron-al-peronismo-1.jpg\" class=\"ff-og-image-inserted\"><\/div>\n<p>La jornada del martes estuvo atravesada por versiones cruzadas de una reuni\u00f3n entre Cristina Kirchner y Axel Kicillof que buscaba saldar diferencias por la conducci\u00f3n del PJ nacional. En ambas partes hubo un hermetismo total y sobre el final del d\u00eda cobr\u00f3 fuerza la versi\u00f3n de que el encuentro no se pudo lograr.<\/p>\n<p>Son horas fren\u00e9ticas en el peronismo. Las versiones generaron una enorme expectativa en medio de un reordenamiento del peronismo que encuentra a la ex presidenta y al gobernador -por ahora- en veredas opuestas. Por lo pronto, desde el gobierno ya enviaron la convocatoria a la prensa para el acto del jueves en Berisso donde Kicillof y su armado pol\u00edtico conmemorar\u00e1 el D\u00eda de la Lealtad, una de las fechas m\u00e1s sentidas en el calendario peronista.<\/p>\n<p>El \u00faltimo contacto en persona entre Cristina y Kicillof fue en Merlo cuando Cristina dio una clase en la Universidad del Oeste (UNO). All\u00ed, la ex presidenta hizo subir al gobernador al escenario. LPO adelant\u00f3 que horas previas <a href=\"https:\/\/www.lapoliticaonline.com\/provincia\/fuerte-acercamiento-de-kicillof-a-cristina-tras-una-reunion-de-dos-horas\/\">hab\u00edan conversado distendidos.<\/a><\/p>\n<p>Por entonces, Kicillof ya trabajaba para la candidatura de Ricardo Quintela en el PJ nacional -el gobernador <a href=\"https:\/\/www.lapoliticaonline.com\/politica\/quintela-se-reunio-con-kicillof-en-la-rioja-y-lo-mencionan-como-presidente-del-pj\/\">estuvo en agosto en esa provincia del NOA<\/a>&#8211; mientras que Cristina no hab\u00eda decidido disputar la conducci\u00f3n del peronismo.<\/p>\n<p><a href=\"https:\/\/www.lapoliticaonline.com\/tools\/redirect.php?t=3&amp;i=301375&amp;s=a26129bd09709077affae5637c438a30\" class=\"link-type-content content-type-noticia-ar\">Cristina present\u00f3 lista para el PJ y Larroque invita a Quintela a un acto con Kicillof<\/a><\/p>\n<p>Semanas m\u00e1s tarde, Cristina sorprendi\u00f3 con una bajada al territorio en La Matanza, justo en momentos en que Kicillof estaba en M\u00e9xico invitado para la asunci\u00f3n presidencial de Claudia Sheinbaum.<\/p>\n<p>Kicillof mantuvo un inc\u00f3modo silencio ante la candidatura de Cristina. En el kirchnerismo salen a recordar que la ex presidenta impuls\u00f3 su desembarco en la provincia. Ayer lo plante\u00f3 Oscar Parrilli y hoy lo dijo Mayra Mendoza.<\/p>\n<p>Tampoco salieron a respaldar a Cristina los ministros del gobernador. S\u00f3lo la ministra de Ambiente, Daniela Vilar, pidi\u00f3 a la militancia que sume avales para la ex presidenta. En tanto, Florencia Saintout (Cultura) reposte\u00f3 la carta abierta con la que Cristina comunic\u00f3 su postulaci\u00f3n a la conducci\u00f3n del partido.<\/p>\n<p>Mientras tanto, el ministro de Desarrollo, Andr\u00e9s Larroque, puso a su agrupaci\u00f3n al frente de un operativo <a href=\"https:\/\/www.lapoliticaonline.com\/politica\/impensado-larroque-junta-avales-para-competir-contra-cristina\/\">en busca de avales para Quintela<\/a> en la provincia de Buenos Aires, un desaf\u00edo directo a Cristina y La C\u00e1mpora.<\/p>\n<p><a href=\"https:\/\/www.lapoliticaonline.com\/tools\/redirect.php?t=3&amp;i=301289&amp;s=a0196f41347d8326d3a87d23f627816f\" class=\"link-type-content content-type-noticia-ar\">Larroque junta avales para competir contra Cristina<\/a><\/p>\n<p>Por lo pronto, el apoderado del partido, Eduardo L\u00f3pez Wesselhoefft, comenz\u00f3 a formalizar la elecci\u00f3n interna. A trav\u00e9s de una carta le solicit\u00f3 oficialmente a Lisandro Catal\u00e1n, vicejefe de Gabinete del ministerio del Interior, 6.000 urnas para la elecci\u00f3n del 17 de noviembre. El pedido de L\u00f3pez Wesselhoefft es una formalidad prevista en el cronograma que traslada a la militancia peronista a un escenario indeseado.<\/p>\n<p>El lunes, los apoderados de Cristina formalizaron la reserva de nombre, color y n\u00famero en un paso m\u00e1s para la pelea por el partido. La lista se llamar\u00e1 &#8220;Primero La Patria&#8221;, el color ser\u00e1 celeste y blanco y llevar\u00e1 el n\u00famero 2.<\/p>\n<p>Anabel Fern\u00e1ndez Sagasti, Teresa Garc\u00eda y Gustavo Arrieta avanzaron con las formalidades mientras se espera se busca concretar un encuentro entre la ex presidenta y Quintela, quien formaliz\u00f3 su candidatura la semana pasada.<\/p>\n<p>El lunes hubo contactos entre los secretarios de Cristina y de Quintela. El emisario del gobernaci\u00f3n riojano consult\u00f3 si Cristina podr\u00eda recibir a Quintela el jueves, el viernes o el s\u00e1bado que viene, ya sobre el filo del cierre de listas. La respuesta fue que la ex presidenta est\u00e1 dispuesta a recibirlo.<\/p>\n","protected":false},"excerpt":{"rendered":"\n<div class=\"media_block\"><img decoding=\"async\" src=\"http:\/\/latecordoba.com\/wp-content\/uploads\/2024\/10\/versiones-de-un-encuentro-entre-cristina-y-kicillof-sacudieron-al-peronismo.jpg\"><\/div>\n<p>En ambos sectores hubo total hermetismo. El gobernador avanza con su acto en Berisso y el apoderado del partido le pide urnas a Guillermo Francos.  <\/p>\n","protected":false},"author":1,"featured_media":28718,"comment_status":"closed","ping_status":"closed","sticky":false,"template":"","format":"standard","meta":[],"categories":[18],"tags":[],"_links":{"self":[{"href":"https:\/\/latecordoba.com\/index.php\/wp-json\/wp\/v2\/posts\/28717"}],"collection":[{"href":"https:\/\/latecordoba.com\/index.php\/wp-json\/wp\/v2\/posts"}],"about":[{"href":"https:\/\/latecordoba.com\/index.php\/wp-json\/wp\/v2\/types\/post"}],"author":[{"embeddable":true,"href":"https:\/\/latecordoba.com\/index.php\/wp-json\/wp\/v2\/users\/1"}],"replies":[{"embeddable":true,"href":"https:\/\/latecordoba.com\/index.php\/wp-json\/wp\/v2\/comments?post=28717"}],"version-history":[{"count":0,"href":"https:\/\/latecordoba.com\/index.php\/wp-json\/wp\/v2\/posts\/28717\/revisions"}],"wp:featuredmedia":[{"embeddable":true,"href":"https:\/\/latecordoba.com\/index.php\/wp-json\/wp\/v2\/media\/28718"}],"wp:attachment":[{"href":"https:\/\/latecordoba.com\/index.php\/wp-json\/wp\/v2\/media?parent=28717"}],"wp:term":[{"taxonomy":"category","embeddable":true,"href":"https:\/\/latecordoba.com\/index.php\/wp-json\/wp\/v2\/categories?post=28717"},{"taxonomy":"post_tag","embeddable":true,"href":"https:\/\/latecordoba.com\/index.php\/wp-json\/wp\/v2\/tags?post=28717"}],"curies":[{"name":"wp","href":"https:\/\/api.w.org\/{rel}","templated":true}]}}