{"id":28711,"date":"2024-10-15T22:23:41","date_gmt":"2024-10-15T22:23:41","guid":{"rendered":"https:\/\/www.eldiariodeturismo.com.ar\/?p=253645"},"modified":"2024-10-15T22:23:41","modified_gmt":"2024-10-15T22:23:41","slug":"maria-isabel-droguett-y-rodrigo-reinoso-la-idea-de-hotel-director-y-45-by-director-siempre-es-sorprender-encantar","status":"publish","type":"post","link":"https:\/\/latecordoba.com\/index.php\/2024\/10\/15\/maria-isabel-droguett-y-rodrigo-reinoso-la-idea-de-hotel-director-y-45-by-director-siempre-es-sorprender-encantar\/","title":{"rendered":"Mar\u00eda Isabel Droguett y Rodrigo Reinoso: \u201cLa idea de Hotel Director y 45 by Director siempre es sorprender, encantar\u201d"},"content":{"rendered":"\n<p><strong>Presentes en la Feria Internacional de Turismo 2024, Mar\u00eda Isabel Droguett, Gerente Comercial de Director Hoteles y Rodrigo Donoso, Gerente General de los hoteles Director y 45 by Director<\/strong>, comparten las novedades de las propiedades de la cadena chilena y sus apreciaciones sobre la feria.<\/p>\n<p>Sobre el <strong>Hotel Director Vitacura, Mar\u00eda Isabel Droguett <\/strong>coment\u00f3: <em>\u201cHemos reformado el <\/em><em>anterior restaurante La Vendimia que pas\u00f3 a llamarse <strong>NOSU Restaurante<\/strong> estrenando su nueva carta el 1\u00b0 de octubre. Estamos remodelando el hotel con Grisanti &amp; Cussen y est\u00e1 quedando muy lindo .Esperamos tenerlo para diciembre de 2025\u201d.<\/em><\/p>\n<p>A su vez,<strong> Rodrigo Donoso <\/strong>nos dio las noticias de<strong> 45 by Director: <\/strong><em>\u201cActualmente estamos remodelando toda el \u00e1rea gastron\u00f3mica: nuestro antiguo Bar Nkiru ahora pasa a llamarse <strong>The Green Room<\/strong> con un concepto m\u00e1s elegante y exclusivo. Es un Bar de Tapas bajo la cocina del <strong>chef Sergio Barroso<\/strong> y cocteler\u00eda de tendencia que van de la mano de otros polos gastron\u00f3micos: nuestro <strong>Olam Restaurant<\/strong> que se encuentra dentro de los LatinAmerica\u2019s 50 Best Restaurants y nuestro<strong> 45 Bistr\u00f3 by Sergio Barroso<\/strong>, que es el restaurante ejecutivo para el almuerzo y exclusivo para nuestros hu\u00e9spedes en la noche\u201d.&nbsp;<\/em><em>\u201cNuestro lema para <strong>45 by Director es Elegantemente atrevido<\/strong>\u201d,<\/em> afirm\u00f3 <strong>Droguett<\/strong>.<\/p>\n<p>Localizados en tranquilas zonas privilegiadas de Santiago de Chile, tanto <strong>45 by Director<\/strong> (ubicado en la Comuna de Las Condes) como el <strong>Hotel Director<\/strong> (en la Comuna de Vitacura) se encuentran a pasos de los mejores polos gastron\u00f3micos, shoppings, malls, a 1:30 hs de la playa, a 1 hora de la nieve, cerca de las vi\u00f1as, son puntos de f\u00e1cil acceso por autopista y con muy buena accesibilidad en transporte p\u00fablico por lo que son ideales para una agradable estad\u00eda en la capital chilena.<\/p>\n<h4>&nbsp;<\/h4>\n<figure class=\"wp-block-embed is-type-video is-provider-youtube wp-block-embed-youtube wp-embed-aspect-16-9 wp-has-aspect-ratio\">\n<div class=\"wp-block-embed__wrapper\">\n<div class=\"fitvids-video\"><iframe loading=\"lazy\" title=\"Maria Isabel Droguett y Rodrigo Reinoso, Director Hoteles Chile \u2010 FIT 2024 - El Diario de Turismo\" width=\"800\" height=\"450\" src=\"https:\/\/www.youtube.com\/embed\/vGE6ato3tpw?feature=oembed\" frameborder=\"0\" allow=\"accelerometer; autoplay; clipboard-write; encrypted-media; gyroscope; picture-in-picture; web-share\" referrerpolicy=\"strict-origin-when-cross-origin\" allowfullscreen>[embedded content]<\/iframe><\/div>\n<\/div>\n<\/figure>\n<h3>&nbsp;<\/h3>\n<p><a href=\"https:\/\/45bydirector.cl\/\" target=\"_blank\" rel=\"noopener\"><img loading=\"lazy\" decoding=\"async\" class=\"wp-image-253647 size-full aligncenter\" src=\"http:\/\/latecordoba.com\/wp-content\/uploads\/2024\/10\/maria-isabel-droguett-y-rodrigo-reinoso-la-idea-de-hotel-director-y-45-by-director-siempre-es-sorprender-encantar.jpg\" alt width=\"500\" height=\"281\" srcset=\"http:\/\/latecordoba.com\/wp-content\/uploads\/2024\/10\/maria-isabel-droguett-y-rodrigo-reinoso-la-idea-de-hotel-director-y-45-by-director-siempre-es-sorprender-encantar.jpg 500w, https:\/\/www.eldiariodeturismo.com.ar\/wp-content\/uploads\/2024\/10\/45-300x169.jpg 300w\" sizes=\"(max-width: 500px) 100vw, 500px\"><\/a><\/p>\n","protected":false},"excerpt":{"rendered":"<p> Presentes en la Feria Internacional de Turismo 2024, Mar\u00eda Isabel Droguett, Gerente Comercial de Director Hoteles y Rodrigo Donoso, Gerente  <\/p>\n","protected":false},"author":1,"featured_media":28712,"comment_status":"open","ping_status":"closed","sticky":false,"template":"","format":"standard","meta":[],"categories":[19],"tags":[],"_links":{"self":[{"href":"https:\/\/latecordoba.com\/index.php\/wp-json\/wp\/v2\/posts\/28711"}],"collection":[{"href":"https:\/\/latecordoba.com\/index.php\/wp-json\/wp\/v2\/posts"}],"about":[{"href":"https:\/\/latecordoba.com\/index.php\/wp-json\/wp\/v2\/types\/post"}],"author":[{"embeddable":true,"href":"https:\/\/latecordoba.com\/index.php\/wp-json\/wp\/v2\/users\/1"}],"replies":[{"embeddable":true,"href":"https:\/\/latecordoba.com\/index.php\/wp-json\/wp\/v2\/comments?post=28711"}],"version-history":[{"count":0,"href":"https:\/\/latecordoba.com\/index.php\/wp-json\/wp\/v2\/posts\/28711\/revisions"}],"wp:featuredmedia":[{"embeddable":true,"href":"https:\/\/latecordoba.com\/index.php\/wp-json\/wp\/v2\/media\/28712"}],"wp:attachment":[{"href":"https:\/\/latecordoba.com\/index.php\/wp-json\/wp\/v2\/media?parent=28711"}],"wp:term":[{"taxonomy":"category","embeddable":true,"href":"https:\/\/latecordoba.com\/index.php\/wp-json\/wp\/v2\/categories?post=28711"},{"taxonomy":"post_tag","embeddable":true,"href":"https:\/\/latecordoba.com\/index.php\/wp-json\/wp\/v2\/tags?post=28711"}],"curies":[{"name":"wp","href":"https:\/\/api.w.org\/{rel}","templated":true}]}}