{"id":28697,"date":"2024-10-15T15:45:27","date_gmt":"2024-10-15T15:45:27","guid":{"rendered":"http:\/\/ddee88ff6e631d79e2279bace0c4258e"},"modified":"2024-10-15T15:45:27","modified_gmt":"2024-10-15T15:45:27","slug":"un-grupo-de-libertarios-rompe-asambleas-ataco-con-gas-pimienta-a-estudiantes-de-quilmes","status":"publish","type":"post","link":"https:\/\/latecordoba.com\/index.php\/2024\/10\/15\/un-grupo-de-libertarios-rompe-asambleas-ataco-con-gas-pimienta-a-estudiantes-de-quilmes\/","title":{"rendered":"Un grupo de libertarios rompe asambleas atac\u00f3 con gas pimienta a estudiantes de Quilmes"},"content":{"rendered":"\n<div class=\"media_block\"><img decoding=\"async\" src=\"http:\/\/latecordoba.com\/wp-content\/uploads\/2024\/10\/un-grupo-de-libertarios-rompe-asambleas-ataco-con-gas-pimienta-a-estudiantes-de-quilmes.png\"><\/div>\n<div><img decoding=\"async\" src=\"http:\/\/latecordoba.com\/wp-content\/uploads\/2024\/10\/un-grupo-de-libertarios-rompe-asambleas-ataco-con-gas-pimienta-a-estudiantes-de-quilmes-1.png\" class=\"ff-og-image-inserted\"><\/div>\n<p>Un grupo de libertarios trat\u00f3 de romper una asamblea en la Universidad de Quilmes y cuando quisieron echarlos tiraron gas pimienta contra los estudiantes.<\/p>\n<p>El centro de estudiantes hab\u00eda decido una toma con clases en la universidad. Cuando realizaban una asamblea para decidir c\u00f3mo continuar el plan de lucha, un grupo de libertarios quiso romperla.<\/p>\n<p>Mientras hablaba la presidenta del centro, Jony Romero, un libertario que hace once a\u00f1os estudia en la Unqui y milita con la concejal mile\u00edsta Estefan\u00eda Albasetti, interrumpi\u00f3 su discurso y como no le dieron la palabra sac\u00f3 un meg\u00e1fono de la mochila.<\/p>\n<p>Romero hab\u00eda llegado acompa\u00f1ado por otros militantes de LLA que no eran estudiantes de la facultad y la asamblea vot\u00f3 que se retiraran del lugar. En ese momento comenzaron los empujones. Uno de los libertarios sac\u00f3 gas pimienta de su mochila y roci\u00f3 a varios de los presentes. En franca minor\u00eda, los libertarios se dieron a la fuga.<\/p>\n<p>El libertario que arroj\u00f3 gas pimienta es el mismo que en pleno cierre de la T\u00e9lam hab\u00eda ido a la puerta de la agencia a festejar con carteles el fin de un &#8220;gasto in\u00fatil&#8221;. Tras los incidentes en la Unqui acus\u00f3 una lesi\u00f3n en el tobillo y luego apareci\u00f3 en los canales de noticias con una silla de ruedas. Quien sosten\u00eda su silla era la concejal Estefan\u00eda Albasetti.<\/p>\n<p>Albasetti hab\u00eda aconsejado no llevar ni\u00f1os a la marcha universitaria del 2 de octubre porque el gobierno iba a &#8220;repartir palo y gas pimienta&#8221; a los manifestantes.&nbsp;<\/p>\n<p>&#8220;Que se sepa lo que son \u00e9stos mierdas. Zurdos atacaron, golpearon y lastimaron a libertarios&#8221;, se quej\u00f3 luego de la pelea.<\/p>\n<figure class=\"vsmwidget widget-wrapper iframehidden widget-type-youtube youtube \" vsmtype=\"youtube\" contenteditable=\"false\" hiturl=\"\/tools\/hit.php?d=39dad6c21a8dbd1e4ef08a22cce6a50b;;&amp;a=210\"><iframe loading=\"lazy\" width=\"651\" height=\"366\" src=\"https:\/\/www.youtube.com\/embed\/FJSZDoJHx_c?si=nUMGwPJWs831jIpp\" title=\"YouTube video player\" frameborder=\"0\" allow=\"accelerometer; autoplay; clipboard-write; encrypted-media; gyroscope; picture-in-picture; web-share\" referrerpolicy=\"strict-origin-when-cross-origin\" allowfullscreen>[embedded content]<\/iframe><\/figure>\n<p>&#8220;As\u00ed funciona el engranaje mafioso de mentiras, odio y violencia de Javier Milei, Mauricio Macri y Clar\u00edn&#8221;, poste\u00f3 Mayra Mendoza luego de que el diario hubiera titulado &#8220;Agreden a estudiantes de Milei en una universidad K&#8221;.<\/p>\n<figure class=\"vsmwidget widget-type-twitter\" vsmtype=\"twitter\" contenteditable=\"false\" readability=\"-14.633027522936\">\n<blockquote class=\"twitter-tweet\" readability=\"5.9862385321101\">\n<p lang=\"es\" dir=\"ltr\">Asi funciona el engranaje mafioso de mentiras, odio y violencia de <a href=\"https:\/\/twitter.com\/JMilei?ref_src=twsrc%5Etfw\">@JMilei<\/a> <a href=\"https:\/\/twitter.com\/mauriciomacri?ref_src=twsrc%5Etfw\">@mauriciomacri<\/a> y <a href=\"https:\/\/twitter.com\/clarincom?ref_src=twsrc%5Etfw\">@clarincom<\/a> %uD83D%uDC47%uD83C%uDFFD <a href=\"https:\/\/t.co\/xVSvZ1jCgN\">pic.twitter.com\/xVSvZ1jCgN<\/a>\u2014 Mayra Mendoza %u2600%uFE0F (@mayrasmendoza) <a href=\"https:\/\/twitter.com\/mayrasmendoza\/status\/1846165315417145696?ref_src=twsrc%5Etfw\">October 15, 2024<\/a><\/p>\n<\/blockquote>\n<\/figure>\n","protected":false},"excerpt":{"rendered":"\n<div class=\"media_block\"><img decoding=\"async\" src=\"http:\/\/latecordoba.com\/wp-content\/uploads\/2024\/10\/un-grupo-de-libertarios-rompe-asambleas-ataco-con-gas-pimienta-a-estudiantes-de-quilmes.png\"><\/div>\n<p>Militantes libertarios vinculados a una concejal de Quilmes irrumpieron en la asamblea de la Unqui y provocaron incidentes.  <\/p>\n","protected":false},"author":1,"featured_media":28698,"comment_status":"closed","ping_status":"closed","sticky":false,"template":"","format":"standard","meta":[],"categories":[18],"tags":[],"_links":{"self":[{"href":"https:\/\/latecordoba.com\/index.php\/wp-json\/wp\/v2\/posts\/28697"}],"collection":[{"href":"https:\/\/latecordoba.com\/index.php\/wp-json\/wp\/v2\/posts"}],"about":[{"href":"https:\/\/latecordoba.com\/index.php\/wp-json\/wp\/v2\/types\/post"}],"author":[{"embeddable":true,"href":"https:\/\/latecordoba.com\/index.php\/wp-json\/wp\/v2\/users\/1"}],"replies":[{"embeddable":true,"href":"https:\/\/latecordoba.com\/index.php\/wp-json\/wp\/v2\/comments?post=28697"}],"version-history":[{"count":0,"href":"https:\/\/latecordoba.com\/index.php\/wp-json\/wp\/v2\/posts\/28697\/revisions"}],"wp:featuredmedia":[{"embeddable":true,"href":"https:\/\/latecordoba.com\/index.php\/wp-json\/wp\/v2\/media\/28698"}],"wp:attachment":[{"href":"https:\/\/latecordoba.com\/index.php\/wp-json\/wp\/v2\/media?parent=28697"}],"wp:term":[{"taxonomy":"category","embeddable":true,"href":"https:\/\/latecordoba.com\/index.php\/wp-json\/wp\/v2\/categories?post=28697"},{"taxonomy":"post_tag","embeddable":true,"href":"https:\/\/latecordoba.com\/index.php\/wp-json\/wp\/v2\/tags?post=28697"}],"curies":[{"name":"wp","href":"https:\/\/api.w.org\/{rel}","templated":true}]}}