{"id":28685,"date":"2024-10-15T00:31:00","date_gmt":"2024-10-15T00:31:00","guid":{"rendered":"https:\/\/www.iprofesional.com\/economia\/415266-otros-dos-municipios-podran-cobrar-tasas-en-las-facturas-de-servicios-publicos"},"modified":"2024-10-15T00:31:00","modified_gmt":"2024-10-15T00:31:00","slug":"otros-dos-municipios-podran-cobrar-tasas-en-facturas-de-servicios-con-aval-de-la-justicia","status":"publish","type":"post","link":"https:\/\/latecordoba.com\/index.php\/2024\/10\/15\/otros-dos-municipios-podran-cobrar-tasas-en-facturas-de-servicios-con-aval-de-la-justicia\/","title":{"rendered":"Otros dos municipios podr\u00e1n cobrar tasas en facturas de servicios, con aval de la Justicia"},"content":{"rendered":"\n<div class=\"media_block\"><img decoding=\"async\" src=\"http:\/\/latecordoba.com\/wp-content\/uploads\/2024\/10\/otros-dos-municipios-podran-cobrar-tasas-en-facturas-de-servicios-con-aval-de-la-justicia.jpg\"><\/div>\n<div><img decoding=\"async\" src=\"http:\/\/latecordoba.com\/wp-content\/uploads\/2024\/10\/otros-dos-municipios-podran-cobrar-tasas-en-facturas-de-servicios-con-aval-de-la-justicia.webp\" class=\"ff-og-image-inserted\"><\/div>\n<p><strong>Dos nuevos municipios fueron autorizados<\/strong> por la Justicia a<a href=\"https:\/\/www.iprofesional.com\/politica\/413385-que-hara-axel-kicillof-cobro-tasas-municipales-servicios-publicos-resolucion-gobierno-javier-milei\" target=\"_blank\" rel=\"noopener noreferrer\"> seguir cobrando las tasas en las facturas de los servicios p\u00fablicos,<\/a> pese a la postura del Gobierno nacional que busca terminar con estas pr\u00e1cticas.\n<\/p>\n<p>La justicia federal dict\u00f3 resoluciones a favor del municipio de <strong>Quilmes<\/strong>, a cargo de la intendenta <strong>Mayra Mendoza<\/strong>, y de <strong>Escobar<\/strong>, de <strong>Ariel Sujarchuk<\/strong>, mediante las cuales suspendi\u00f3 una resoluci\u00f3n del Gobierno de Javier Milei.\n<\/p>\n<p>Con estos fallos, Quilmes y Escobar se suman a <strong>Pilar<\/strong>, cuyo intendente es Federico Ach\u00e1val, y <strong>Moreno<\/strong>, de Mariel Fern\u00e1ndez, quienes tambi\u00e9n fueron a la Justicia para oponerse a la resoluci\u00f3n 267 de la Secretar\u00eda de Comercio e Industria de la Naci\u00f3n, <a href=\"https:\/\/www.iprofesional.com\/economia\/414866-inflacion-no-baja-luis-caputo-activa-medida-ultimo-recurso\" target=\"_blank\" rel=\"noopener noreferrer\">dependiente del ministerio de Econom\u00eda de Luis Caputo<\/a>.\n<\/p>\n<h2>Dos municipios fueron autorizados a seguir cobrando tasas en las facturas de servicios<\/h2>\n<p>El juez federal de Quilmes <strong>Luis Armella dict\u00f3 una medida cautelar interina a favor del municipio de Quilmes. <\/strong>Y <strong>Adri\u00e1n Gonz\u00e1lez Charvay<\/strong>, titular del juzgado federal de Campana, hizo lo mismo con una medida cautelar a favor de <strong>Escobar <\/strong>por un plazo de seis meses.<span> El mismo magistrado ya hab\u00eda suspendido la resoluci\u00f3n del gobierno para Pilar y Moreno.<\/span>\n<\/p>\n<p>La Secretar\u00eda de Comercio e Industria dispuso en su resoluci\u00f3n que<strong> los municipios ya no podr\u00e1n cobrar m\u00e1s sus tasas municipales en las boletas de servicios p\u00fablicos<\/strong>. La medida se tom\u00f3 para diferenciar los impuestos locales de los servicios y as\u00ed que el cliente pueda distinguir lo que paga. El Gobierno aval\u00f3 que los municipios cobren sus tasas de manera diferenciada con otro mecanismo.\n<\/p>\n<p>Pero las municipalidades objetaron esa decisi\u00f3n: se ampararon en la autonom\u00eda que les da la <strong>Constituci\u00f3n de la provincia de Buenos Aire<\/strong>s, que les permite dictar ordenanzas y <span>firmar convenios con las empresas de servicios p\u00fablicos para cobrar sus tasas,<\/span> lo que as\u00ed hicieron.\n<\/p>\n<p>Adem\u00e1s que una ley de la provincia se los permite y que <strong>esa norma tiene m\u00e1s peso que una resoluci\u00f3n del Ministerio de Econom\u00eda<\/strong>. Sumado a que cobrar sus tasas en las facturas agiliza el cobro y garantizar que se brinden las prestaciones para los ciudadanos de los municipios.\n<\/p>\n<h2>El pedido de la intendenta de Quilmes Mayra Mendoza<\/h2>\n<p>El municipio de <strong>Mayra Mendoza<\/strong> reclam\u00f3 puntualmente poder <span>seguir cobrando su tasa por alumbrado p\u00fablico en la factura de luz de la empresa Edesur<\/span>. Explic\u00f3 que en julio recaud\u00f3<strong> 500 millones de pesos<\/strong> y que dejar de percibir ese monto perjudicar\u00e1 &#8220;el funcionamiento, continuidad, regularidad y eficacia del servicio de alumbrado p\u00fablico&#8221;. As\u00ed el Municipio pidi\u00f3 la inconstitucionalidad de la resoluci\u00f3n y previo a eso una medida cautelar que la suspensa.\n<\/p>\n<p>&#8220;<strong>La Constituci\u00f3n de la Provincia de Buenos Aires, autoriza a los municipios a dictar ordenanzas y reglamentos<\/strong>, dentro de las atribuciones que le confiere, y a votar anualmente su presupuesto y los recursos para costearlo&#8221;, sostuvo el juez Armella en su resoluci\u00f3n a la que accedi\u00f3 este medio y en la que record\u00f3 que desde el 2001 Edesur y Quilmes tienen firmado un convenio para cobrar la tasa municipal lo que adem\u00e1s fue aprobado por el Ente Nacional Regulador de la Electricidad (ENRE).\n<\/p>\n<p>&#8220;M\u00e1s all\u00e1 del juicio de valor que se pueda predicar al respecto,<span> lo cierto es que el cese de este procedimiento o modalidad de percepci\u00f3n, sustentado en el convenio referido y aprobado oportunamente por el ENRE,<\/span> es susceptible de afectar derechos y obligaciones all\u00ed contenidas&#8221;, sostuvo el magistrado.\n<\/p>\n<p>Armella entendi\u00f3 como<strong> &#8220;urgente&#8221; el reclamo del municipio<\/strong> y lo acept\u00f3 porque se cumplen los requisitos de veros\u00edmil en el derecho y un peligro en la demora y habl\u00f3 sobre &#8220;las graves y objetivamente impostergables circunstancias de hecho y derecho en las que se enmarca la presente acci\u00f3n, que, de no hacerse lugar a dicha medida, implicar\u00eda un grave perjuicio para la Municipalidad de Quilmes&#8221;.\n<\/p>\n<p>As\u00ed dict\u00f3 una medida cautelar interina que suspendi\u00f3 la resoluci\u00f3n del gobierno nacional y le permite a Quilmes continuar con el cobro de su tasa por alumbrado p\u00fablico en la factura de luz. La causa judicial contin\u00faa. El juez le dio al gobierno un plazo de tres d\u00edas para contestar la demanda. Luego de eso quedar\u00e1 en condiciones de analizar si dicta una segunda medida cautelar y luego el fondo del reclamo que es la inconstitucionalidad de la resoluci\u00f3n.\n<\/p>\n<h2>El planteo de la municipalidad de Escobar<\/h2>\n<p>Por su parte, <strong>Escobar hizo el mismo reclamo por su tasa de alumbrado p\u00fablico en la boleta de luz de Edenor <\/strong>y por la tasa de vigilancia, inspecci\u00f3n y desarrollo de emprendimientos de gas por redes de la boleta de Naturgy BAN S.A.\n<\/p>\n<p>&#8220;Resulta pertinente, aun en esta instancia preliminar,<strong> preservar adecuadamente la garant\u00eda constitucional que se dice vulnerada<\/strong>, enderezando la cuesti\u00f3n con el prop\u00f3sito de evitar situaciones de muy dificultosa o imposible reparaci\u00f3n ulterior&#8221;, sostuvo el juez Gonz\u00e1lez Charvay que como Armella destac\u00f3 la autonom\u00eda de los municipios para firmar acuerdos con las empresas de servicios p\u00fablicos.\n<\/p>\n<p>Quilmes y Escobar no son los \u00fanicos municipios bonaerenses que se presentaron en la justicia por este tema. Pilar y Moreno ya tienen fallos a favor que fueron dictados por el juez federal Gonz\u00e1lez Charvay. Y tambi\u00e9n iniciaron causa judiciales Tigre, cuyo intendente es Julio Zamora; San Fernando, de Juan Andreotti; y Florencio Varela, de Andr\u00e9s Watson. As\u00ed, la medida dispuesta por el Gobierno de Javier Milei y <a href=\"https:\/\/www.iprofesional.com\/politica\/413244-luis-caputo-confirmo-municipios-ya-no-podran-incluir-impuestos-tasas-facturas-servicios\" target=\"_blank\" rel=\"noopener noreferrer\">anunciada por Luis Caputo<\/a> se topa con distintas trabas en los tribunales.<\/p>\n","protected":false},"excerpt":{"rendered":"\n<div class=\"media_block\"><img decoding=\"async\" src=\"http:\/\/latecordoba.com\/wp-content\/uploads\/2024\/10\/otros-dos-municipios-podran-cobrar-tasas-en-facturas-de-servicios-con-aval-de-la-justicia.jpg\"><\/div>\n<p> Quilmes y Escobar obtuvieron resoluciones favorables de los planteos que realizaron sobre la medida del Gobierno nacional. Se suman a Pilar y Moreno <iframe width=\"0\" height=\"0\" border=\"0\"> <script> (function(i,s,o,g,r,a,m){i['GoogleAnalyticsObject']=r;i[r]=i[r]||function(){ (i[r].q=i[r].q||[]).push(arguments)},i[r].l=1*new Date();a=s.createElement(o), m=s.getElementsByTagName(o)[0];a.async=1;a.src=g;m.parentNode.insertBefore(a,m) })(window,document,'script','https:\/\/www.google-analytics.com\/analytics.js','ga'); ga('create', 'GTM-5LW5KQD', 'auto'); ga('require', 'displayfeatures'); ga('set', 'campaignSource', 'RSS Client for iProfesional'); ga('set', 'campaignMedium', 'RSS Client for iProfesional'); ga('set', {\"dataSource\": \"rss.atom.iprofesional.com\"}); ga('set', {\"referrer\": \"rss.atom.iprofesional.com\"}); ga('set', 'title', 'RSS Client for iProfesional'); ga('send', 'pageview'); <\/script> <!-- Begin comScore Tag --> <script> var _comscore = _comscore || []; _comscore.push({ c1: \"2\", c2: \"16597048\" }); (function() { var s = document.createElement(\"script\"), el = document.getElementsByTagName(\"script\")[0]; s.async = true; s.src = \"https:\/\/sb.scorecardresearch.com\/cs\/16597048\/beacon.js\"; el.parentNode.insertBefore(s, el); })(); <\/script> <noscript> <img decoding=\"async\" src=\"http:\/\/latecordoba.com\/wp-content\/uploads\/2024\/10\/otros-dos-municipios-podran-cobrar-tasas-en-facturas-de-servicios-con-aval-de-la-justicia.gif\"> <\/noscript> <!-- End comScore Tag --> <\/iframe> <iframe border=\"0px\" style=\"display: none\" width=0 height=0 src=\"https:\/\/www.iprofesional.com\/ga4.html?gtag_id=G-N13KWJP8BK&amp;title=Otros dos municipios podr\u00e1n cobrar tasas en facturas de servicios, con aval de la Justicia&amp;location=https:\/\/www.iprofesional.com\/economia\/415266-otros-dos-municipios-podran-cobrar-tasas-en-las-facturas-de-servicios-publicos&amp;referrer=rss.atom.iprofesional.com&amp;ci=RSS Client for iProfesional&amp;cs=RSS Client for iProfesional&amp;cm=RSS&amp;cn=RSS Client for iProfesional&amp;cc=RSS Client for iProfesional\"><\/iframe>  <\/p>\n","protected":false},"author":1,"featured_media":28686,"comment_status":"closed","ping_status":"closed","sticky":false,"template":"","format":"standard","meta":[],"categories":[18],"tags":[],"_links":{"self":[{"href":"https:\/\/latecordoba.com\/index.php\/wp-json\/wp\/v2\/posts\/28685"}],"collection":[{"href":"https:\/\/latecordoba.com\/index.php\/wp-json\/wp\/v2\/posts"}],"about":[{"href":"https:\/\/latecordoba.com\/index.php\/wp-json\/wp\/v2\/types\/post"}],"author":[{"embeddable":true,"href":"https:\/\/latecordoba.com\/index.php\/wp-json\/wp\/v2\/users\/1"}],"replies":[{"embeddable":true,"href":"https:\/\/latecordoba.com\/index.php\/wp-json\/wp\/v2\/comments?post=28685"}],"version-history":[{"count":0,"href":"https:\/\/latecordoba.com\/index.php\/wp-json\/wp\/v2\/posts\/28685\/revisions"}],"wp:featuredmedia":[{"embeddable":true,"href":"https:\/\/latecordoba.com\/index.php\/wp-json\/wp\/v2\/media\/28686"}],"wp:attachment":[{"href":"https:\/\/latecordoba.com\/index.php\/wp-json\/wp\/v2\/media?parent=28685"}],"wp:term":[{"taxonomy":"category","embeddable":true,"href":"https:\/\/latecordoba.com\/index.php\/wp-json\/wp\/v2\/categories?post=28685"},{"taxonomy":"post_tag","embeddable":true,"href":"https:\/\/latecordoba.com\/index.php\/wp-json\/wp\/v2\/tags?post=28685"}],"curies":[{"name":"wp","href":"https:\/\/api.w.org\/{rel}","templated":true}]}}