{"id":28681,"date":"2024-10-15T05:08:52","date_gmt":"2024-10-15T05:08:52","guid":{"rendered":"https:\/\/elnoticierodigital.com.ar\/?p=2233353"},"modified":"2024-10-15T05:08:52","modified_gmt":"2024-10-15T05:08:52","slug":"el-apasionado-beso-entre-damian-betular-y-damian-de-santo-que-enloquecio-a-todos-en-bake-off","status":"publish","type":"post","link":"https:\/\/latecordoba.com\/index.php\/2024\/10\/15\/el-apasionado-beso-entre-damian-betular-y-damian-de-santo-que-enloquecio-a-todos-en-bake-off\/","title":{"rendered":"El apasionado beso entre Dami\u00e1n Betular y Dami\u00e1n de Santo que enloqueci\u00f3 a todos en Bake Off"},"content":{"rendered":"<p> <!-- image --><\/p>\n<div class=\"td-post-featured-image\"><a href=\"https:\/\/i0.wp.com\/elnoticierodigital.com.ar\/wp-content\/uploads\/2024\/10\/2233353.png?fit=1052%2C630&amp;ssl=1\" data-caption><img decoding=\"async\" loading=\"lazy\" width=\"696\" height=\"417\" class=\"entry-thumb td-modal-image\" src=\"http:\/\/latecordoba.com\/wp-content\/uploads\/2024\/10\/el-apasionado-beso-entre-damian-betular-y-damian-de-santo-que-enloquecio-a-todos-en-bake-off.png\" srcset=\"http:\/\/latecordoba.com\/wp-content\/uploads\/2024\/10\/el-apasionado-beso-entre-damian-betular-y-damian-de-santo-que-enloquecio-a-todos-en-bake-off-1.png 1052w, http:\/\/latecordoba.com\/wp-content\/uploads\/2024\/10\/el-apasionado-beso-entre-damian-betular-y-damian-de-santo-que-enloquecio-a-todos-en-bake-off-2.png 300w, http:\/\/latecordoba.com\/wp-content\/uploads\/2024\/10\/el-apasionado-beso-entre-damian-betular-y-damian-de-santo-que-enloquecio-a-todos-en-bake-off-3.png 1024w, http:\/\/latecordoba.com\/wp-content\/uploads\/2024\/10\/el-apasionado-beso-entre-damian-betular-y-damian-de-santo-que-enloquecio-a-todos-en-bake-off-4.png 768w, http:\/\/latecordoba.com\/wp-content\/uploads\/2024\/10\/el-apasionado-beso-entre-damian-betular-y-damian-de-santo-que-enloquecio-a-todos-en-bake-off-5.png 150w, http:\/\/latecordoba.com\/wp-content\/uploads\/2024\/10\/el-apasionado-beso-entre-damian-betular-y-damian-de-santo-que-enloquecio-a-todos-en-bake-off.png 696w\" sizes=\"(max-width: 696px) 100vw, 696px\" alt title=\"2233353\"><\/a><\/div>\n<p> <!-- content --><\/p>\n<article readability=\"40\">En Bake Off Famosos hay lugar para todo tipo de emociones. En esta ocasi\u00f3n, el amor rein\u00f3 en el programa conducido por Wanda Nara, por lo que Dami\u00e1n Betular y Dami\u00e1n de Santo decidieron coronar todo lo bueno que ocurr\u00eda con un apasionado beso.<\/p>\n<p>Todo comenz\u00f3 cuando el actor confes\u00f3 que ten\u00eda ganas de besar a alguien. Lo intent\u00f3 con Nacho Elizalde, pero lamentablemente para \u00e9l no pudo lograrlo. Por esa raz\u00f3n, cuando se encontr\u00f3 con el pastelero, le dijo que si pod\u00eda ayudarlo con su picante deseo.<\/p>\n<p>Ni bien el jurado se acerc\u00f3 a su estaci\u00f3n de trabajo, el artista le pidi\u00f3 un beso. \u201cQuiero un beso. Que sea donde vos quieras\u201d, sentenci\u00f3. Betular accedi\u00f3 con gusto, pero le advirti\u00f3 que fuera cortito. \u201cSab\u00eda que ven\u00eda fuerte\u201d, expres\u00f3 luego del apasionado beso.<\/p>\n<p>Aunque la sorpresa se la llevaron los otros participantes, quienes quedaron anonadados por lo que acababan de ver. En realidad, no sab\u00edan por qu\u00e9 los Dami\u00e1n se besaron. El que qued\u00f3 totalmente shockeado fue Callejero Fino, que tuvo una reacci\u00f3n imperdible.<\/p>\n<p>EL ENOJO DE DAMI\u00c1N DE SANTO CON WANDA NARA<\/p>\n<p>Wanda se acerc\u00f3 a Dami\u00e1n para preguntarle c\u00f3mo le iba con la preparaci\u00f3n, por lo que \u00e9l reaccion\u00f3 mal y dijo: \u201cSi no te jode, estoy medio complicado, and\u00e1 a hacerle la nota a otro. No te r\u00edas, te estoy hablando en serio. Me est\u00e1 yendo mal. Hacele a Callejero (Fino), que te divierte tanto\u201d.<\/p>\n<p>Vero Lozano intervino para cortar el clima tenso. Entendi\u00f3 que el actor le jugaba una broma a Nara. Para seguir con el chiste el artista le dijo a su compa\u00f1era: \u201c\u00bfVos est\u00e1s muy relajada con la mi\u2026que est\u00e1s haciendo?\u201d. La conductora de Cort\u00e1 por Lozano revel\u00f3 fuera de c\u00e1mara: \u201cMe daba pena Wanda, porque estaba entrando como un cami\u00f3n\u201d.<\/p>\n<\/article>\n<p>Fuente: <a href=\"https:\/\/www.paparazzi.com.ar\/romances\/el-apasionado-beso-entre-damian-betular-y-damian-de-santo-que-enloquecio-a-todos-en-bake-off\/\">https:\/\/www.paparazzi.com.ar\/<\/a><\/p>\n","protected":false},"excerpt":{"rendered":"<p> En Bake Off Famosos hay lugar para todo tipo de emociones. En esta ocasi\u00f3n, el amor rein\u00f3 en el programa conducido por Wanda Nara, por lo que Dami\u00e1n Betular y Dami\u00e1n de Santo decidieron coronar todo lo bueno que ocurr\u00eda con un apasionado beso. Todo comenz\u00f3 cuando el actor confes\u00f3 que ten\u00eda ganas de besar [&#8230;]  <\/p>\n","protected":false},"author":1,"featured_media":28682,"comment_status":"closed","ping_status":"closed","sticky":false,"template":"","format":"standard","meta":[],"categories":[14],"tags":[],"_links":{"self":[{"href":"https:\/\/latecordoba.com\/index.php\/wp-json\/wp\/v2\/posts\/28681"}],"collection":[{"href":"https:\/\/latecordoba.com\/index.php\/wp-json\/wp\/v2\/posts"}],"about":[{"href":"https:\/\/latecordoba.com\/index.php\/wp-json\/wp\/v2\/types\/post"}],"author":[{"embeddable":true,"href":"https:\/\/latecordoba.com\/index.php\/wp-json\/wp\/v2\/users\/1"}],"replies":[{"embeddable":true,"href":"https:\/\/latecordoba.com\/index.php\/wp-json\/wp\/v2\/comments?post=28681"}],"version-history":[{"count":0,"href":"https:\/\/latecordoba.com\/index.php\/wp-json\/wp\/v2\/posts\/28681\/revisions"}],"wp:featuredmedia":[{"embeddable":true,"href":"https:\/\/latecordoba.com\/index.php\/wp-json\/wp\/v2\/media\/28682"}],"wp:attachment":[{"href":"https:\/\/latecordoba.com\/index.php\/wp-json\/wp\/v2\/media?parent=28681"}],"wp:term":[{"taxonomy":"category","embeddable":true,"href":"https:\/\/latecordoba.com\/index.php\/wp-json\/wp\/v2\/categories?post=28681"},{"taxonomy":"post_tag","embeddable":true,"href":"https:\/\/latecordoba.com\/index.php\/wp-json\/wp\/v2\/tags?post=28681"}],"curies":[{"name":"wp","href":"https:\/\/api.w.org\/{rel}","templated":true}]}}