{"id":28679,"date":"2024-10-15T01:59:58","date_gmt":"2024-10-15T01:59:58","guid":{"rendered":"http:\/\/a009665694eb4cc2026ffe762c375c9d"},"modified":"2024-10-15T01:59:58","modified_gmt":"2024-10-15T01:59:58","slug":"taiana-brinda-la-plata-una-clase-de-formacion-politica","status":"publish","type":"post","link":"https:\/\/latecordoba.com\/index.php\/2024\/10\/15\/taiana-brinda-la-plata-una-clase-de-formacion-politica\/","title":{"rendered":"Taiana brinda La Plata una clase de formaci\u00f3n pol\u00edtica"},"content":{"rendered":"\n<div class=\"media_block\"><img decoding=\"async\" src=\"http:\/\/latecordoba.com\/wp-content\/uploads\/2024\/10\/taiana-brinda-la-plata-una-clase-de-formacion-politica.jpg\"><\/div>\n<div><img decoding=\"async\" src=\"http:\/\/latecordoba.com\/wp-content\/uploads\/2024\/10\/taiana-brinda-la-plata-una-clase-de-formacion-politica-1.jpg\" class=\"ff-og-image-inserted\"><\/div>\n<p>Invitado por el intendente de La Plata, el ex canciller Jorge Taiana brindar\u00e1 este martes una disertaci\u00f3n en la sede del Instituto de Capacitaci\u00f3n Pol\u00edtica. Julio Alak convoc\u00f3 a Taiana para que sea parte del staff de profesores, intelectuales y dirigentes que llevan adelante el Curso de Formaci\u00f3n Pol\u00edtica lanzado en julio y que tuvo como disertante en su clase inaugural al gobernador Axel Kicillof.<\/p>\n<p>Se sumar\u00e1 como profesor invitado al seminario dictado por la historiadora Julia Rosemberg, &#8220;Movimiento Nacional y Popular Argentino&#8221; y en la clase abordar\u00e1 &#8220;El contexto mundial en los gobiernos de Per\u00f3n y los desaf\u00edos a la soberan\u00eda para la Argentina en el siglo XXI&#8221;.<\/p>\n<p>Como se sabe, Taiana fue ministro de Relaciones Exteriores y senador nacional, y adem\u00e1s, cumpli\u00f3 funciones p\u00fablicas como embajador en Guatemala, Secretario Ejecutivo de la Comisi\u00f3n Interamericana de Derechos Humanos de la OEA y presidente del Parlamento del Mercosur. Tambi\u00e9n se desempe\u00f1\u00f3 como ministro de Defensa de la Naci\u00f3n desde el a\u00f1o 2021 hasta el 2023.<\/p>\n<p>Jorge Taiana es soci\u00f3logo especializado en diplomacia y derechos humanos, graduado en la UBA y con estudios en FLACSO. Dedic\u00f3 su carrera a la defensa de los derechos humanos y la pol\u00edtica internacional y fue docente de la UBA, la Universidad de Quilmes y la UNSaM, donde tambi\u00e9n dirige el Centro Internacional de Estudios Pol\u00edticos (CIEP).<\/p>\n<p>Su disertaci\u00f3n ser\u00e1 moderada por la docente e historiadora Julia Rosemberg, que viene desarrollando clases acerca de la historia y el desarrollo del Movimiento Nacional y Popular. El martes, a las 19 horas, los estudiantes del ICP podr\u00e1n participar de la charla y tambi\u00e9n se podr\u00e1n seguir de forma online, desde el canal de Youtube del ICP @capacitacionicp.<\/p>\n<p>La sede del Instituto de Capacitaci\u00f3n Pol\u00edtica se encuentra en calle 54 N\u00b0 777, entre 10 y 11, en La Plata, y desde all\u00ed se viene desarrollando con clases presenciales y en modalidad on-line el Curso de Formaci\u00f3n Pol\u00edtica ordenado en 4 m\u00f3dulos tem\u00e1ticos para alumnos de todo el pa\u00eds. Para m\u00e1s informaci\u00f3n, se puede ingresar a www.icpweb.ar \u00f3 contactarse al WhatsApp +54 221 357-9151.<\/p>\n","protected":false},"excerpt":{"rendered":"\n<div class=\"media_block\"><img decoding=\"async\" src=\"http:\/\/latecordoba.com\/wp-content\/uploads\/2024\/10\/taiana-brinda-la-plata-una-clase-de-formacion-politica.jpg\"><\/div>\n<p>El ex canciller estar\u00e1 al frente de una disertaci\u00f3n en la sede del Instituto de Capacitaci\u00f3n Pol\u00edtica de la capital provincial. Taiana fue invitado por el intendente Julio Alak.  <\/p>\n","protected":false},"author":1,"featured_media":28680,"comment_status":"closed","ping_status":"closed","sticky":false,"template":"","format":"standard","meta":[],"categories":[18],"tags":[],"_links":{"self":[{"href":"https:\/\/latecordoba.com\/index.php\/wp-json\/wp\/v2\/posts\/28679"}],"collection":[{"href":"https:\/\/latecordoba.com\/index.php\/wp-json\/wp\/v2\/posts"}],"about":[{"href":"https:\/\/latecordoba.com\/index.php\/wp-json\/wp\/v2\/types\/post"}],"author":[{"embeddable":true,"href":"https:\/\/latecordoba.com\/index.php\/wp-json\/wp\/v2\/users\/1"}],"replies":[{"embeddable":true,"href":"https:\/\/latecordoba.com\/index.php\/wp-json\/wp\/v2\/comments?post=28679"}],"version-history":[{"count":0,"href":"https:\/\/latecordoba.com\/index.php\/wp-json\/wp\/v2\/posts\/28679\/revisions"}],"wp:featuredmedia":[{"embeddable":true,"href":"https:\/\/latecordoba.com\/index.php\/wp-json\/wp\/v2\/media\/28680"}],"wp:attachment":[{"href":"https:\/\/latecordoba.com\/index.php\/wp-json\/wp\/v2\/media?parent=28679"}],"wp:term":[{"taxonomy":"category","embeddable":true,"href":"https:\/\/latecordoba.com\/index.php\/wp-json\/wp\/v2\/categories?post=28679"},{"taxonomy":"post_tag","embeddable":true,"href":"https:\/\/latecordoba.com\/index.php\/wp-json\/wp\/v2\/tags?post=28679"}],"curies":[{"name":"wp","href":"https:\/\/api.w.org\/{rel}","templated":true}]}}