{"id":28664,"date":"2024-10-14T00:32:00","date_gmt":"2024-10-14T00:32:00","guid":{"rendered":"https:\/\/www.iprofesional.com\/economia\/415114-veredicto-mercado-sobre-ambiciosa-meta-inflacion-luis-caputo"},"modified":"2024-10-14T00:32:00","modified_gmt":"2024-10-14T00:32:00","slug":"inflacion-del-20-para-2025-el-numero-que-entusiasma-a-caputo-y-que-hace-debatir-al-mercado","status":"publish","type":"post","link":"https:\/\/latecordoba.com\/index.php\/2024\/10\/14\/inflacion-del-20-para-2025-el-numero-que-entusiasma-a-caputo-y-que-hace-debatir-al-mercado\/","title":{"rendered":"Inflaci\u00f3n del 20% para 2025, el n\u00famero que entusiasma a Caputo y que hace debatir al mercado"},"content":{"rendered":"\n<div class=\"media_block\"><img decoding=\"async\" src=\"http:\/\/latecordoba.com\/wp-content\/uploads\/2024\/10\/inflacion-del-20-para-2025-el-numero-que-entusiasma-a-caputo-y-que-hace-debatir-al-mercado.jpg\"><\/div>\n<div><img decoding=\"async\" src=\"http:\/\/latecordoba.com\/wp-content\/uploads\/2024\/10\/inflacion-del-20-para-2025-el-numero-que-entusiasma-a-caputo-y-que-hace-debatir-al-mercado.webp\" class=\"ff-og-image-inserted\"><\/div>\n<p><strong>&#8220;Octubre ser\u00e1 clave para ver c\u00f3mo se avanza con la liberaci\u00f3n del cepo&#8221;.<\/strong> La frase, soltada por un funcionario de primera l\u00ednea de la Casa Rosada, refleja el optimismo con que el Gobierno recibi\u00f3 <a href=\"https:\/\/www.iprofesional.com\/economia\/415078-indec-revelo-nuevo-dato-inflacion-cuanto-fue-septiembre-2024\" target=\"_blank\" rel=\"noopener noreferrer\">el dato del costo de vida de septiembre, que cay\u00f3 al 3,5%<\/a>, el nivel m\u00e1s bajo desde noviembre de 2021.\n<\/p>\n<p>En el Gobierno reconocen, adem\u00e1s, que si bien con el cepo cambiario se puede crecer, como sostienen el presidente Javier Milei y el ministro de Econom\u00eda, Luis Caputo, <strong>sin esas restricciones cambiarias se podr\u00eda mejorar a\u00fan mucho m\u00e1s la recuperaci\u00f3n econ\u00f3mica.<\/strong>\n<\/p>\n<h2><strong>Con inflaci\u00f3n y d\u00f3lar a la baja, \u00bfse acerca el fin del cepo?<\/strong><\/h2>\n<p>Mientras tanto, el Banco Central sigue eliminando restricciones al mercado de divisas. Ahora, <a href=\"https:\/\/www.iprofesional.com\/economia\/415096-banco-central-relajo-cepo-dolar-para-freelancers-que-exportan-servicios\" target=\"_blank\" rel=\"noopener\">aument\u00f3 el plazo m\u00e1ximo para que los &#8220;freelancers&#8221; ingresen sus d\u00f3lares al pa\u00eds<\/a>, lo que en cierto punto alivia la carga burocr\u00e1tica para estas personas y los costos asociados a este tipo de tr\u00e1mites.\n<\/p>\n<p>Mediante la Comunicaci\u00f3n A 8116, el organismo que preside Santiago Bausili oficializ\u00f3 la decisi\u00f3n de llevar ese plazo de <strong>los cinco d\u00edas h\u00e1biles vigentes a los 20 d\u00edas h\u00e1biles<\/strong>. <span>El Central ya hab\u00eda decidido aflojar el cepo para este grupo de personas en julio, cuando <strong>duplic\u00f3 de u$s12.000 a u$s24.000 anuales <\/strong>el monto que se puede ingresar sin necesidad de ser liquidado en mercado de cambios oficial.<\/span>\n<\/p>\n<p>La baja de la inflaci\u00f3n llega en un buen momento para los activos argentinos, que vienen subiendo tanto en <a href=\"https:\/\/www.iprofesional.com\/finanzas\/415062-adrs-extienden-subas-pero-bonos-caen-por-toma-de-ganancias\" target=\"_blank\" rel=\"noopener noreferrer\">la Bolsa porte\u00f1a como en Wall Street, donde cotizan los ADR.<\/a>\n<\/p>\n<p>La baja del d\u00f3lar en las \u00faltimas semanas y el achique de la brecha cambiaria contribuyen tambi\u00e9n a <strong>hacer crecer la expectativa de una aproximaci\u00f3n a la salida del cepo cambiario. <\/strong>Milei hab\u00eda se\u00f1alado que esa decisi\u00f3n se tomar\u00eda cuando la inflaci\u00f3n tendiera a cero.\n<\/p>\n<p>La baja del costo de vida es un activo clave para la administraci\u00f3n libertaria. Y por ello, el objetivo central es que contin\u00faen bajando los precios en el 2025, cuando habr\u00e1 elecciones claves para el Congreso, donde Milei espera poder mejorar el bloque de diputados.\n<\/p>\n<p><span>Con un costo de vida estimado en el 18,3% en el Presupuesto del a\u00f1o pr\u00f3ximo, <strong>esa posibilidad se empieza a probar posible con el dato de septiembre<\/strong><\/span>. Los especialistas sigue estimando una inflaci\u00f3n cercana al 35% para el 2025.\n<\/p>\n<p>El Gobierno observa se\u00f1ales favorables como <a href=\"https:\/\/www.iprofesional.com\/finanzas\/413944-cuantos-dolares-entraron-por-blanqueo\" target=\"_blank\" rel=\"noopener noreferrer\">el buen resultado del blanqueo<\/a>, ya que c\u00e1lculos privados auguran ahora que <strong>podr\u00edan llegar a regularizarse unos 40.000 millones de d\u00f3lares<\/strong>. Adem\u00e1s, la regularizaci\u00f3n permiti\u00f3 que los dep\u00f3sitos en los bancos subieran en unos u$s13.000 millones.\n<\/p>\n<p><span>En el equipo econ\u00f3mico destacan que \u2014en la actualidad\u2014 <strong>hay colocaciones por m\u00e1s de 20.000 millones de d\u00f3lares en dep\u00f3sitos<\/strong><\/span>, mientras que las reservas netas negativas de unos 5.000 millones. Representa una mejora con relaci\u00f3n a diciembre del 2023, cuando hab\u00eda 13.000 millones en dep\u00f3sitos y las reservas eran 11.000 millones negativos.\n<\/p>\n<p>A esto se suma la posibilidad de que a principios de noviembre se formalicen las negociaciones con el FMI para un nuevo acuerdo, que podr\u00eda representar el desembolso de d\u00f3lares frescos.\n<\/p>\n<p>Si los vientos son favorables, el arranque de esas conversaciones se producir\u00eda en paralelo a la decisi\u00f3n del Fondo Monetario de reducir los sobrecargos que aplica a las naciones altamente endeudadas como la Argentina.\n<\/p>\n<p>Dirigentes oficialistas esperan adem\u00e1s que un eventual triunfo de Donald Trump a comienzos de noviembre en las elecciones presidenciales de los Estados Unidos facilite el otorgamiento de dinero fresco al pa\u00eds.\n<\/p>\n<p>El equipo econ\u00f3mico admite que, si bien la econom\u00eda puede seguir recuper\u00e1ndose con cepo, para que la actividad tome impulso es necesario sacar las restricciones.<strong> &#8220;Es lo que permitir\u00e1 que, por ejemplo, la Argentina vuelva a ser elegible por fondos de inversi\u00f3n&#8221;,<\/strong> se\u00f1alan cerca de la conducci\u00f3n econ\u00f3mica.\n<\/p>\n<p>Sujeto a los resultados que se vayan obteniendo en estos meses, en medios del Palacio de Hacienda se trabaja con la hip\u00f3tesis de dar pasos significativos en el desmantelamiento del cepo con el comienzo del a\u00f1o pr\u00f3ximo.\n<\/p>\n<h2>Inflaci\u00f3n: el mercado prev\u00e9 casi el doble que Javier Milei para 2025<\/h2>\n<p>En cuanto a la inflaci\u00f3n, los analistas consultados por el BCRA en <a href=\"https:\/\/www.iprofesional.com\/finanzas\/414749-veredicto-mercado-sobre-dolar-bajo-control-o-devaluacion\" target=\"_blank\" rel=\"noopener noreferrer\">el Relevamiento de Expectativas de Mercado (REM)<\/a> esperan una inflaci\u00f3n del 35% para 2025, <strong>casi el doble del 18,3% proyectado por el Gobierno en el proyecto de Ley de Presupuesto<\/strong> presentado ante el Congreso por el presidente Javier Milei dos semanas atr\u00e1s. Seguramente esa proyecci\u00f3n bajar\u00e1 en los pr\u00f3ximos informes, de confirmarse esta tendencia.\n<\/p>\n<p>Un mes atr\u00e1s, el REM pronosticaba un 38,3% para el pr\u00f3ximo a\u00f1o. En cuanto al dato de los pr\u00f3ximos 12 meses, se espera una inflaci\u00f3n del 40,9%, casi 4 puntos porcentuales menos que el mes pasado. De esa forma, los datos del REM ratifican las previsiones tanto oficiales como privadas acerca del impacto de la reducci\u00f3n del impuesto PAIS sobre la inflaci\u00f3n.\n<\/p>\n<p>Seg\u00fan el secretario de Hacienda, Carlos Guterman, <span>&#8220;la expectativa presupuestaria es que <strong>el cepo cambiario no se mantenga durante todo el 2025&#8243;<\/strong>.<\/span> Esto entusiasma a los inversores y tambi\u00e9n al sector empresario, que la semana pr\u00f3xima realizar\u00e1 el Coloquio de IDEA, donde la cuesti\u00f3n cambiaria ser\u00e1 uno de los temas claves.\n<\/p>\n<p>Para el director Ejecutivo de la Fundaci\u00f3n Libertad y Progreso, Aldo Abram, <strong>la inflaci\u00f3n anual del pr\u00f3ximo per\u00edodo se ubicar\u00e1 en torno al 30%.<\/strong>\n<\/p>\n<p>Seg\u00fan esa entidad, los datos para la primera semana de octubre marcan una din\u00e1mica de precios incluso m\u00e1s lenta que septiembre, con lo que el IPC se podr\u00eda acercar m\u00e1s al 3%.\n<\/p>\n<p>Para Adri\u00e1n Yarde Buller, economista jefe de Facimex Valores, el equipo econ\u00f3mico aprovecha la calma cambiaria para seguir plenamente enfocado en la lucha contra la inflaci\u00f3n.\n<\/p>\n<p>Destac\u00f3 que <span>en septiembre &#8220;impact\u00f3 la baja del Impuesto PAIS y eso explic\u00f3 que las mediciones de inflaci\u00f3n de las consultoras privadas estuvieran en el rango 3,2% a 3,8% mensual, con una mediana de 3,5% mensual, en l\u00ednea con nuestra proyecci\u00f3n&#8221;.<\/span>\n<\/p>\n<p>En este escenario, los especialistas coinciden en que la baja de los d\u00f3lares financieros desempe\u00f1a un rol central para que el costo de vida vaya descendiendo en los pr\u00f3ximos meses. A eso apuesta el Gobierno de Milei, que parece estar dispuesto a mantener una r\u00edgida restricci\u00f3n presupuestaria para lograrlo, m\u00e1s all\u00e1 de que eso se traduzca en mayores protestas en las calles.<\/p>\n","protected":false},"excerpt":{"rendered":"\n<div class=\"media_block\"><img decoding=\"async\" src=\"http:\/\/latecordoba.com\/wp-content\/uploads\/2024\/10\/inflacion-del-20-para-2025-el-numero-que-entusiasma-a-caputo-y-que-hace-debatir-al-mercado.jpg\"><\/div>\n<p> La baja de la inflaci\u00f3n, el d\u00f3lar y el riesgo pa\u00eds siembra optimismo en el Gobierno, que ya piensa en un plan para liberar restricciones cambiarias <iframe width=\"0\" height=\"0\" border=\"0\"> <script> (function(i,s,o,g,r,a,m){i['GoogleAnalyticsObject']=r;i[r]=i[r]||function(){ (i[r].q=i[r].q||[]).push(arguments)},i[r].l=1*new Date();a=s.createElement(o), m=s.getElementsByTagName(o)[0];a.async=1;a.src=g;m.parentNode.insertBefore(a,m) })(window,document,'script','https:\/\/www.google-analytics.com\/analytics.js','ga'); ga('create', 'GTM-5LW5KQD', 'auto'); ga('require', 'displayfeatures'); ga('set', 'campaignSource', 'RSS Client for iProfesional'); ga('set', 'campaignMedium', 'RSS Client for iProfesional'); ga('set', {\"dataSource\": \"rss.atom.iprofesional.com\"}); ga('set', {\"referrer\": \"rss.atom.iprofesional.com\"}); ga('set', 'title', 'RSS Client for iProfesional'); ga('send', 'pageview'); <\/script> <!-- Begin comScore Tag --> <script> var _comscore = _comscore || []; _comscore.push({ c1: \"2\", c2: \"16597048\" }); (function() { var s = document.createElement(\"script\"), el = document.getElementsByTagName(\"script\")[0]; s.async = true; s.src = \"https:\/\/sb.scorecardresearch.com\/cs\/16597048\/beacon.js\"; el.parentNode.insertBefore(s, el); })(); <\/script> <noscript> <img decoding=\"async\" src=\"http:\/\/latecordoba.com\/wp-content\/uploads\/2024\/10\/inflacion-del-20-para-2025-el-numero-que-entusiasma-a-caputo-y-que-hace-debatir-al-mercado.gif\"> <\/noscript> <!-- End comScore Tag --> <\/iframe> <iframe border=\"0px\" style=\"display: none\" width=0 height=0 src=\"https:\/\/www.iprofesional.com\/ga4.html?gtag_id=G-N13KWJP8BK&amp;title=Inflaci\u00f3n del 20% para 2025, el n\u00famero que entusiasma a Caputo y que hace debatir al mercado&amp;location=https:\/\/www.iprofesional.com\/economia\/415114-veredicto-mercado-sobre-ambiciosa-meta-inflacion-luis-caputo&amp;referrer=rss.atom.iprofesional.com&amp;ci=RSS Client for iProfesional&amp;cs=RSS Client for iProfesional&amp;cm=RSS&amp;cn=RSS Client for iProfesional&amp;cc=RSS Client for iProfesional\"><\/iframe>  <\/p>\n","protected":false},"author":1,"featured_media":28665,"comment_status":"closed","ping_status":"closed","sticky":false,"template":"","format":"standard","meta":[],"categories":[18],"tags":[],"_links":{"self":[{"href":"https:\/\/latecordoba.com\/index.php\/wp-json\/wp\/v2\/posts\/28664"}],"collection":[{"href":"https:\/\/latecordoba.com\/index.php\/wp-json\/wp\/v2\/posts"}],"about":[{"href":"https:\/\/latecordoba.com\/index.php\/wp-json\/wp\/v2\/types\/post"}],"author":[{"embeddable":true,"href":"https:\/\/latecordoba.com\/index.php\/wp-json\/wp\/v2\/users\/1"}],"replies":[{"embeddable":true,"href":"https:\/\/latecordoba.com\/index.php\/wp-json\/wp\/v2\/comments?post=28664"}],"version-history":[{"count":0,"href":"https:\/\/latecordoba.com\/index.php\/wp-json\/wp\/v2\/posts\/28664\/revisions"}],"wp:featuredmedia":[{"embeddable":true,"href":"https:\/\/latecordoba.com\/index.php\/wp-json\/wp\/v2\/media\/28665"}],"wp:attachment":[{"href":"https:\/\/latecordoba.com\/index.php\/wp-json\/wp\/v2\/media?parent=28664"}],"wp:term":[{"taxonomy":"category","embeddable":true,"href":"https:\/\/latecordoba.com\/index.php\/wp-json\/wp\/v2\/categories?post=28664"},{"taxonomy":"post_tag","embeddable":true,"href":"https:\/\/latecordoba.com\/index.php\/wp-json\/wp\/v2\/tags?post=28664"}],"curies":[{"name":"wp","href":"https:\/\/api.w.org\/{rel}","templated":true}]}}