{"id":28660,"date":"2024-10-14T05:10:06","date_gmt":"2024-10-14T05:10:06","guid":{"rendered":"https:\/\/elnoticierodigital.com.ar\/?p=2232241"},"modified":"2024-10-14T05:10:06","modified_gmt":"2024-10-14T05:10:06","slug":"axel-conto-como-es-la-extravagante-escuela-a-la-que-manda-a-sus-hijos","status":"publish","type":"post","link":"https:\/\/latecordoba.com\/index.php\/2024\/10\/14\/axel-conto-como-es-la-extravagante-escuela-a-la-que-manda-a-sus-hijos\/","title":{"rendered":"Axel cont\u00f3 c\u00f3mo es la extravagante escuela a la que manda a sus hijos"},"content":{"rendered":"<p> <!-- image --><\/p>\n<div class=\"td-post-featured-image\"><a href=\"https:\/\/i0.wp.com\/elnoticierodigital.com.ar\/wp-content\/uploads\/2024\/10\/2232241.png?fit=1052%2C630&amp;ssl=1\" data-caption><img decoding=\"async\" loading=\"lazy\" width=\"696\" height=\"417\" class=\"entry-thumb td-modal-image\" src=\"http:\/\/latecordoba.com\/wp-content\/uploads\/2024\/10\/axel-conto-como-es-la-extravagante-escuela-a-la-que-manda-a-sus-hijos.png\" srcset=\"http:\/\/latecordoba.com\/wp-content\/uploads\/2024\/10\/axel-conto-como-es-la-extravagante-escuela-a-la-que-manda-a-sus-hijos-1.png 1052w, http:\/\/latecordoba.com\/wp-content\/uploads\/2024\/10\/axel-conto-como-es-la-extravagante-escuela-a-la-que-manda-a-sus-hijos-2.png 300w, http:\/\/latecordoba.com\/wp-content\/uploads\/2024\/10\/axel-conto-como-es-la-extravagante-escuela-a-la-que-manda-a-sus-hijos-3.png 1024w, http:\/\/latecordoba.com\/wp-content\/uploads\/2024\/10\/axel-conto-como-es-la-extravagante-escuela-a-la-que-manda-a-sus-hijos-4.png 768w, http:\/\/latecordoba.com\/wp-content\/uploads\/2024\/10\/axel-conto-como-es-la-extravagante-escuela-a-la-que-manda-a-sus-hijos-5.png 150w, http:\/\/latecordoba.com\/wp-content\/uploads\/2024\/10\/axel-conto-como-es-la-extravagante-escuela-a-la-que-manda-a-sus-hijos.png 696w\" sizes=\"(max-width: 696px) 100vw, 696px\" alt title=\"2232241\"><\/a><\/div>\n<p> <!-- content --><\/p>\n<article readability=\"41\">Durante su visita a Almorzando con Juana, Axel cont\u00f3 de qu\u00e9 trata la pedagog\u00eda Waldorf, el sistema educativo al que asisten sus hijos. La revelaci\u00f3n fue sorpresiva, por lo que los dem\u00e1s invitados quisieron saber m\u00e1s sobre este extravagante sistema escolar al que asisten los peque\u00f1os del cantautor.<\/p>\n<p>\u201cTengo cuatro hijos, \u00c1gueda, Aurelia, Ferm\u00edn y Gregorio. La escuela donde van mis hijos est\u00e1 la pedagog\u00eda Waldorf. Es una pedagog\u00eda que van al medio de la monta\u00f1a, el contexto ayuda. Todos los pap\u00e1s y mam\u00e1s nos juntamos una vez por mes\u201d, comenz\u00f3 explicando el cantante.<\/p>\n<p>Por otra parte, el artista musical sentenci\u00f3: \u201cSabemos qu\u00e9 hace cada uno, m\u00e1s o menos sabemos qu\u00e9 necesidad est\u00e1 pasando cada uno. Conocemos los nombres de todos, los pap\u00e1s, las mam\u00e1s y los chicos. En la escuela entran y el maestro se sabe el nombre de todos los chicos\u201d.<\/p>\n<p>Por otra parte, remarc\u00f3 que qued\u00f3 shockeado al ver por primera vez c\u00f3mo funcionaba este sistema educativo. Por esa raz\u00f3n, el oriundo de Rafael Calzada fue claro y afirm\u00f3: \u201cA m\u00ed la primera vez me llam\u00f3 la atenci\u00f3n cuando el maestro de mi hija se sab\u00eda todos los nombres\u201d.<\/p>\n<p>AXEL EXPLIC\u00d3 QU\u00c9 ES LA PEDAGOG\u00cdA WALDORF<\/p>\n<p>\u201cEn la pedagog\u00eda Waldorf est\u00e1n toda la primaria con el mismo maestro. Es el principal tutor, entonces los conoce casi como un pap\u00e1 o una mam\u00e1, pasa mucho tiempo con ellos. Sabe todo el desarrollo educativo y emocional de los chicos\u201d, sostuvo Axel sobre la educaci\u00f3n de sus hijos.<\/p>\n<p>Para terminar con su explicaci\u00f3n, dijo: \u201cUn d\u00eda Facu (el maestro de su hija mayor) nos dijo: \u2018observen esto que est\u00e1 pasando algo con Agui\u2019, pero ni Delfi ni yo nos hab\u00edamos dado cuenta, porque est\u00e1bamos haciendo malabares con otros hijos tambi\u00e9n, adem\u00e1s de lo personal y el d\u00eda a d\u00eda\u201d.<\/p>\n<\/article>\n<p>Fuente: <a href=\"https:\/\/www.paparazzi.com.ar\/teve\/axel-conto-como-es-la-extravagante-escuela-a-la-que-manda-a-sus-hijos\/\">https:\/\/www.paparazzi.com.ar\/<\/a><\/p>\n","protected":false},"excerpt":{"rendered":"<p> Durante su visita a Almorzando con Juana, Axel cont\u00f3 de qu\u00e9 trata la pedagog\u00eda Waldorf, el sistema educativo al que asisten sus hijos. La revelaci\u00f3n fue sorpresiva, por lo que los dem\u00e1s invitados quisieron saber m\u00e1s sobre este extravagante sistema escolar al que asisten los peque\u00f1os del cantautor. &#8220;Tengo cuatro hijos, \u00c1gueda, Aurelia, Ferm\u00edn y [&#8230;]  <\/p>\n","protected":false},"author":1,"featured_media":28661,"comment_status":"closed","ping_status":"closed","sticky":false,"template":"","format":"standard","meta":[],"categories":[14],"tags":[],"_links":{"self":[{"href":"https:\/\/latecordoba.com\/index.php\/wp-json\/wp\/v2\/posts\/28660"}],"collection":[{"href":"https:\/\/latecordoba.com\/index.php\/wp-json\/wp\/v2\/posts"}],"about":[{"href":"https:\/\/latecordoba.com\/index.php\/wp-json\/wp\/v2\/types\/post"}],"author":[{"embeddable":true,"href":"https:\/\/latecordoba.com\/index.php\/wp-json\/wp\/v2\/users\/1"}],"replies":[{"embeddable":true,"href":"https:\/\/latecordoba.com\/index.php\/wp-json\/wp\/v2\/comments?post=28660"}],"version-history":[{"count":0,"href":"https:\/\/latecordoba.com\/index.php\/wp-json\/wp\/v2\/posts\/28660\/revisions"}],"wp:featuredmedia":[{"embeddable":true,"href":"https:\/\/latecordoba.com\/index.php\/wp-json\/wp\/v2\/media\/28661"}],"wp:attachment":[{"href":"https:\/\/latecordoba.com\/index.php\/wp-json\/wp\/v2\/media?parent=28660"}],"wp:term":[{"taxonomy":"category","embeddable":true,"href":"https:\/\/latecordoba.com\/index.php\/wp-json\/wp\/v2\/categories?post=28660"},{"taxonomy":"post_tag","embeddable":true,"href":"https:\/\/latecordoba.com\/index.php\/wp-json\/wp\/v2\/tags?post=28660"}],"curies":[{"name":"wp","href":"https:\/\/api.w.org\/{rel}","templated":true}]}}