{"id":28652,"date":"2024-10-13T00:41:37","date_gmt":"2024-10-13T00:41:37","guid":{"rendered":"https:\/\/www.diariocronica.com.ar\/noticias\/2024\/10\/12\/104381-gracias-comodoro-los-quiero-mucho"},"modified":"2024-10-13T00:41:37","modified_gmt":"2024-10-13T00:41:37","slug":"gracias-comodoro-los-quiero-mucho","status":"publish","type":"post","link":"https:\/\/latecordoba.com\/index.php\/2024\/10\/13\/gracias-comodoro-los-quiero-mucho\/","title":{"rendered":"\u201cGracias Comodoro, los quiero mucho\u201d"},"content":{"rendered":"\n<div class=\"media_block\"><a href=\"http:\/\/latecordoba.com\/wp-content\/uploads\/2024\/10\/gracias-comodoro-los-quiero-mucho.jpg\"><img decoding=\"async\" src=\"http:\/\/latecordoba.com\/wp-content\/uploads\/2024\/10\/gracias-comodoro-los-quiero-mucho.jpg\" class=\"media_thumbnail\"><\/a><\/div>\n<div><img decoding=\"async\" src=\"http:\/\/latecordoba.com\/wp-content\/uploads\/2024\/10\/gracias-comodoro-los-quiero-mucho-1.jpg\" class=\"ff-og-image-inserted\"><\/div>\n<p>\nLa atleta argentina especializada en 1500 y 800 metros llanos Evangelina Lujan Thomas, m\u00e1s conocida como \u201cVanshi\u201d, visit\u00f3 la Expo Deportes 2024.\n<\/p>\n<div readability=\"48\">\n<p>La Embajadora Deportiva de la ciudad de Trelew, con respecto al evento que se desarrolla en el Predio Ferial de Comodoro Rivadavia, puntualiz\u00f3.<\/p>\n<p>\u201cLa verdad que le quiero agradecer a la gente de Comodoro por la invitaci\u00f3n a la Expo Deportes que se hace cada dos a\u00f1os, es incre\u00edble esta quinta edici\u00f3n de la Expo Deportes, nunca pens\u00e9 en encontrarme con esta dimensi\u00f3n de gente de diferentes lugares, sobre todo los stands que estuve recorriendo. Desde que llegu\u00e9 no par\u00e9 de recibir mucho cari\u00f1o y mucho amor\u201d.<\/p>\n<p>\u201cMe encanta que se haga esta fiesta del deporte, que tambi\u00e9n en Comodoro nos haya reecontrado con varios deportistas nacional, internacional, de poder dar una charla y que conozcan un poco nuestra historia, lo que hemos logrado, y es maravilloso\u201d.<\/p>\n<p>En 2007 \u201cVanshi\u201d fue reconocida por el Diario Clar\u00edn con el \u201cPremio Revelaci\u00f3n Clar\u00edn\u201d que luce las figuras m\u00e1s destacadas del deporte argentino, recordando que su primer t\u00edtulo de campeona nacional en los 800 metros lo consigui\u00f3 por primera vez a los 16 a\u00f1os en Concepci\u00f3n del Uruguay. La atleta trelewense disput\u00f3 una final en el Mundial de Atletismo de menores y sum\u00f3 varias participaciones en Campeonatos Sudamericanos, tambi\u00e9n en Torneos Panamericanos de Triatl\u00f3n.<\/p>\n<p>\u201cDebo recalcar este trabajo que hizo toda la gente de Comodoro y que hace para seguir nutriendo el deporte porque es base donde se debe trabajar el equipo, me encanta. Gracias a Comodoro, los quiero mucho, siempre es un placer venir, me ha tocado venir a competencias y ahora me toca venir en un rol m\u00e1s social, es incre\u00edble. Felicitarlos por todos los eventos que hacen, no par\u00f3 de correr gente por todos lados en la Expo. Y como vengo de la actividad f\u00edsica, quiero invitarlos a realizar una actividad f\u00edsica, a m\u00ed el deporte me cambi\u00f3 la vida\u201d, dijo por \u00faltimo \u201cVanshi\u201d Tomas.<\/p>\n<\/div>\n","protected":false},"excerpt":{"rendered":"\n<div class=\"media_block\"><a href=\"http:\/\/latecordoba.com\/wp-content\/uploads\/2024\/10\/gracias-comodoro-los-quiero-mucho.jpg\"><img decoding=\"async\" src=\"http:\/\/latecordoba.com\/wp-content\/uploads\/2024\/10\/gracias-comodoro-los-quiero-mucho.jpg\" class=\"media_thumbnail\"><\/a><\/div>\n<p>La atleta argentina especializada en 1500 y 800 metros llanos Evangelina Lujan Thomas, m\u00e1s conocida como \u201cVanshi\u201d, visit\u00f3 la Expo Deportes 2024. <\/p>\n","protected":false},"author":1,"featured_media":28653,"comment_status":"closed","ping_status":"closed","sticky":false,"template":"","format":"standard","meta":[],"categories":[17],"tags":[],"_links":{"self":[{"href":"https:\/\/latecordoba.com\/index.php\/wp-json\/wp\/v2\/posts\/28652"}],"collection":[{"href":"https:\/\/latecordoba.com\/index.php\/wp-json\/wp\/v2\/posts"}],"about":[{"href":"https:\/\/latecordoba.com\/index.php\/wp-json\/wp\/v2\/types\/post"}],"author":[{"embeddable":true,"href":"https:\/\/latecordoba.com\/index.php\/wp-json\/wp\/v2\/users\/1"}],"replies":[{"embeddable":true,"href":"https:\/\/latecordoba.com\/index.php\/wp-json\/wp\/v2\/comments?post=28652"}],"version-history":[{"count":0,"href":"https:\/\/latecordoba.com\/index.php\/wp-json\/wp\/v2\/posts\/28652\/revisions"}],"wp:featuredmedia":[{"embeddable":true,"href":"https:\/\/latecordoba.com\/index.php\/wp-json\/wp\/v2\/media\/28653"}],"wp:attachment":[{"href":"https:\/\/latecordoba.com\/index.php\/wp-json\/wp\/v2\/media?parent=28652"}],"wp:term":[{"taxonomy":"category","embeddable":true,"href":"https:\/\/latecordoba.com\/index.php\/wp-json\/wp\/v2\/categories?post=28652"},{"taxonomy":"post_tag","embeddable":true,"href":"https:\/\/latecordoba.com\/index.php\/wp-json\/wp\/v2\/tags?post=28652"}],"curies":[{"name":"wp","href":"https:\/\/api.w.org\/{rel}","templated":true}]}}