{"id":28642,"date":"2024-10-13T05:03:06","date_gmt":"2024-10-13T05:03:06","guid":{"rendered":"https:\/\/elnoticierodigital.com.ar\/?p=2231310"},"modified":"2024-10-13T05:03:06","modified_gmt":"2024-10-13T05:03:06","slug":"esta-sedado-revelan-como-sigue-la-salud-de-jorge-lanata-tras-ser-operado-de-urgencia","status":"publish","type":"post","link":"https:\/\/latecordoba.com\/index.php\/2024\/10\/13\/esta-sedado-revelan-como-sigue-la-salud-de-jorge-lanata-tras-ser-operado-de-urgencia\/","title":{"rendered":"\u201cEst\u00e1 sedado\u201d: Revelan c\u00f3mo sigue la salud de Jorge Lanata tras ser operado de urgencia"},"content":{"rendered":"<p> <!-- image --><\/p>\n<div class=\"td-post-featured-image\"><a href=\"https:\/\/i0.wp.com\/elnoticierodigital.com.ar\/wp-content\/uploads\/2024\/10\/2231310.jpg?fit=1052%2C630&amp;ssl=1\" data-caption><img decoding=\"async\" loading=\"lazy\" width=\"696\" height=\"417\" class=\"entry-thumb td-modal-image\" src=\"http:\/\/latecordoba.com\/wp-content\/uploads\/2024\/10\/esta-sedado-revelan-como-sigue-la-salud-de-jorge-lanata-tras-ser-operado-de-urgencia.jpg\" srcset=\"http:\/\/latecordoba.com\/wp-content\/uploads\/2024\/10\/esta-sedado-revelan-como-sigue-la-salud-de-jorge-lanata-tras-ser-operado-de-urgencia-1.jpg 1052w, http:\/\/latecordoba.com\/wp-content\/uploads\/2024\/10\/esta-sedado-revelan-como-sigue-la-salud-de-jorge-lanata-tras-ser-operado-de-urgencia-2.jpg 300w, http:\/\/latecordoba.com\/wp-content\/uploads\/2024\/10\/esta-sedado-revelan-como-sigue-la-salud-de-jorge-lanata-tras-ser-operado-de-urgencia-3.jpg 1024w, http:\/\/latecordoba.com\/wp-content\/uploads\/2024\/10\/esta-sedado-revelan-como-sigue-la-salud-de-jorge-lanata-tras-ser-operado-de-urgencia-4.jpg 768w, http:\/\/latecordoba.com\/wp-content\/uploads\/2024\/10\/esta-sedado-revelan-como-sigue-la-salud-de-jorge-lanata-tras-ser-operado-de-urgencia-5.jpg 150w, http:\/\/latecordoba.com\/wp-content\/uploads\/2024\/10\/esta-sedado-revelan-como-sigue-la-salud-de-jorge-lanata-tras-ser-operado-de-urgencia.jpg 696w\" sizes=\"(max-width: 696px) 100vw, 696px\" alt title=\"2231310\"><\/a><\/div>\n<p> <!-- content --><\/p>\n<article readability=\"47\">La situaci\u00f3n cl\u00ednica de Jorge Lanata mantiene una enorme preocupaci\u00f3n no solo a su entorno en general, sino que tambi\u00e9n a cada uno de sus oyentes y seguidores que segu\u00edan al conductor, tanto en la radio como en la televisi\u00f3n.<\/p>\n<p>Durante el cierre de esta semana aparecieron detalles cr\u00edticos sobre su condici\u00f3n, y la cirug\u00eda de urgencia a la que debi\u00f3 someterse. Yanina Latorre junto a \u00c1ngel de Brito fueron informando cada paso que dieron los m\u00e9dicos y de qu\u00e9 forma contin\u00faa su situaci\u00f3n.<\/p>\n<p>\u201cLanata sali\u00f3 del quir\u00f3fano. El tercer tramo es el lunes. La isquemia no se extendi\u00f3\u201d, lleg\u00f3 a decir la panelista de LAM. En ese sentido, hoy por la tarde salieron nuevas informaciones respeto al cuadro que enfrenta Lanata a sus 64 a\u00f1os.<\/p>\n<p>Mediante un debate que se instal\u00f3 en Canal 9, Fabiana Araujo cont\u00f3 detenidamente de qu\u00e9 forma est\u00e1 Lanata. En una larga internaci\u00f3n que vari\u00f3 entre el Hospital Italiano y el Centro Santa Catalina, lo \u201cconfortante\u201d de esta situaci\u00f3n es que el conductor se encuentra sedado y aislado de todo lo que pasa.<\/p>\n<p>C\u00d3MO SIGUE LA SALUD DE JORGE LANATA<\/p>\n<p>Estar en una situaci\u00f3n de salud tan compleja y que en el medio estalle un ins\u00f3lito esc\u00e1ndalo con su esposa Elba Marcovecchio y sus hijas, Lola y B\u00e1rbara, ser\u00eda algo contraproducente, y que lejos estar\u00eda dar ayudar en su condici\u00f3n.<\/p>\n<p>\u201cEst\u00e1 est\u00e1 sedado. No quieren decir inconsciente, porque no es la palabra, no es que perdi\u00f3 la conciencia. Est\u00e1 qu\u00edmicamente sedado, entonces, lo que nos consuela de alguna manera es que \u00e9l no se est\u00e1 dando cuenta de todo lo que sucede\u201d, cont\u00f3 la panelista.<\/p>\n<p>Y sobre ese mismo relato, Naira Vecchio, tambi\u00e9n agreg\u00f3: \u201cB\u00e1rbara Lanata ya habl\u00f3 por primera vez, la hija mayor de Lanata, donde ella reafirma que Elba Marcovecchio rob\u00f3 en su casa y est\u00e1n estas acusaciones,la interna que se da en este medio de la internaci\u00f3n de Lanata, bastante muy delicado\u201d.<\/p>\n<\/article>\n<p>Fuente: <a href=\"https:\/\/www.paparazzi.com.ar\/teve\/revelan-en-que-estado-de-salud-se-encuentra-jorge-lanata-esta-sedado-no-quieren-decir-que\/\">https:\/\/www.paparazzi.com.ar\/<\/a><\/p>\n","protected":false},"excerpt":{"rendered":"<p> La situaci\u00f3n cl\u00ednica de Jorge Lanata mantiene una enorme preocupaci\u00f3n no solo a su entorno en general, sino que tambi\u00e9n a cada uno de sus oyentes y seguidores que segu\u00edan al conductor, tanto en la radio como en la televisi\u00f3n. Durante el cierre de esta semana aparecieron detalles cr\u00edticos sobre su condici\u00f3n, y la cirug\u00eda [&#8230;]  <\/p>\n","protected":false},"author":1,"featured_media":28643,"comment_status":"closed","ping_status":"closed","sticky":false,"template":"","format":"standard","meta":[],"categories":[14],"tags":[],"_links":{"self":[{"href":"https:\/\/latecordoba.com\/index.php\/wp-json\/wp\/v2\/posts\/28642"}],"collection":[{"href":"https:\/\/latecordoba.com\/index.php\/wp-json\/wp\/v2\/posts"}],"about":[{"href":"https:\/\/latecordoba.com\/index.php\/wp-json\/wp\/v2\/types\/post"}],"author":[{"embeddable":true,"href":"https:\/\/latecordoba.com\/index.php\/wp-json\/wp\/v2\/users\/1"}],"replies":[{"embeddable":true,"href":"https:\/\/latecordoba.com\/index.php\/wp-json\/wp\/v2\/comments?post=28642"}],"version-history":[{"count":0,"href":"https:\/\/latecordoba.com\/index.php\/wp-json\/wp\/v2\/posts\/28642\/revisions"}],"wp:featuredmedia":[{"embeddable":true,"href":"https:\/\/latecordoba.com\/index.php\/wp-json\/wp\/v2\/media\/28643"}],"wp:attachment":[{"href":"https:\/\/latecordoba.com\/index.php\/wp-json\/wp\/v2\/media?parent=28642"}],"wp:term":[{"taxonomy":"category","embeddable":true,"href":"https:\/\/latecordoba.com\/index.php\/wp-json\/wp\/v2\/categories?post=28642"},{"taxonomy":"post_tag","embeddable":true,"href":"https:\/\/latecordoba.com\/index.php\/wp-json\/wp\/v2\/tags?post=28642"}],"curies":[{"name":"wp","href":"https:\/\/api.w.org\/{rel}","templated":true}]}}