{"id":25512,"date":"2024-07-11T01:39:29","date_gmt":"2024-07-11T01:39:29","guid":{"rendered":"http:\/\/1a85783b3d74289b77d2c7d42e722d58"},"modified":"2024-07-11T01:39:29","modified_gmt":"2024-07-11T01:39:29","slug":"el-pro-busca-sacarle-las-comisiones-a-los-legisladores-de-patricia-que-abandonaron-el-bloque-en-la-provincia","status":"publish","type":"post","link":"https:\/\/latecordoba.com\/index.php\/2024\/07\/11\/el-pro-busca-sacarle-las-comisiones-a-los-legisladores-de-patricia-que-abandonaron-el-bloque-en-la-provincia\/","title":{"rendered":"El PRO busca sacarle las comisiones a los legisladores de Patricia que abandonaron el bloque en la provincia"},"content":{"rendered":"\n<div class=\"media_block\"><img decoding=\"async\" src=\"http:\/\/latecordoba.com\/wp-content\/uploads\/2024\/07\/el-pro-busca-sacarle-las-comisiones-a-los-legisladores-de-patricia-que-abandonaron-el-bloque-en-la-provincia.png\"><\/div>\n<p>Los diputados del PRO en la provincia solicitaron a las autoridades de la Legislatura cambios en la conformaci\u00f3n de las comisiones de trabajo. La idea es reemplazar a un grupo de legisladores de Patricia Bullrich que se fueron del partido y que mantienen hasta hoy lugares importantes en las comisiones.<\/p>\n<p>En Asuntos Constitucionales la vicepresidencia es Abigail G\u00f3mez y el PRO pide que ese lugar lo ocupe Fernanda Antonijevic. En tanto, el legislador de Olavarr\u00eda Mart\u00edn Endere ser\u00e1 vocal.<\/p>\n<p>Por otro lado, el bloque amarillo presionar\u00e1 para remover a Fernando Compagnoni del asiento que corresponde al PRO en el Consejo de la Magistratura de la provincia. El pedido es para que el diputado de Patricia renuncie y que la representaci\u00f3n del PRO la comience a ejercer Endere.<\/p>\n<p>Desde el PRO reflotan el art\u00edculo 49 del reglamento de la C\u00e1mara Baja. All\u00ed dice que cuando uno o m\u00e1s diputados dejan un bloque, es el presidente de esa bancada quien debe &#8220;ratificar&#8221; o &#8220;rectificar&#8221; a la Presidencia de la C\u00e1mara los miembros de ese bloque que integran las Comisiones Permanentes, los cargos en esta C\u00e1mara, el Consejo de la Magistratura de la Provincia, Comisi\u00f3n Bicameral de Enjuiciamiento, as\u00ed como todo otro organismo o comisi\u00f3n especial o bicameral que merezca su apreciaci\u00f3n.<\/p>\n<p><a href=\"https:\/\/www.lapoliticaonline.com\/tools\/redirect.php?t=3&amp;i=291269&amp;s=ab506844d4c0a74ad311166c44b25489\" class=\"link-type-content content-type-noticia-ar\">La diputada de Patricia que rompi\u00f3 con el PRO se quiso llevar la caja: &#8220;Te llevas la gloria, pero no la caja&#8221;<\/a><\/p>\n<p>As\u00ed, en el PRO piden que el diputado Fabi\u00e1n Perechodnick integre la Comisi\u00f3n Bicameral de Enjuiciamiento y que Rita Salaberry sea vicepresidenta de la Comisi\u00f3n de Juventud, en lugar de Oriana Colugnatti.<\/p>\n<figure class=\"vsmimage\" contenteditable=\"false\"><img decoding=\"async\" loading=\"lazy\" alt=\"Fabi\u00e1n Perechodnik.\" data-vsmid=\"53607\" data-owidth=\"1366\" data-oheight=\"881\" src=\"data:image\/png;base64,iVBORw0KGgoAAAANSUhEUgAAAx4AAAH9AQMAAACuuzh4AAAAA1BMVEUAAACnej3aAAAAAXRSTlMAQObYZgAAAElJREFUeJztwTEBAAAAwqD1T20IX6AAAAAAAAAAAAAAAAAAAAAAAAAAAAAAAAAAAAAAAAAAAAAAAAAAAAAAAAAAAAAAAAAAgNsAyNEAARRrxGgAAAAASUVORK5CYII=\" vsmidos=\"1\" vsmsrc=\"\/files\/image\/53\/53607\/5c0b348cd50d7_798_509!.jpg?s=80ea1548081856627194a98ef3a1fda8&amp;d=1720662250\" width=\"798\" height=\"509\"><\/figure>\n<p>Mientras tanto, Julieta Quintero Chasman se podr\u00eda sumar a la Comisi\u00f3n de Tierras y Organizaci\u00f3n Territorial en representaci\u00f3n del PRO. En esa comisi\u00f3n permanente, el bloque PRO se qued\u00f3 sin representantes porque, hasta hace d\u00edas, la integraban Colugnatti y Compagnoni, ahora legisladores del bloque PRO Libertad.<\/p>\n<p>En el PRO aseguran que el resto de las bancadas opositoras comparten el criterio y aceptan como v\u00e1lido el reclamo de los amarillos toda vez que ese bloque representa a la segunda minor\u00eda dentro del recinto. <\/p>\n<p><a href=\"https:\/\/www.lapoliticaonline.com\/tools\/redirect.php?t=3&amp;i=291695&amp;s=c22659253e229556a0a829f34c55bd37\" class=\"link-type-content content-type-noticia-ar\">En el PRO le piden la renuncia a un director del BAPRO que se fue con Patricia<\/a><\/p>\n<p>De acuerdo a la repartici\u00f3n de miembros, el bloque de Patricia cuenta con cinco diputados, ocupando el lugar de la s\u00e9ptima minor\u00eda despu\u00e9s del peronismo, el PRO, la UCR, Uni\u00f3n Renovaci\u00f3n y Fe, y Acuerdo C\u00edvico UCR + GEN.<\/p>\n<p>La crisis en el PRO bonaerense estall\u00f3 con una renuncia masiva de consejeros al partido, por entonces controlado por Reich, senadora provincial y esposa de Diego Valenzuela. <\/p>\n<p>El intendente de Tres de Febrero -junto con Patricia Bullrich- propon\u00edan que el PRO se fundiera dentro de La Libertad Avanza, algo que la mayor\u00eda de los dirigentes del partido rechazan al tiempo que proponen una alianza electoral manteniendo la identidad y la historia del PRO.<\/p>\n<p>Ese quiebre signific\u00f3 que cinco diputados y una senadora abandonaran los bloques del PRO para conformar una nueva bancada.<\/p>\n<p>En la C\u00e1mara Baja se fueron Compagnoni, Florencia Retamoso, Oriana Colugnatti, Sofia Pomponio y Abigail G\u00f3mez. En el Senado se fue Daniel Reich, quien la semana pasada tuvo que dejar la vicepresidencia primera del Senado, un lugar al que hab\u00eda llegado en el marco de un acuerdo con el PRO.<\/p>\n","protected":false},"excerpt":{"rendered":"\n<div class=\"media_block\"><img decoding=\"async\" src=\"http:\/\/latecordoba.com\/wp-content\/uploads\/2024\/07\/el-pro-busca-sacarle-las-comisiones-a-los-legisladores-de-patricia-que-abandonaron-el-bloque-en-la-provincia.png\"><\/div>\n<p>Piden que los legisladores que se fueron del partido sean reemplazados en los cargos importantes de la Legislatura bonaerense.  <\/p>\n","protected":false},"author":1,"featured_media":25513,"comment_status":"closed","ping_status":"closed","sticky":false,"template":"","format":"standard","meta":[],"categories":[18],"tags":[],"_links":{"self":[{"href":"https:\/\/latecordoba.com\/index.php\/wp-json\/wp\/v2\/posts\/25512"}],"collection":[{"href":"https:\/\/latecordoba.com\/index.php\/wp-json\/wp\/v2\/posts"}],"about":[{"href":"https:\/\/latecordoba.com\/index.php\/wp-json\/wp\/v2\/types\/post"}],"author":[{"embeddable":true,"href":"https:\/\/latecordoba.com\/index.php\/wp-json\/wp\/v2\/users\/1"}],"replies":[{"embeddable":true,"href":"https:\/\/latecordoba.com\/index.php\/wp-json\/wp\/v2\/comments?post=25512"}],"version-history":[{"count":0,"href":"https:\/\/latecordoba.com\/index.php\/wp-json\/wp\/v2\/posts\/25512\/revisions"}],"wp:featuredmedia":[{"embeddable":true,"href":"https:\/\/latecordoba.com\/index.php\/wp-json\/wp\/v2\/media\/25513"}],"wp:attachment":[{"href":"https:\/\/latecordoba.com\/index.php\/wp-json\/wp\/v2\/media?parent=25512"}],"wp:term":[{"taxonomy":"category","embeddable":true,"href":"https:\/\/latecordoba.com\/index.php\/wp-json\/wp\/v2\/categories?post=25512"},{"taxonomy":"post_tag","embeddable":true,"href":"https:\/\/latecordoba.com\/index.php\/wp-json\/wp\/v2\/tags?post=25512"}],"curies":[{"name":"wp","href":"https:\/\/api.w.org\/{rel}","templated":true}]}}