{"id":25510,"date":"2024-07-11T02:54:42","date_gmt":"2024-07-11T02:54:42","guid":{"rendered":"https:\/\/viapais.com.ar\/cordoba\/historico-cordoba-rompio-record-de-consumo-de-energia-electrica-en-invierno\/"},"modified":"2024-07-11T02:54:42","modified_gmt":"2024-07-11T02:54:42","slug":"historico-cordoba-rompio-record-de-consumo-de-energia-electrica-en-invierno","status":"publish","type":"post","link":"https:\/\/latecordoba.com\/index.php\/2024\/07\/11\/historico-cordoba-rompio-record-de-consumo-de-energia-electrica-en-invierno\/","title":{"rendered":"Hist\u00f3rico: C\u00f3rdoba rompi\u00f3 r\u00e9cord de consumo de energ\u00eda el\u00e9ctrica en invierno"},"content":{"rendered":"<br \/>\n<section readability=\"18.307086614173\">\n<p>En plena ola polar, <b>la <\/b><a href=\"https:\/\/viapais.com.ar\/cordoba\/spa-hidroterapia-y-gastronomia-gourmet-como-es-la-posada-en-medio-de-la-naturaleza-de-cordoba\/\" target=\"_blank\" rel=\"noopener\"><b>provincia de C\u00f3rdoba<\/b><\/a><b> rompi\u00f3 el r\u00e9cord hist\u00f3rico de consumo de energ\u00eda el\u00e9ctrica<\/b>. Seg\u00fan un informe realizado por la <a href=\"https:\/\/viapais.com.ar\/cordoba\/ante-la-ola-de-calor-cordoba-registro-record-en-consumo-de-energia-electrica\/\" target=\"_blank\" rel=\"noopener\"><b>Empresa Provincial de Energ\u00eda (Epec)<\/b><\/a>, la medida m\u00e1s alta databa del <b>26 de junio de 2022<\/b>, con 1.957 megavatios (MW).<\/p>\n<article class=\"article card\">\n<div class=\"article-inner \">\n<div class=\"article-image \"><a href=\"https:\/\/viapais.com.ar\/cordoba\/cordoba-como-acceder-al-beneficio-de-recategorizacion-de-epec-para-pagar-menos\/\" title=\"subsidio de luz y gas\"><\/p>\n<figure><img alt=\"subsidio de luz y gas\" class=\" block \" src=\"http:\/\/latecordoba.com\/wp-content\/uploads\/2024\/07\/historico-cordoba-rompio-record-de-consumo-de-energia-electrica-en-invierno.jpg\" sizes=\"auto\" loading=\"lazy\" data-src=\"http:\/\/latecordoba.com\/wp-content\/uploads\/2024\/07\/historico-cordoba-rompio-record-de-consumo-de-energia-electrica-en-invierno.jpg\" width=\"307px\" fetchpriority=\"low\" decoding=\"async\" height=\"173px\"><\/figure>\n<p><\/a><\/div>\n<\/div>\n<\/article>\n<h2 class><b>R\u00c9CORD HIST\u00d3RICO DE CONSUMO DE ENERG\u00cdA EN C\u00d3RDOBA<\/b><\/h2>\n<p><b>Este 10 de julio, el consumo alcanz\u00f3 los 2.063 MQ a las 20.46<\/b>. Este aumento significativo obedece, principalmente, <b>a las bajas temperaturas<\/b> que afectan a toda la provincia. Con una alerta roja por temperaturas extremas, <b>los ciudadanos utilizan m\u00e1s energ\u00eda para calefaccionar sus hogares<\/b>. <\/p>\n<article class=\"article card\">\n<div class=\"article-inner \">\n<div class=\"article-image \"><a href=\"https:\/\/viapais.com.ar\/cordoba\/una-cooperativa-de-cordoba-aplico-descuentos-en-las-facturas-de-luz-en-tiempos-dificiles-te-acompanamos\/\" title=\"Facturas de luz.\"><\/p>\n<figure><img alt=\"Facturas de luz.\" class=\" block \" src=\"http:\/\/latecordoba.com\/wp-content\/uploads\/2024\/07\/historico-cordoba-rompio-record-de-consumo-de-energia-electrica-en-invierno-1.jpg\" sizes=\"auto\" loading=\"lazy\" data-src=\"http:\/\/latecordoba.com\/wp-content\/uploads\/2024\/07\/historico-cordoba-rompio-record-de-consumo-de-energia-electrica-en-invierno-1.jpg\" width=\"307px\" fetchpriority=\"low\" decoding=\"async\" height=\"173px\"><\/figure>\n<p><\/a><\/div>\n<\/div>\n<\/article>\n<p>El uso intensivo de aparatos el\u00e9ctricos elev\u00f3 la demanda de manera considerada. Por eso, <b>Epec hizo un llamado a la ciudadan\u00eda para hacer un uso responsable de la energ\u00eda<\/b>. <\/p>\n<article class=\"article card\">\n<div class=\"article-inner \">\n<div class=\"article-image \"><a href=\"https:\/\/viapais.com.ar\/cordoba\/hizo-14-grados-bajo-cero-cual-fue-el-rincon-mas-frio-de-la-provincia-de-cordoba\/\" title=\"cerro champaqu\u00ed\"><\/p>\n<figure><img alt=\"cerro champaqu\u00ed\" class=\" block \" src=\"http:\/\/latecordoba.com\/wp-content\/uploads\/2024\/07\/historico-cordoba-rompio-record-de-consumo-de-energia-electrica-en-invierno-2.jpg\" sizes=\"auto\" loading=\"lazy\" data-src=\"http:\/\/latecordoba.com\/wp-content\/uploads\/2024\/07\/historico-cordoba-rompio-record-de-consumo-de-energia-electrica-en-invierno-2.jpg\" width=\"307px\" fetchpriority=\"low\" decoding=\"async\" height=\"173px\"><\/figure>\n<p><\/a><\/div>\n<\/div>\n<\/article>\n<p>\u201cSe solicita a los usuarios hacer un uso responsable de la energ\u00eda, <b>calefaccionando s\u00f3lo los ambientes que se est\u00e9n habitando<\/b> y evitando el ingreso de aire fr\u00edo desde el exterior\u201d, pidi\u00f3 la empresa. <\/p>\n<\/section>\n<div class=\"story-tags noreadme-audima\">\n<h3>Temas Relacionados<\/h3>\n<\/div>\n","protected":false},"excerpt":{"rendered":"<p>En plena ola polar, la provincia de C\u00f3rdoba rompi\u00f3 el r\u00e9cord hist\u00f3rico de consumo de energ\u00eda el\u00e9ctrica. Seg\u00fan un informe realizado por la Empresa Provincial de Energ\u00eda (Epec), la medida m\u00e1s alta databa del 26 de junio de 2022, con 1.957 megavatios (MW). R\u00c9CORD HIST\u00d3RICO DE CONSUMO DE ENERG\u00cdA EN C\u00d3RDOBA Este 10 de julio, [&hellip;]<\/p>\n","protected":false},"author":1,"featured_media":25511,"comment_status":"closed","ping_status":"closed","sticky":false,"template":"","format":"standard","meta":[],"categories":[15],"tags":[],"_links":{"self":[{"href":"https:\/\/latecordoba.com\/index.php\/wp-json\/wp\/v2\/posts\/25510"}],"collection":[{"href":"https:\/\/latecordoba.com\/index.php\/wp-json\/wp\/v2\/posts"}],"about":[{"href":"https:\/\/latecordoba.com\/index.php\/wp-json\/wp\/v2\/types\/post"}],"author":[{"embeddable":true,"href":"https:\/\/latecordoba.com\/index.php\/wp-json\/wp\/v2\/users\/1"}],"replies":[{"embeddable":true,"href":"https:\/\/latecordoba.com\/index.php\/wp-json\/wp\/v2\/comments?post=25510"}],"version-history":[{"count":0,"href":"https:\/\/latecordoba.com\/index.php\/wp-json\/wp\/v2\/posts\/25510\/revisions"}],"wp:featuredmedia":[{"embeddable":true,"href":"https:\/\/latecordoba.com\/index.php\/wp-json\/wp\/v2\/media\/25511"}],"wp:attachment":[{"href":"https:\/\/latecordoba.com\/index.php\/wp-json\/wp\/v2\/media?parent=25510"}],"wp:term":[{"taxonomy":"category","embeddable":true,"href":"https:\/\/latecordoba.com\/index.php\/wp-json\/wp\/v2\/categories?post=25510"},{"taxonomy":"post_tag","embeddable":true,"href":"https:\/\/latecordoba.com\/index.php\/wp-json\/wp\/v2\/tags?post=25510"}],"curies":[{"name":"wp","href":"https:\/\/api.w.org\/{rel}","templated":true}]}}