{"id":25482,"date":"2024-07-10T11:30:00","date_gmt":"2024-07-10T11:30:00","guid":{"rendered":"https:\/\/viapais.com.ar\/via-libre\/evangelina-anderson-encendio-el-verano-europeo-con-una-sensual-microbikini\/"},"modified":"2024-07-10T11:30:00","modified_gmt":"2024-07-10T11:30:00","slug":"evangelina-anderson-encendio-el-verano-europeo-con-una-sensual-microbikini","status":"publish","type":"post","link":"https:\/\/latecordoba.com\/index.php\/2024\/07\/10\/evangelina-anderson-encendio-el-verano-europeo-con-una-sensual-microbikini\/","title":{"rendered":"Evangelina Anderson encendi\u00f3 el verano europeo con una sensual microbikini"},"content":{"rendered":"\n<p><a href=\"https:\/\/viapais.com.ar\/via-libre\/evangelina-anderson-prendio-fuego-las-redes-con-un-vestido-de-red-con-recortes\/\" target=\"_blank\" rel=\"noopener\">Evangelina Anderson<\/a> despliega toda su sensualidad a cada paso que da. Tiene un estilo \u00fanico y d\u00eda a d\u00eda encandila a sus fans con las publicaciones cargadas de sensualidad que realiza en Instagram. All\u00ed tiene m\u00e1s de <i><b>4 millones de seguidores<\/b><\/i> que invaden de likes sus fotos y videos.<\/p>\n<figure><picture><img alt=\"El vestido de red blanco y la escarapela: Evangelina Anderson celebr\u00f3 el d\u00eda de \u201cla m\u00e1s linda\u201d\" class=\" block \" src=\"http:\/\/latecordoba.com\/wp-content\/uploads\/2024\/07\/evangelina-anderson-encendio-el-verano-europeo-con-una-sensual-microbikini.jpg\" sizes=\"100vw\" loading=\"lazy\" data-src=\"http:\/\/latecordoba.com\/wp-content\/uploads\/2024\/07\/evangelina-anderson-encendio-el-verano-europeo-con-una-sensual-microbikini.jpg\" width=\"1023px\" fetchpriority=\"low\" decoding=\"async\" height=\"1278px\"><\/picture><figcaption class>El vestido de red blanco y la escarapela: Evangelina Anderson celebr\u00f3 el d\u00eda de \u201cla m\u00e1s linda\u201d Foto: instagram<\/figcaption><\/figure>\n<article class=\"article card\">\n<div class=\"article-inner \">\n<div class=\"article-image \"><a href=\"https:\/\/viapais.com.ar\/rumbos\/el-vestido-de-metal-celeste-con-el-que-impacto-evangelina-anderson-baby-blue\/\" title=\"Evangelina Anderson\"><\/p>\n<figure><img alt=\"Evangelina Anderson\" class=\" block \" src=\"http:\/\/latecordoba.com\/wp-content\/uploads\/2024\/07\/evangelina-anderson-encendio-el-verano-europeo-con-una-sensual-microbikini-1.jpg\" sizes=\"auto\" loading=\"lazy\" data-src=\"http:\/\/latecordoba.com\/wp-content\/uploads\/2024\/07\/evangelina-anderson-encendio-el-verano-europeo-con-una-sensual-microbikini-1.jpg\" width=\"307px\" fetchpriority=\"low\" decoding=\"async\" height=\"173px\"><\/figure>\n<p><\/a><\/div>\n<\/div>\n<\/article>\n<p>Su estilo jam\u00e1s pasa desapercibido. Capta la atenci\u00f3n de todos y las tendencias son su especialidad. Tiene un sello \u00fanico y le pone su impronta a cada outfit que elige. <i><b>Siempre audaz encandila con su espectacular figura y con la combinaci\u00f3n de prendas que elige para vestir.<\/b><\/i><\/p>\n<figure><picture><img alt=\"Evangelina Anderson engalana Los 8 Escalones\" class=\" block \" src=\"http:\/\/latecordoba.com\/wp-content\/uploads\/2024\/07\/evangelina-anderson-encendio-el-verano-europeo-con-una-sensual-microbikini-2.jpg\" sizes=\"100vw\" loading=\"lazy\" data-src=\"http:\/\/latecordoba.com\/wp-content\/uploads\/2024\/07\/evangelina-anderson-encendio-el-verano-europeo-con-una-sensual-microbikini-2.jpg\" width=\"1023px\" fetchpriority=\"low\" decoding=\"async\" height=\"1277px\"><\/picture><figcaption class>Evangelina Anderson engalana Los 8 Escalones Foto: instagram<\/figcaption><\/figure>\n<p>Evangelina Anderson,<i><b> fan\u00e1tica de las microbikinis<\/b><\/i> deslumbr\u00f3 con un impactante traje de ba\u00f1o. Desde la playa de Marbella brill\u00f3 con una espectacular malla de dos piezas ultra sensual. La modelo eligi\u00f3 una bikini muy diminuta y enamor\u00f3 a todos con su look de playa.<\/p>\n<figure><picture><img alt=\"Evangelina Anderson, como una diosa del mar, deslumbr\u00f3 con un vestido lila mega ajustado y con transparencias\" class=\" block \" src=\"http:\/\/latecordoba.com\/wp-content\/uploads\/2024\/07\/evangelina-anderson-encendio-el-verano-europeo-con-una-sensual-microbikini-3.jpg\" sizes=\"100vw\" loading=\"lazy\" data-src=\"http:\/\/latecordoba.com\/wp-content\/uploads\/2024\/07\/evangelina-anderson-encendio-el-verano-europeo-con-una-sensual-microbikini-3.jpg\" width=\"1023px\" fetchpriority=\"low\" decoding=\"async\" height=\"1278px\"><\/picture><figcaption class>Evangelina Anderson, como una diosa del mar, deslumbr\u00f3 con un vestido lila mega ajustado y con transparencias Foto: instagram<\/figcaption><\/figure>\n<p>Sin lugar a dudas, ninguna tendencia se le escapa y es la reina del estilo. Los dise\u00f1adores de moda m\u00e1s importantes la buscan para que sea la cara de sus marcas. <i><b>Es una verdadera it girl.<\/b><\/i><\/p>\n<figure><picture><img alt=\"El espectacular look playero que luci\u00f3 Evangelina Anderson en Marbella\" class=\" block \" src=\"http:\/\/latecordoba.com\/wp-content\/uploads\/2024\/07\/evangelina-anderson-encendio-el-verano-europeo-con-una-sensual-microbikini-4.jpg\" sizes=\"100vw\" loading=\"lazy\" data-src=\"http:\/\/latecordoba.com\/wp-content\/uploads\/2024\/07\/evangelina-anderson-encendio-el-verano-europeo-con-una-sensual-microbikini-4.jpg\" width=\"1023px\" fetchpriority=\"low\" decoding=\"async\" height=\"1278px\"><\/picture><figcaption class>El espectacular look playero que luci\u00f3 Evangelina Anderson en Marbella Foto: instagram<\/figcaption><\/figure>\n<p>Complement\u00f3 el look llevando el cabello suelto y luci\u00f3 unos espectaculares anteojos de sol. <i><b>Los likes r\u00e1pidamente invadieron la publicaci\u00f3n y los mensajes de halagos no se hicieron esperar.<\/b><\/i><\/p>\n<h2 class>Evangelina Anderson enamor\u00f3 corazones con una microbikini que dej\u00f3 sin palabras a sus fans.<\/h2>\n<p>La modelo es una referente fashionista. Atenta a las \u00faltimas tendencias de la moda. Desprende sensualidad a cada paso que da. Su carisma no conoce de l\u00edmites. <i><b>Su glamour y sensualidad traspasan la pantalla.<\/b><\/i> Ha logrado ganarse un lugar en la escena medi\u00e1tica argentina.<\/p>\n<figure><picture><img alt=\"El look coquette de Evangelina Anderson\" class=\" block \" src=\"http:\/\/latecordoba.com\/wp-content\/uploads\/2024\/07\/evangelina-anderson-encendio-el-verano-europeo-con-una-sensual-microbikini-5.jpg\" sizes=\"100vw\" loading=\"lazy\" data-src=\"http:\/\/latecordoba.com\/wp-content\/uploads\/2024\/07\/evangelina-anderson-encendio-el-verano-europeo-con-una-sensual-microbikini-5.jpg\" width=\"1023px\" fetchpriority=\"low\" decoding=\"async\" height=\"1278px\"><\/picture><figcaption class>El look coquette de Evangelina Anderson Foto: instagram<\/figcaption><\/figure>\n<article class=\"article card\">\n<div class=\"article-inner \">\n<div class=\"article-image \"><a href=\"https:\/\/viapais.com.ar\/via-libre\/evangelina-anderson-llevo-el-estilo-coquette-al-lujo-extremo-sensual-y-glamourosa\/\" title=\"Evangelina Anderson\"><\/p>\n<figure><img alt=\"Evangelina Anderson\" class=\" block \" src=\"http:\/\/latecordoba.com\/wp-content\/uploads\/2024\/07\/evangelina-anderson-encendio-el-verano-europeo-con-una-sensual-microbikini-6.jpg\" sizes=\"auto\" loading=\"lazy\" data-src=\"http:\/\/latecordoba.com\/wp-content\/uploads\/2024\/07\/evangelina-anderson-encendio-el-verano-europeo-con-una-sensual-microbikini-6.jpg\" width=\"307px\" fetchpriority=\"low\" decoding=\"async\" height=\"173px\"><\/figure>\n<p><\/a><\/div>\n<\/div>\n<\/article>\n<figure><picture><img alt=\"El espectacular look playero que luci\u00f3 Evangelina Anderson en Marbella\" class=\" block \" src=\"http:\/\/latecordoba.com\/wp-content\/uploads\/2024\/07\/evangelina-anderson-encendio-el-verano-europeo-con-una-sensual-microbikini-7.jpg\" sizes=\"100vw\" loading=\"lazy\" data-src=\"http:\/\/latecordoba.com\/wp-content\/uploads\/2024\/07\/evangelina-anderson-encendio-el-verano-europeo-con-una-sensual-microbikini-7.jpg\" width=\"1023px\" fetchpriority=\"low\" decoding=\"async\" height=\"1278px\"><\/picture><figcaption class>El espectacular look playero que luci\u00f3 Evangelina Anderson en Marbella Foto: instagram<\/figcaption><\/figure>\n<p>Evangelina Anderson brill\u00f3 con un traje de ba\u00f1o ultra sensual. <i><b>Mostr\u00f3 mucha piel y luci\u00f3 su incre\u00edble bronceado <\/b><\/i>en las hermosas playas de la ciudad de<b> Marbella<\/b>, <b>Espa\u00f1a<\/b>.<\/p>\n","protected":false},"excerpt":{"rendered":"<p>Evangelina Anderson despliega toda su sensualidad a cada paso que da. Tiene un estilo \u00fanico y d\u00eda a d\u00eda encandila a sus fans con las publicaciones cargadas de sensualidad que realiza en Instagram. All\u00ed tiene m\u00e1s de 4 millones de seguidores que invaden de likes sus fotos y videos. El vestido de red blanco y [&hellip;]<\/p>\n","protected":false},"author":1,"featured_media":25483,"comment_status":"closed","ping_status":"closed","sticky":false,"template":"","format":"standard","meta":[],"categories":[15],"tags":[],"_links":{"self":[{"href":"https:\/\/latecordoba.com\/index.php\/wp-json\/wp\/v2\/posts\/25482"}],"collection":[{"href":"https:\/\/latecordoba.com\/index.php\/wp-json\/wp\/v2\/posts"}],"about":[{"href":"https:\/\/latecordoba.com\/index.php\/wp-json\/wp\/v2\/types\/post"}],"author":[{"embeddable":true,"href":"https:\/\/latecordoba.com\/index.php\/wp-json\/wp\/v2\/users\/1"}],"replies":[{"embeddable":true,"href":"https:\/\/latecordoba.com\/index.php\/wp-json\/wp\/v2\/comments?post=25482"}],"version-history":[{"count":0,"href":"https:\/\/latecordoba.com\/index.php\/wp-json\/wp\/v2\/posts\/25482\/revisions"}],"wp:featuredmedia":[{"embeddable":true,"href":"https:\/\/latecordoba.com\/index.php\/wp-json\/wp\/v2\/media\/25483"}],"wp:attachment":[{"href":"https:\/\/latecordoba.com\/index.php\/wp-json\/wp\/v2\/media?parent=25482"}],"wp:term":[{"taxonomy":"category","embeddable":true,"href":"https:\/\/latecordoba.com\/index.php\/wp-json\/wp\/v2\/categories?post=25482"},{"taxonomy":"post_tag","embeddable":true,"href":"https:\/\/latecordoba.com\/index.php\/wp-json\/wp\/v2\/tags?post=25482"}],"curies":[{"name":"wp","href":"https:\/\/api.w.org\/{rel}","templated":true}]}}