{"id":25480,"date":"2024-07-09T20:35:14","date_gmt":"2024-07-09T20:35:14","guid":{"rendered":"http:\/\/30578f84c53f70e1b98d620effdd15d0"},"modified":"2024-07-09T20:35:14","modified_gmt":"2024-07-09T20:35:14","slug":"valdes-dice-que-bullrich-y-santiago-caputo-operan-el-caso-loan-para-debilitarlo","status":"publish","type":"post","link":"https:\/\/latecordoba.com\/index.php\/2024\/07\/09\/valdes-dice-que-bullrich-y-santiago-caputo-operan-el-caso-loan-para-debilitarlo\/","title":{"rendered":"Vald\u00e9s dice que Bullrich y Santiago Caputo operan el caso Loan para debilitarlo"},"content":{"rendered":"\n<div class=\"media_block\"><img decoding=\"async\" src=\"http:\/\/latecordoba.com\/wp-content\/uploads\/2024\/07\/valdes-dice-que-bullrich-y-santiago-caputo-operan-el-caso-loan-para-debilitarlo.jpg\"><\/div>\n<div><img decoding=\"async\" src=\"http:\/\/latecordoba.com\/wp-content\/uploads\/2024\/07\/valdes-dice-que-bullrich-y-santiago-caputo-operan-el-caso-loan-para-debilitarlo-1.jpg\" class=\"ff-og-image-inserted\"><\/div>\n<p>&nbsp;Gustavo Vald\u00e9s dice que Patricia Bullrich y Santiago Caputo operan el caso Loan para debilitarlo. El gobernador acusa a la ministra de Seguridad de haber conseguido que Fernando Burlando sea el abogado de la familia del ni\u00f1o para mantener el tema en todos los medios.<\/p>\n<p>Mientras el gobernador se fotografiaba con sus pares en Tucum\u00e1n, Corrientes entraba en estado de ebullici\u00f3n. &#8220;Devuelvan a Loan&#8221; fue el grito de miles de manifestantes que se convocaron en la capital provincial para pedir por el ni\u00f1o, desaparecido desde el 13 de junio.<\/p>\n<p><a href=\"https:\/\/www.lapoliticaonline.com\/tools\/redirect.php?t=3&amp;i=293915&amp;s=5e5e7ec6d0b6ecea860337fc5697baf8\" target=\"_blank\" class=\"link-type-content content-type-noticia-ar\" rel=\"noopener\">El nexo \u00edntimo con un senador vincula a Vald\u00e9s con la pista falsa de la t\u00eda de Loan&nbsp;<\/a><\/p>\n<p>La marcha encontr\u00f3 al gobernador a 800 kil\u00f3metros. Su presencia en el Pacto de Mayo estuvo en duda hasta \u00faltimo momento. Desde el gobierno dejaron correr versiones de que Vald\u00e9s no iba a participar por decisi\u00f3n de Javier Milei.<\/p>\n<p>All\u00ed se cruz\u00f3 con Bullrich a quien acusa de haber acercado a Burlando como abogado de la familia de Loan. El penalista sabe moverse en los medios de comunicaci\u00f3n y Vald\u00e9s cree que los libertarios buscan mantener bien arriba el tema para debilitarlo. <\/p>\n<p>Durante una reuni\u00f3n entre los gobernadores de Juntos en Tucum\u00e1n, Vald\u00e9s expuso algunos temores ante sus colegas. El a\u00f1o pr\u00f3ximo hay elecciones en Corrientes y considera que desde el oficialismo buscan correrlo.<\/p>\n<p>Adem\u00e1s, Vald\u00e9s cree que Santiago Caputo es quien opera en diversos medios de comunicaci\u00f3n para que sigan con el tema en agenda. A medida que pasan los d\u00edas, aparecen nuevas revelaciones sobre los v\u00ednculos del gobernador con la polic\u00eda. <\/p>\n<p>El radical est\u00e1 cada vez m\u00e1s salpicado por el caso que tiene como principales sospechosos a una ex funcionaria municipal y su pareja, un marino retirado. En ese contexto, en Corrientes empiezan a mirar al gobernador por la participaci\u00f3n en el caso de dirigentes muy pr\u00f3ximos a \u00e9l.<\/p>\n<p>Diego Pellegrini, un legislador muy cercano a Vald\u00e9s, fue quien llev\u00f3 en su autom\u00f3vil a Laudelina, la t\u00eda de Loan, para que declarara ante la justicia.<\/p>\n<p>Desde el gobierno, le pusieron a Laudelina un abogado. Se trata de Jos\u00e9 Fern\u00e1ndez Codazzi, cuya suegra es concejal del partido de Vald\u00e9s. Su esposa es funcionaria del ministerio de Seguridad, ahora en jaque por las vinculaciones de la polic\u00eda local con los manejos irregulares como el de la investigaci\u00f3n policial del caso Loan. <\/p>\n<p>Fernando Burlando, abogado de la familia de Loan, revel\u00f3 que Laudelina se hospeda en el &#8220;Design House Corrientes&#8221;, propiedad del hermano de Eduardo Acosta, ex jefe de la polic\u00eda provincial.<\/p>\n","protected":false},"excerpt":{"rendered":"\n<div class=\"media_block\"><img decoding=\"async\" src=\"http:\/\/latecordoba.com\/wp-content\/uploads\/2024\/07\/valdes-dice-que-bullrich-y-santiago-caputo-operan-el-caso-loan-para-debilitarlo.jpg\"><\/div>\n<p>Mientras el gobernador estuvo en Tucum\u00e1n, en Corrientes hubo una marcha multitudinaria para reclamar por el ni\u00f1o. Vald\u00e9s apunta contra Patricia por Burlando.  <\/p>\n","protected":false},"author":1,"featured_media":25481,"comment_status":"closed","ping_status":"closed","sticky":false,"template":"","format":"standard","meta":[],"categories":[18],"tags":[],"_links":{"self":[{"href":"https:\/\/latecordoba.com\/index.php\/wp-json\/wp\/v2\/posts\/25480"}],"collection":[{"href":"https:\/\/latecordoba.com\/index.php\/wp-json\/wp\/v2\/posts"}],"about":[{"href":"https:\/\/latecordoba.com\/index.php\/wp-json\/wp\/v2\/types\/post"}],"author":[{"embeddable":true,"href":"https:\/\/latecordoba.com\/index.php\/wp-json\/wp\/v2\/users\/1"}],"replies":[{"embeddable":true,"href":"https:\/\/latecordoba.com\/index.php\/wp-json\/wp\/v2\/comments?post=25480"}],"version-history":[{"count":0,"href":"https:\/\/latecordoba.com\/index.php\/wp-json\/wp\/v2\/posts\/25480\/revisions"}],"wp:featuredmedia":[{"embeddable":true,"href":"https:\/\/latecordoba.com\/index.php\/wp-json\/wp\/v2\/media\/25481"}],"wp:attachment":[{"href":"https:\/\/latecordoba.com\/index.php\/wp-json\/wp\/v2\/media?parent=25480"}],"wp:term":[{"taxonomy":"category","embeddable":true,"href":"https:\/\/latecordoba.com\/index.php\/wp-json\/wp\/v2\/categories?post=25480"},{"taxonomy":"post_tag","embeddable":true,"href":"https:\/\/latecordoba.com\/index.php\/wp-json\/wp\/v2\/tags?post=25480"}],"curies":[{"name":"wp","href":"https:\/\/api.w.org\/{rel}","templated":true}]}}