{"id":25474,"date":"2024-07-09T18:00:44","date_gmt":"2024-07-09T18:00:44","guid":{"rendered":"https:\/\/www.vitonica.com\/alimentos\/claves-para-conservar-arandanos-casa-que-permanezcan-frescos-dos-semanas"},"modified":"2024-07-09T18:00:44","modified_gmt":"2024-07-09T18:00:44","slug":"como-conservar-los-arandanos-para-que-duren-frescos-varias-semanas","status":"publish","type":"post","link":"https:\/\/latecordoba.com\/index.php\/2024\/07\/09\/como-conservar-los-arandanos-para-que-duren-frescos-varias-semanas\/","title":{"rendered":"C\u00f3mo conservar los ar\u00e1ndanos para que duren frescos varias semanas"},"content":{"rendered":"\n<p>Si eres amante de los <strong>ar\u00e1ndanos, <\/strong>estos <a href=\"https:\/\/www.vitonica.com\/alimentos\/soy-nutricionista-esta-mi-opinion-fruta-saludable-que-puedes-comprar-supermercado\">peque\u00f1os frutos <\/a>que por su alto contenido de agua se deterioran con facilidad, te mostramos <strong>c\u00f3mo conservarlos en casa para que permanezcan frescos por hasta dos semanas<\/strong>.<\/p>\n<p><!-- BREAK 1 --> <\/p>\n<h2>Los trucos que no fallan para conservar ar\u00e1ndanos<\/h2>\n<p>Lo primero que debemos saber es que al comprar <a href=\"https:\/\/www.vitonica.com\/alimentos\/este-impacto-positivo-que-ocurre-tu-cuerpo-cuando-tomas-arandanos-a-diario\">ar\u00e1ndanos<\/a>, es de gran ayuda <strong>retirarlos del recipiente o envase<\/strong> en el que est\u00e1n; y de esta forma eliminar los frutos que podr\u00edan estar da\u00f1ados, as\u00ed como o los tallos, y posibles impurezas que puedan tener.<\/p>\n<p><!-- BREAK 2 --><\/p>\n<p>Si no los vamos a utilizar en el momento, recomendamos no <a href=\"https:\/\/www.vitonica.com\/alimentos\/forma-correcta-lavar-secar-arandanos-para-conservarlos-frescos-bichos-tiempo\">lavarlos <\/a>sino m\u00e1s &nbsp;bien dejarlos como est\u00e1n para <strong>no sumar humedad<\/strong> a los mismos.<\/p>\n<div class=\"article-asset article-asset-normal article-asset-center\">\n<div class=\"desvio-container\">\n<div class=\"desvio\">\n<div class=\"desvio-figure js-desvio-figure\"> <a href=\"https:\/\/www.vitonica.com\/alimentos\/forma-correcta-lavar-secar-arandanos-para-conservarlos-frescos-bichos-tiempo\"> <img decoding=\"async\" loading=\"lazy\" alt=\"Esta es la forma correcta de lavar y secar los ar\u00e1ndanos antes de consumirlos para eliminar par\u00e1sitos y pesticidas\" width=\"375\" height=\"142\" src=\"http:\/\/latecordoba.com\/wp-content\/uploads\/2024\/07\/como-conservar-los-arandanos-para-que-duren-frescos-varias-semanas.webp\" onerror=\"this.src=&quot;https:\/\/i.blogs.es\/99776d\/davies-designs-studio-34lgo8_oo-o-unsplash\/375_142.jpeg&quot;\"> <\/a> <\/div>\n<\/p><\/div>\n<\/p><\/div>\n<\/div>\n<p>Lo m\u00e1s importante es <strong>pasarlos a un recipiente ancho y bajo,<\/strong> y colocar en la base del mismo varias <strong>capas de papel de cocina<\/strong> o toallas absorbentes, con el objetivo de <a href=\"https:\/\/www.vitonica.com\/alimentos\/nueve-trucos-sencillos-para-conservar-alargar-vida-estos-alimentos-durante-tiempo#:~:text=Para%20alargar%20su%20vida%20%C3%BAtil,est%C3%A9n%20lo%20m%C3%A1s%20separadas%20posibles.\">eliminar cualquier m\u00ednimo una humedad<\/a> que pudieran contener.<\/p>\n<p><!-- BREAK 3 --> <\/p>\n<p>Posteriormente, recomendamos <strong>tapar el recipiente dejando un peque\u00f1o orificio para que circule el aire<\/strong> en el interior; pudiendo ser una punta de la tapa no cerrada o unos peque\u00f1os cortes si utilizamos papel de film.<\/p>\n<p><!-- BREAK 4 --><\/p>\n<p>Si decidimos lavarlos para que se encuentren listos para consumir, la clave es <strong>secarlos correctamente<\/strong> utilizando para ello papel de cocina o toallas que minimicen al m\u00e1ximo la <a href=\"https:\/\/www.vitonica.com\/alimentos\/este-enemigo-invisible-alimentos-que-tienen-moho\">humedad<\/a>.<\/p>\n<p><!-- BREAK 5 --><\/p>\n<div class=\"article-asset-image article-asset-normal article-asset-center\">\n<div class=\"asset-content\"> <img class=\"centro_sinmarco\" height=\"433\" width=\"650\" loading=\"lazy\" decoding=\"async\" sizes=\"100vw\" fetchpriority=\"high\" srcset=\"http:\/\/latecordoba.com\/wp-content\/uploads\/2024\/07\/como-conservar-los-arandanos-para-que-duren-frescos-varias-semanas-1.webp 450w, http:\/\/latecordoba.com\/wp-content\/uploads\/2024\/07\/como-conservar-los-arandanos-para-que-duren-frescos-varias-semanas-2.webp 681w, http:\/\/latecordoba.com\/wp-content\/uploads\/2024\/07\/como-conservar-los-arandanos-para-que-duren-frescos-varias-semanas-3.webp 1024w, https:\/\/i.blogs.es\/8ceb5c\/conservararandanos\/1366_2000.webp 1366w\" src=\"http:\/\/latecordoba.com\/wp-content\/uploads\/2024\/07\/como-conservar-los-arandanos-para-que-duren-frescos-varias-semanas-1.webp\" alt=\"Conservararandanos\" onerror=\"this.src='https:\/\/i.blogs.es\/8ceb5c\/conservararandanos\/450_1000.jpeg';this.srcset='https:\/\/i.blogs.es\/8ceb5c\/conservararandanos\/450_1000.jpeg 450w, https:\/\/i.blogs.es\/8ceb5c\/conservararandanos\/650_1200.jpeg 681w,https:\/\/i.blogs.es\/8ceb5c\/conservararandanos\/1024_2000.jpeg 1024w, https:\/\/i.blogs.es\/8ceb5c\/conservararandanos\/1366_2000.jpeg 1366w';return false;\"> <noscript><img decoding=\"async\" alt=\"Conservararandanos\" class=\"centro_sinmarco\" src=\"http:\/\/latecordoba.com\/wp-content\/uploads\/2024\/07\/como-conservar-los-arandanos-para-que-duren-frescos-varias-semanas-1.webp\"><\/noscript> <\/div>\n<\/div>\n<p>De esta forma, podemos<strong> lograr ar\u00e1ndanos frescos y en perfectas condiciones por hasta dos semanas<\/strong> a nuestra nevera.<\/p>\n<p>En Vit\u00f3nica | <a href=\"https:\/\/www.vitonica.com\/alimentos\/este-impacto-positivo-que-ocurre-tu-cuerpo-cuando-tomas-arandanos-a-diario\">Este es el impacto positivo que ocurre en tu cuerpo cuando tomas ar\u00e1ndanos a diario<\/a><\/p>\n<p>Imagen | <a rel=\"noopener, noreferrer\" href=\"https:\/\/unsplash.com\/es\/@eviefjord\">Evie Fjord<\/a> y <a href=\"https:\/\/www.directoalpaladar.com\/\">DAP<\/a><\/p>\n","protected":false},"excerpt":{"rendered":"\n<p> <img decoding=\"async\" src=\"http:\/\/latecordoba.com\/wp-content\/uploads\/2024\/07\/como-conservar-los-arandanos-para-que-duren-frescos-varias-semanas.jpg\" alt=\"C&#x00F3;mo&#x20;conservar&#x20;los&#x20;ar&#x00E1;ndanos&#x20;para&#x20;que&#x20;duren&#x20;frescos&#x20;varias&#x20;semanas\"> <\/p>\n<p>Si eres amante de los <strong>ar\u00e1ndanos, <\/strong>estos <a href=\"https:\/\/www.vitonica.com\/alimentos\/soy-nutricionista-esta-mi-opinion-fruta-saludable-que-puedes-comprar-supermercado\">peque\u00f1os frutos <\/a>que por su alto contenido de agua se deterioran con facilidad, te mostramos <strong>c\u00f3mo conservarlos en casa para que permanezcan frescos por hasta dos semanas<\/strong>.<\/p>\n<p><!-- BREAK 1 --><\/p>\n<h2>Los trucos que no fallan para conservar ar\u00e1ndanos<\/h2>\n<p>Lo primero que debemos saber es que al comprar <a href=\"https:\/\/www.vitonica.com\/alimentos\/este-impacto-positivo-que-ocurre-tu-cuerpo-cuando-tomas-arandanos-a-diario\">ar\u00e1ndanos<\/a>, es de gran ayuda <strong>retirarlos del recipiente o envase<\/strong> en el que est\u00e1n; y de esta forma eliminar los frutos que podr\u00edan estar da\u00f1ados, as\u00ed como o los tallos, y posibles impurezas que puedan tener.<\/p>\n<p><!-- BREAK 2 --><\/p>\n<p>Si no los vamos a utilizar en el momento, recomendamos no <a href=\"https:\/\/www.vitonica.com\/alimentos\/forma-correcta-lavar-secar-arandanos-para-conservarlos-frescos-bichos-tiempo\">lavarlos <\/a>sino m\u00e1s &nbsp;bien dejarlos como est\u00e1n para <strong>no sumar humedad<\/strong> a los mismos.<\/p>\n<div class=\"article-asset article-asset-normal article-asset-center\">\n<div class=\"desvio-container\">\n<div class=\"desvio\">\n<div class=\"desvio-figure js-desvio-figure\"> <a href=\"https:\/\/www.vitonica.com\/alimentos\/forma-correcta-lavar-secar-arandanos-para-conservarlos-frescos-bichos-tiempo\" > <img decoding=\"async\" loading=\"lazy\" alt=\"Esta&#x20;es&#x20;la&#x20;forma&#x20;correcta&#x20;de&#x20;lavar&#x20;y&#x20;secar&#x20;los&#x20;ar&#x00E1;ndanos&#x20;antes&#x20;de&#x20;consumirlos&#x20;para&#x20;eliminar&#x20;par&#x00E1;sitos&#x20;y&#x20;pesticidas\" width=\"375\" height=\"142\" src=\"http:\/\/latecordoba.com\/wp-content\/uploads\/2024\/07\/como-conservar-los-arandanos-para-que-duren-frescos-varias-semanas.webp\" onerror='this.src=\"https:\/\/i.blogs.es\/99776d\/davies-designs-studio-34lgo8_oo-o-unsplash\/375_142.jpeg\"'> <\/a> <\/div>\n<div class=\"desvio-summary\">\n<div class=\"desvio-taxonomy js-desvio-taxonomy\"> <a href=\"https:\/\/www.vitonica.com\/alimentos\/forma-correcta-lavar-secar-arandanos-para-conservarlos-frescos-bichos-tiempo\" class=\"desvio-taxonomy-anchor\">En Vit\u00f3nica<\/a> <\/div>\n<p> <a href=\"https:\/\/www.vitonica.com\/alimentos\/forma-correcta-lavar-secar-arandanos-para-conservarlos-frescos-bichos-tiempo\" class=\"desvio-title js-desvio-title\">Esta es la forma correcta de lavar y secar los ar\u00e1ndanos antes de consumirlos para eliminar par\u00e1sitos y pesticidas<\/a> <\/div>\n<\/p><\/div>\n<\/p><\/div>\n<\/div>\n<p>Lo m\u00e1s importante es <strong>pasarlos a un recipiente ancho y bajo,<\/strong> y colocar en la base del mismo varias <strong>capas de papel de cocina<\/strong> o toallas absorbentes, con el objetivo de <a href=\"https:\/\/www.vitonica.com\/alimentos\/nueve-trucos-sencillos-para-conservar-alargar-vida-estos-alimentos-durante-tiempo#:~:text=Para%20alargar%20su%20vida%20%C3%BAtil,est%C3%A9n%20lo%20m%C3%A1s%20separadas%20posibles.\">eliminar cualquier m\u00ednimo una humedad<\/a> que pudieran contener.<\/p>\n<p><!-- BREAK 3 --><\/p>\n<p>Posteriormente, recomendamos <strong>tapar el recipiente dejando un peque\u00f1o orificio para que circule el aire<\/strong> en el interior; pudiendo ser una punta de la tapa no cerrada o unos peque\u00f1os cortes si utilizamos papel de film.<\/p>\n<p><!-- BREAK 4 --><\/p>\n<p>Si decidimos lavarlos para que se encuentren listos para consumir, la clave es <strong>secarlos correctamente<\/strong> utilizando para ello papel de cocina o toallas que minimicen al m\u00e1ximo la <a href=\"https:\/\/www.vitonica.com\/alimentos\/este-enemigo-invisible-alimentos-que-tienen-moho\">humedad<\/a>.<\/p>\n<p><!-- BREAK 5 --><\/p>\n<div class=\"article-asset-image article-asset-normal article-asset-center\">\n<div class=\"asset-content\"> <img decoding=\"async\" alt=\"Conservararandanos\" class=\"centro_sinmarco\" src=\"http:\/\/latecordoba.com\/wp-content\/uploads\/2024\/07\/como-conservar-los-arandanos-para-que-duren-frescos-varias-semanas-1.webp\"> <\/div>\n<\/div>\n<p>De esta forma, podemos<strong> lograr ar\u00e1ndanos frescos y en perfectas condiciones por hasta dos semanas<\/strong> a nuestra nevera.<\/p>\n<p>En Vit\u00f3nica | <a href=\"https:\/\/www.vitonica.com\/alimentos\/este-impacto-positivo-que-ocurre-tu-cuerpo-cuando-tomas-arandanos-a-diario\">Este es el impacto positivo que ocurre en tu cuerpo cuando tomas ar\u00e1ndanos a diario<\/a><\/p>\n<p>Imagen | <a rel=\"noopener, noreferrer\" href=\"https:\/\/unsplash.com\/es\/@eviefjord\">Evie Fjord<\/a> y <a href=\"https:\/\/www.directoalpaladar.com\/\">DAP<\/a><\/p>\n<p><script> (function() { window._JS_MODULES = window._JS_MODULES || {}; var headElement = document.getElementsByTagName('head')[0]; if (_JS_MODULES.instagram) { var instagramScript = document.createElement('script'); instagramScript.src = 'https:\/\/platform.instagram.com\/en_US\/embeds.js'; instagramScript.async = true; instagramScript.defer = true; headElement.appendChild(instagramScript); } })();\n<\/script> <\/p>\n<p> &#8211; <br \/> La noticia <a href=\"https:\/\/www.vitonica.com\/alimentos\/claves-para-conservar-arandanos-casa-que-permanezcan-frescos-dos-semanas&#x3F;utm_source&#x3D;feedburner&amp;utm_medium&#x3D;feed&amp;utm_campaign&#x3D;09_Jul_2024\"> <em> C\u00f3mo conservar los ar\u00e1ndanos para que duren frescos varias semanas <\/em> <\/a> fue publicada originalmente en <a href=\"https:\/\/www.vitonica.com&#x3F;utm_source&#x3D;feedburner&amp;utm_medium&#x3D;feed&amp;utm_campaign&#x3D;09_Jul_2024\"> <strong> Vit\u00f3nica <\/strong> <\/a> por <a href=\"https:\/\/www.vitonica.com\/autor\/gabriela-gottau&#x3F;utm_source&#x3D;feedburner&amp;utm_medium&#x3D;feed&amp;utm_campaign&#x3D;09_Jul_2024\"> Gabriela Gottau <\/a> . <\/p>\n","protected":false},"author":1,"featured_media":25475,"comment_status":"closed","ping_status":"closed","sticky":false,"template":"","format":"standard","meta":[],"categories":[16],"tags":[],"_links":{"self":[{"href":"https:\/\/latecordoba.com\/index.php\/wp-json\/wp\/v2\/posts\/25474"}],"collection":[{"href":"https:\/\/latecordoba.com\/index.php\/wp-json\/wp\/v2\/posts"}],"about":[{"href":"https:\/\/latecordoba.com\/index.php\/wp-json\/wp\/v2\/types\/post"}],"author":[{"embeddable":true,"href":"https:\/\/latecordoba.com\/index.php\/wp-json\/wp\/v2\/users\/1"}],"replies":[{"embeddable":true,"href":"https:\/\/latecordoba.com\/index.php\/wp-json\/wp\/v2\/comments?post=25474"}],"version-history":[{"count":0,"href":"https:\/\/latecordoba.com\/index.php\/wp-json\/wp\/v2\/posts\/25474\/revisions"}],"wp:featuredmedia":[{"embeddable":true,"href":"https:\/\/latecordoba.com\/index.php\/wp-json\/wp\/v2\/media\/25475"}],"wp:attachment":[{"href":"https:\/\/latecordoba.com\/index.php\/wp-json\/wp\/v2\/media?parent=25474"}],"wp:term":[{"taxonomy":"category","embeddable":true,"href":"https:\/\/latecordoba.com\/index.php\/wp-json\/wp\/v2\/categories?post=25474"},{"taxonomy":"post_tag","embeddable":true,"href":"https:\/\/latecordoba.com\/index.php\/wp-json\/wp\/v2\/tags?post=25474"}],"curies":[{"name":"wp","href":"https:\/\/api.w.org\/{rel}","templated":true}]}}