{"id":25471,"date":"2024-07-09T13:10:26","date_gmt":"2024-07-09T13:10:26","guid":{"rendered":"https:\/\/www.diariocronica.com.ar\/noticias\/2024\/07\/09\/98788-con-messi-y-di-maria-el-11-que-pararia-scaloni-para-el-partido-entre-la-seleccion-argentina-y-canada"},"modified":"2024-07-09T13:10:26","modified_gmt":"2024-07-09T13:10:26","slug":"con-messi-y-di-maria-el-11-que-pararia-scaloni-para-el-partido-entre-la-seleccion-argentina-y-canada","status":"publish","type":"post","link":"https:\/\/latecordoba.com\/index.php\/2024\/07\/09\/con-messi-y-di-maria-el-11-que-pararia-scaloni-para-el-partido-entre-la-seleccion-argentina-y-canada\/","title":{"rendered":"Con Messi y Di Mar\u00eda: el 11 que parar\u00eda Scaloni para el partido entre la Selecci\u00f3n argentina y Canad\u00e1"},"content":{"rendered":"\n<div class=\"media_block\"><a href=\"http:\/\/latecordoba.com\/wp-content\/uploads\/2024\/07\/con-messi-y-di-maria-el-11-que-pararia-scaloni-para-el-partido-entre-la-seleccion-argentina-y-canada.jpg\"><img decoding=\"async\" src=\"http:\/\/latecordoba.com\/wp-content\/uploads\/2024\/07\/con-messi-y-di-maria-el-11-que-pararia-scaloni-para-el-partido-entre-la-seleccion-argentina-y-canada.jpg\" class=\"media_thumbnail\"><\/a><\/div>\n<div><img decoding=\"async\" src=\"http:\/\/latecordoba.com\/wp-content\/uploads\/2024\/07\/con-messi-y-di-maria-el-11-que-pararia-scaloni-para-el-partido-entre-la-seleccion-argentina-y-canada-1.jpg\" class=\"ff-og-image-inserted\"><\/div>\n<p>\nLa \u201cScaloneta\u201d buscar\u00e1 meterse en su cuarta final consecutiva.\n<\/p>\n<div readability=\"49.938325991189\">\n<p><strong>La&nbsp;<\/strong><span><a href=\"https:\/\/www.diariocronica.com.ar\/noticias\/2024\/07\/09\/98771-la-seleccion-argentina-enfrenta-a-canada-por-un-lugar-en-la-final\"><strong>Selecci\u00f3n argentina jugar\u00e1 este martes a las 21 ante su par de Canad\u00e1<\/strong><\/a><\/span>, por las&nbsp;<strong>semifinales de la Copa Am\u00e9rica<\/strong>, y el director t\u00e9cnico&nbsp;<strong>Lionel Scaloni<\/strong>&nbsp;solo mantiene un par de inc\u00f3gnitas entre los&nbsp;<strong>11 que ser\u00e1n titulares.<\/strong><\/p>\n<p><strong>La defensa parece salir de memoria.<\/strong>&nbsp;Durante la mayor parte de la Copa Am\u00e9rica, Scaloni puso en el arco a&nbsp;<strong>Emiliano \u201cDibu\u201d Mart\u00ednez<\/strong>, a los laterales&nbsp;<strong>Nicol\u00e1s Tagliafico y Nahuel Molina<\/strong>, y a los centrales&nbsp;<strong>Lisandro Mart\u00ednez y Cristian \u201cCuti\u201d Romeo<\/strong>. Si bien en alg\u00fan que otro partido opt\u00f3 por alguna variante, ellos cinco son los que saldr\u00edan a la cancha esta noche en el MetLife Stadium de New Jersey, aunque&nbsp;<strong>no hay que descartar que Gonzalo Montiel<\/strong>&nbsp;pueda aparecer por la banda derecha.<\/p>\n<p>En lo que respecta al&nbsp;<strong>mediocampo<\/strong>,&nbsp;<strong>Rodrigo de Paul y Alexis Mac Allister<\/strong>&nbsp;tienen un lugar asegurado. Solo resta saber si&nbsp;<strong>Leandro Paredes o Enzo Fern\u00e1ndez<\/strong>&nbsp;ocupar\u00e1n el tercer lugar.<\/p>\n<p>Paredes fue titular en el debut justamente ante Canad\u00e1 y en el \u00faltimo partido de la fase de grupos frente a Per\u00fa.<\/p>\n<p>Por \u00faltimo,<strong>&nbsp;en la delantera es donde m\u00e1s firme viene el asunto. Lionel Messi, \u00c1ngel Di Mar\u00eda y Juli\u00e1n \u00c1lvarez<\/strong>&nbsp;conformar\u00e1n el tridente ofensivo, mientras que el goleador de esta Copa Am\u00e9rica,&nbsp;<strong>Lautaro Mart\u00ednez, estar\u00e1 en el banco de suplentes.<\/strong><\/p>\n<p><strong>La Selecci\u00f3n argentina y Canad\u00e1 ya se enfrentaron en el partido inaugural de la Copa Am\u00e9rica<\/strong>&nbsp;y el partido termin\u00f3 en&nbsp;<strong>triunfo por 2-0 para los dirigidos por Scaloni<\/strong>, que buscan su 16\u00b0 t\u00edtulo continental.<\/p>\n<h4>La probable formaci\u00f3n de la Selecci\u00f3n argentina ante Canad\u00e1&nbsp;<\/h4>\n<p>Emiliano&nbsp;<strong>Mart\u00ednez<\/strong>; Nicol\u00e1s&nbsp;<strong>Tagliafico<\/strong>, Lisandro&nbsp;<strong>Mart\u00ednez<\/strong>, Cristian&nbsp;<strong>Romero<\/strong>, Nahuel&nbsp;<strong>Molina<\/strong>&nbsp;o Gonzalo&nbsp;<strong>Montiel<\/strong>; Leandro&nbsp;<strong>Paredes<\/strong>&nbsp;o Enzo&nbsp;<strong>Fern\u00e1ndez<\/strong>, Alexis&nbsp;<strong>Mac Allister<\/strong>, Rodrigo&nbsp;<strong>de Paul<\/strong>; \u00c1ngel&nbsp;<strong>Di Mar\u00eda<\/strong>, Juli\u00e1n&nbsp;<strong>\u00c1lvarez<\/strong>&nbsp;y Lionel&nbsp;<strong>Messi<\/strong>. <em>(NA)<\/em><\/p>\n<\/div>\n","protected":false},"excerpt":{"rendered":"\n<div class=\"media_block\"><a href=\"http:\/\/latecordoba.com\/wp-content\/uploads\/2024\/07\/con-messi-y-di-maria-el-11-que-pararia-scaloni-para-el-partido-entre-la-seleccion-argentina-y-canada.jpg\"><img decoding=\"async\" src=\"http:\/\/latecordoba.com\/wp-content\/uploads\/2024\/07\/con-messi-y-di-maria-el-11-que-pararia-scaloni-para-el-partido-entre-la-seleccion-argentina-y-canada.jpg\" class=\"media_thumbnail\"><\/a><\/div>\n<p>La \u201cScaloneta\u201d buscar\u00e1 meterse en su cuarta final consecutiva. <\/p>\n","protected":false},"author":1,"featured_media":25472,"comment_status":"closed","ping_status":"closed","sticky":false,"template":"","format":"standard","meta":[],"categories":[17],"tags":[],"_links":{"self":[{"href":"https:\/\/latecordoba.com\/index.php\/wp-json\/wp\/v2\/posts\/25471"}],"collection":[{"href":"https:\/\/latecordoba.com\/index.php\/wp-json\/wp\/v2\/posts"}],"about":[{"href":"https:\/\/latecordoba.com\/index.php\/wp-json\/wp\/v2\/types\/post"}],"author":[{"embeddable":true,"href":"https:\/\/latecordoba.com\/index.php\/wp-json\/wp\/v2\/users\/1"}],"replies":[{"embeddable":true,"href":"https:\/\/latecordoba.com\/index.php\/wp-json\/wp\/v2\/comments?post=25471"}],"version-history":[{"count":0,"href":"https:\/\/latecordoba.com\/index.php\/wp-json\/wp\/v2\/posts\/25471\/revisions"}],"wp:featuredmedia":[{"embeddable":true,"href":"https:\/\/latecordoba.com\/index.php\/wp-json\/wp\/v2\/media\/25472"}],"wp:attachment":[{"href":"https:\/\/latecordoba.com\/index.php\/wp-json\/wp\/v2\/media?parent=25471"}],"wp:term":[{"taxonomy":"category","embeddable":true,"href":"https:\/\/latecordoba.com\/index.php\/wp-json\/wp\/v2\/categories?post=25471"},{"taxonomy":"post_tag","embeddable":true,"href":"https:\/\/latecordoba.com\/index.php\/wp-json\/wp\/v2\/tags?post=25471"}],"curies":[{"name":"wp","href":"https:\/\/api.w.org\/{rel}","templated":true}]}}