{"id":25459,"date":"2024-07-09T15:36:17","date_gmt":"2024-07-09T15:36:17","guid":{"rendered":"https:\/\/radioritmo.com.ar\/?p=17857"},"modified":"2024-07-09T15:36:17","modified_gmt":"2024-07-09T15:36:17","slug":"ulises-bueno-llega-a-la-ciudad-para-otro-bailazo-en-bomberos","status":"publish","type":"post","link":"https:\/\/latecordoba.com\/index.php\/2024\/07\/09\/ulises-bueno-llega-a-la-ciudad-para-otro-bailazo-en-bomberos\/","title":{"rendered":"Ulises Bueno llega a la ciudad para otro bailazo en Bomberos"},"content":{"rendered":"\n<div class=\"single-post-thumb\"> <img loading=\"lazy\" width=\"660\" height=\"330\" src=\"http:\/\/latecordoba.com\/wp-content\/uploads\/2024\/07\/ulises-bueno-llega-a-la-ciudad-para-otro-bailazo-en-bomberos.jpg\" class=\"attachment-slider size-slider wp-post-image\" alt decoding=\"async\" fetchpriority=\"high\" srcset=\"http:\/\/latecordoba.com\/wp-content\/uploads\/2024\/07\/ulises-bueno-llega-a-la-ciudad-para-otro-bailazo-en-bomberos.jpg 660w, https:\/\/radioritmo.com.ar\/wp-content\/uploads\/2024\/07\/ulises-660x330-1-300x150.jpg 300w\" sizes=\"(max-width: 660px) 100vw, 660px\"> <\/div>\n<div class=\"post-inner\" readability=\"37.398675496689\">\n<p class=\"post-meta\"> <span class=\"tie-date\"><i class=\"fa fa-clock-o\"><\/i>1 min ago<\/span> <span class=\"post-cats\"><i class=\"fa fa-folder\"><\/i><a href=\"https:\/\/radioritmo.com.ar\/category\/noticias\/\" rel=\"category tag\">noticias<\/a><\/span> <\/p>\n<p><h2>El escenario del&nbsp;Gigante de Bomberos&nbsp;arranc\u00f3 julio con todo, con un gran show de&nbsp;Dale Q\u2019 Va ante un impresionante marco de p\u00fablico y continuar\u00e1 con otro gran espect\u00e1culo en los pr\u00f3ximos d\u00edas.<\/h2>\n<h3>Se trata de uno de los m\u00e1s pedidos por los bailarines de San Francisco y gran regi\u00f3n, como es Ulises Bueno, quien llegar\u00e1 a Bomberos el 27 de julio. Las entradas se largar\u00e1n a la venta en los pr\u00f3ximos d\u00edas.<\/h3>\n<h3>La \u00faltima presentaci\u00f3n de Ulises Bueno en San Francisco se dio el 18 de febrero de este a\u00f1o en el cierre de la noche del cuarteto de la&nbsp;edici\u00f3n 2024 del Festival del Humor, la Buena Mesa y la Canci\u00f3n en la Sociedad Rural.<\/h3>\n<\/p>\n<p><!-- .entry \/--> <!-- .share-post --> <\/div>\n<p><!-- .post-inner -->  <\/p>\n","protected":false},"excerpt":{"rendered":"<p> El escenario del\u00a0Gigante de Bomberos\u00a0arranc\u00f3 julio con todo, con un gran show de\u00a0Dale Q\u2019 Va ante un impresionante marco de p\u00fablico y continuar\u00e1 con otro gran espect\u00e1culo en los pr\u00f3ximos d\u00edas. Se trata de uno de los m\u00e1s pedidos por los bailarines de San Francisco y gran regi\u00f3n, como es Ulises Bueno, quien llegar\u00e1 a &#8230;  <\/p>\n","protected":false},"author":1,"featured_media":25460,"comment_status":"closed","ping_status":"closed","sticky":false,"template":"","format":"standard","meta":[],"categories":[20],"tags":[],"_links":{"self":[{"href":"https:\/\/latecordoba.com\/index.php\/wp-json\/wp\/v2\/posts\/25459"}],"collection":[{"href":"https:\/\/latecordoba.com\/index.php\/wp-json\/wp\/v2\/posts"}],"about":[{"href":"https:\/\/latecordoba.com\/index.php\/wp-json\/wp\/v2\/types\/post"}],"author":[{"embeddable":true,"href":"https:\/\/latecordoba.com\/index.php\/wp-json\/wp\/v2\/users\/1"}],"replies":[{"embeddable":true,"href":"https:\/\/latecordoba.com\/index.php\/wp-json\/wp\/v2\/comments?post=25459"}],"version-history":[{"count":0,"href":"https:\/\/latecordoba.com\/index.php\/wp-json\/wp\/v2\/posts\/25459\/revisions"}],"wp:featuredmedia":[{"embeddable":true,"href":"https:\/\/latecordoba.com\/index.php\/wp-json\/wp\/v2\/media\/25460"}],"wp:attachment":[{"href":"https:\/\/latecordoba.com\/index.php\/wp-json\/wp\/v2\/media?parent=25459"}],"wp:term":[{"taxonomy":"category","embeddable":true,"href":"https:\/\/latecordoba.com\/index.php\/wp-json\/wp\/v2\/categories?post=25459"},{"taxonomy":"post_tag","embeddable":true,"href":"https:\/\/latecordoba.com\/index.php\/wp-json\/wp\/v2\/tags?post=25459"}],"curies":[{"name":"wp","href":"https:\/\/api.w.org\/{rel}","templated":true}]}}