{"id":25453,"date":"2024-07-09T15:10:12","date_gmt":"2024-07-09T15:10:12","guid":{"rendered":"http:\/\/d0bd24e2f1eb3158a6b3e64aba868714"},"modified":"2024-07-09T15:10:12","modified_gmt":"2024-07-09T15:10:12","slug":"fuerte-critica-de-la-iglesia-a-los-politicos-que-no-tienen-termometro-social","status":"publish","type":"post","link":"https:\/\/latecordoba.com\/index.php\/2024\/07\/09\/fuerte-critica-de-la-iglesia-a-los-politicos-que-no-tienen-termometro-social\/","title":{"rendered":"Fuerte cr\u00edtica de la Iglesia a los pol\u00edticos que no tienen &#8220;term\u00f3metro social&#8221;"},"content":{"rendered":"\n<div class=\"media_block\"><img decoding=\"async\" src=\"http:\/\/latecordoba.com\/wp-content\/uploads\/2024\/07\/fuerte-critica-de-la-iglesia-a-los-politicos-que-no-tienen-termometro-social.jpg\"><\/div>\n<div><img decoding=\"async\" src=\"http:\/\/latecordoba.com\/wp-content\/uploads\/2024\/07\/fuerte-critica-de-la-iglesia-a-los-politicos-que-no-tienen-termometro-social-1.jpg\" class=\"ff-og-image-inserted\"><\/div>\n<p>&nbsp;El arzobispo porte\u00f1o se fue cr\u00edtico de la dirigencia pol\u00edtica por la &#8220;falta de term\u00f3metro social&#8221; y en un mensaje que pareci\u00f3 dirigido al gobierno pidi\u00f3 &#8220;vivir la libertad&#8221; sin &#8220;odio&#8221;.<\/p>\n<p> Jorge Garc\u00eda Cuerva, disc\u00edpulo del Papa Francisco, traz\u00f3 un diagn\u00f3stico crudo sobre la realidad argentina con Javier en la primera fila de la catedral metropolitana. A su lado estuvo Victoria Villarruel, que no hab\u00eda viajado a Tucum\u00e1n para la firma del Pacto de Mayo.<\/p>\n<p>&#8220;Muchas cosas hicimos mal en el pasado del que todav\u00eda nadie se hace cargo, aunque el resultado es que 6 de cada 10 chicos en son pobres&#8221;, record\u00f3.<\/p>\n<p>La Iglesia tiene una relaci\u00f3n tensa con Milei y en los \u00faltimos meses hubo cr\u00edticas contra el gobierno y contra la ministra Sandra Pettovello por el desmanejo con los alimentos.<\/p>\n<p>&#8220;Muchos argentinos est\u00e1n haciendo un esfuerzo enorme, que conmueve, esperanzador. No permitas que lo cascoteemos con la voracidad del poder por el poder mismo, conductas reprochables que demuestran que a muchos les falta el term\u00f3metro social de saber lo que viven los argentinos de a pie&#8221;, apunt\u00f3 Garc\u00eda Cuerva.<\/p>\n<p>&#8220;Tantos argentinos tendidos sobre una manta en el fr\u00edo de las veredas de las grandes ciudades del pa\u00eds, postrados como consecuencia de la falta de solidaridad y el ego\u00edsmo&#8221;, agreg\u00f3.<\/p>\n<p>En el pasaje m\u00e1s encendido de su homil\u00eda reclam\u00f3 vivir &#8220;la libertad de la mano del amor al pr\u00f3jimo, independizados de todo prejuicio y rechazo del otro por pensar distinto&#8221;.<\/p>\n","protected":false},"excerpt":{"rendered":"\n<div class=\"media_block\"><img decoding=\"async\" src=\"http:\/\/latecordoba.com\/wp-content\/uploads\/2024\/07\/fuerte-critica-de-la-iglesia-a-los-politicos-que-no-tienen-termometro-social.jpg\"><\/div>\n<p>El arzobispo porte\u00f1o pidi\u00f3 &#8220;vivir la libertad&#8221; sin &#8220;odio&#8221;. Tras el faltazo en Tucum\u00e1n, Villarruel estuvo con Milei.  <\/p>\n","protected":false},"author":1,"featured_media":25454,"comment_status":"closed","ping_status":"closed","sticky":false,"template":"","format":"standard","meta":[],"categories":[18],"tags":[],"_links":{"self":[{"href":"https:\/\/latecordoba.com\/index.php\/wp-json\/wp\/v2\/posts\/25453"}],"collection":[{"href":"https:\/\/latecordoba.com\/index.php\/wp-json\/wp\/v2\/posts"}],"about":[{"href":"https:\/\/latecordoba.com\/index.php\/wp-json\/wp\/v2\/types\/post"}],"author":[{"embeddable":true,"href":"https:\/\/latecordoba.com\/index.php\/wp-json\/wp\/v2\/users\/1"}],"replies":[{"embeddable":true,"href":"https:\/\/latecordoba.com\/index.php\/wp-json\/wp\/v2\/comments?post=25453"}],"version-history":[{"count":0,"href":"https:\/\/latecordoba.com\/index.php\/wp-json\/wp\/v2\/posts\/25453\/revisions"}],"wp:featuredmedia":[{"embeddable":true,"href":"https:\/\/latecordoba.com\/index.php\/wp-json\/wp\/v2\/media\/25454"}],"wp:attachment":[{"href":"https:\/\/latecordoba.com\/index.php\/wp-json\/wp\/v2\/media?parent=25453"}],"wp:term":[{"taxonomy":"category","embeddable":true,"href":"https:\/\/latecordoba.com\/index.php\/wp-json\/wp\/v2\/categories?post=25453"},{"taxonomy":"post_tag","embeddable":true,"href":"https:\/\/latecordoba.com\/index.php\/wp-json\/wp\/v2\/tags?post=25453"}],"curies":[{"name":"wp","href":"https:\/\/api.w.org\/{rel}","templated":true}]}}