{"id":25451,"date":"2024-07-09T15:24:15","date_gmt":"2024-07-09T15:24:15","guid":{"rendered":"https:\/\/viapais.com.ar\/cordoba\/vacaciones-de-invierno-en-cordoba-5-planes-infantiles-para-hacer-este-martes-9-de-julio\/"},"modified":"2024-07-09T15:24:15","modified_gmt":"2024-07-09T15:24:15","slug":"vacaciones-de-invierno-en-cordoba-5-planes-infantiles-para-hacer-este-martes-9-de-julio","status":"publish","type":"post","link":"https:\/\/latecordoba.com\/index.php\/2024\/07\/09\/vacaciones-de-invierno-en-cordoba-5-planes-infantiles-para-hacer-este-martes-9-de-julio\/","title":{"rendered":"Vacaciones de invierno en C\u00f3rdoba: 5 planes infantiles para hacer este martes 9 de julio"},"content":{"rendered":"<br \/>\n<section readability=\"15.55012987013\">\n<p>Las <a href=\"https:\/\/viapais.com.ar\/cordoba\/vacaciones-de-invierno-2024-en-cordoba-cuando-empieza-el-receso-escolar\/\">vacaciones de invierno<\/a> pusieron primera en C\u00f3rdoba y con ellas, las actividades para hacer con los m\u00e1s peque\u00f1os de la familia. En este sentido, la <a href=\"https:\/\/viapais.com.ar\/cordoba\/aun-con-pulperias-y-calles-de-tierra-asi-es-el-pueblo-de-cordoba-en-el-que-no-pasa-el-tiempo\/\">Agencia C\u00f3rdoba Turismo<\/a> dispone, a\u00f1o a a\u00f1o, de una serie de opciones que mezclan<b> teatro, m\u00fasica, lecturas, talleres culturales y mucho m\u00e1s<\/b>.<\/p>\n<article class=\"article card\">\n<div class=\"article-inner \">\n<div class=\"article-image \"><a href=\"https:\/\/viapais.com.ar\/cordoba\/un-cine-de-cordoba-anuncio-entradas-a-2500-durante-las-vacaciones-de-invierno\/\" title=\"Cines.\"><\/p>\n<figure><img alt=\"Cines.\" class=\" block \" src=\"http:\/\/latecordoba.com\/wp-content\/uploads\/2024\/07\/vacaciones-de-invierno-en-cordoba-5-planes-infantiles-para-hacer-este-martes-9-de-julio.jpg\" sizes=\"auto\" loading=\"lazy\" data-src=\"http:\/\/latecordoba.com\/wp-content\/uploads\/2024\/07\/vacaciones-de-invierno-en-cordoba-5-planes-infantiles-para-hacer-este-martes-9-de-julio.jpg\" width=\"307px\" fetchpriority=\"low\" decoding=\"async\" height=\"173px\"><\/figure>\n<p><\/a><\/div>\n<\/div>\n<\/article>\n<p>Es por eso que, en <i><b>V\u00eda C\u00f3rdoba<\/b><\/i>, enumeramos los planes disponibles para cada jornada. Este martes 9 de julio, hay cinco opciones disponibles. Dos de ellas, con <b>entrada gratuita<\/b>. <\/p>\n<h2 class><b>QU\u00c9 HACER ESTE MARTES 9 DE JULIO: 5 PLANES INFANTILES<\/b><\/h2>\n<ul>\n<li><span>De 10 a 19. <b>Acorde\u00f3n de historias compartidas<\/b> en el Museo Emilio Caraffa (Av Poeta Lugones 411). En esta actividad podr\u00e1n intervenir el cuaderno creando de manera individual una obra colectiva. Con entrada del museo. <\/span><\/li>\n<li><span>De 10 a 19. <b>B\u00fasqueda del tesoro<\/b> en el Museo Emilio Caraffa (Av Poeta Lugones 411). Una actividad de b\u00fasqueda de obras con el objetivo de recorrer el museo de manera l\u00fadica, detenida, divertida y distinta. Con entrada del museo. <\/span><\/li>\n<li><span>A las 15. <b>A jugar con IA<\/b> en el Centro de Arte Contempor\u00e1neo Chateau \u2013 Antonio Segu\u00ed (Parque del Chateau). Una actividad que apunta a desarrollar la creatividad mediante IA en base a historietas, dibujos y mucho m\u00e1s. Dirigido a ni\u00f1os\/as a partir de los 6 a\u00f1os de edad. <\/span><\/li>\n<li><span>A las 16. Teatro independiente en el Real: <b>\u201cErase una vez, bajo el Mar\u201d,<\/b> en el Teatro Real (San Jer\u00f3nimo 66). Entradas: 6.000 pesos, disponibles en <a href=\"http:\/\/autoentrada.com\" target=\"_blank\" rel=\"noopener\">autoentrada.com<\/a> y en boleter\u00eda del teatro. <\/span><\/li>\n<\/ul>\n<article class=\"article card\">\n<div class=\"article-inner \">\n<div class=\"article-image \"><a href=\"https:\/\/viapais.com.ar\/cordoba\/feria-del-libro-infantil-en-cordoba-las-actividades-que-se-pueden-hacer-en-esta-14-edicion\/\" title=\"Feria del libro infantil.\"><\/p>\n<figure><img alt=\"Feria del libro infantil.\" class=\" block \" src=\"http:\/\/latecordoba.com\/wp-content\/uploads\/2024\/07\/vacaciones-de-invierno-en-cordoba-5-planes-infantiles-para-hacer-este-martes-9-de-julio-1.jpg\" sizes=\"auto\" loading=\"lazy\" data-src=\"http:\/\/latecordoba.com\/wp-content\/uploads\/2024\/07\/vacaciones-de-invierno-en-cordoba-5-planes-infantiles-para-hacer-este-martes-9-de-julio-1.jpg\" width=\"307px\" fetchpriority=\"low\" decoding=\"async\" height=\"173px\"><\/figure>\n<p><\/a><\/div>\n<\/div>\n<\/article>\n<ul>\n<li><span>A las 17. <b>\u00bfY c\u00f3mo suena ese cuadro?<\/b> en Museo Emilio Caraffa (Av Poeta Lugones 411). Una experiencia musical donde las infancias puedan crear m\u00fasica usando como disparador las obras expuestas en el museo. Destinada para infancias y sus familias. Entrada gratuita con <a href=\"https:\/\/forms.gle\/ePqvUc4zkFAFtRzm8\" target=\"_blank\" rel=\"noopener\">inscripci\u00f3n previa aqu\u00ed<\/a>. <\/span><\/li>\n<\/ul>\n<\/section>\n<div class=\"story-tags noreadme-audima\">\n<h3>Temas Relacionados<\/h3>\n<\/div>\n","protected":false},"excerpt":{"rendered":"<p>Las vacaciones de invierno pusieron primera en C\u00f3rdoba y con ellas, las actividades para hacer con los m\u00e1s peque\u00f1os de la familia. En este sentido, la Agencia C\u00f3rdoba Turismo dispone, a\u00f1o a a\u00f1o, de una serie de opciones que mezclan teatro, m\u00fasica, lecturas, talleres culturales y mucho m\u00e1s. Es por eso que, en V\u00eda C\u00f3rdoba, [&hellip;]<\/p>\n","protected":false},"author":1,"featured_media":25452,"comment_status":"closed","ping_status":"closed","sticky":false,"template":"","format":"standard","meta":[],"categories":[15],"tags":[],"_links":{"self":[{"href":"https:\/\/latecordoba.com\/index.php\/wp-json\/wp\/v2\/posts\/25451"}],"collection":[{"href":"https:\/\/latecordoba.com\/index.php\/wp-json\/wp\/v2\/posts"}],"about":[{"href":"https:\/\/latecordoba.com\/index.php\/wp-json\/wp\/v2\/types\/post"}],"author":[{"embeddable":true,"href":"https:\/\/latecordoba.com\/index.php\/wp-json\/wp\/v2\/users\/1"}],"replies":[{"embeddable":true,"href":"https:\/\/latecordoba.com\/index.php\/wp-json\/wp\/v2\/comments?post=25451"}],"version-history":[{"count":0,"href":"https:\/\/latecordoba.com\/index.php\/wp-json\/wp\/v2\/posts\/25451\/revisions"}],"wp:featuredmedia":[{"embeddable":true,"href":"https:\/\/latecordoba.com\/index.php\/wp-json\/wp\/v2\/media\/25452"}],"wp:attachment":[{"href":"https:\/\/latecordoba.com\/index.php\/wp-json\/wp\/v2\/media?parent=25451"}],"wp:term":[{"taxonomy":"category","embeddable":true,"href":"https:\/\/latecordoba.com\/index.php\/wp-json\/wp\/v2\/categories?post=25451"},{"taxonomy":"post_tag","embeddable":true,"href":"https:\/\/latecordoba.com\/index.php\/wp-json\/wp\/v2\/tags?post=25451"}],"curies":[{"name":"wp","href":"https:\/\/api.w.org\/{rel}","templated":true}]}}