{"id":25447,"date":"2024-07-09T00:00:43","date_gmt":"2024-07-09T00:00:43","guid":{"rendered":"http:\/\/9d0e9203a9d67200d815203932436e0a"},"modified":"2024-07-09T00:00:43","modified_gmt":"2024-07-09T00:00:43","slug":"la-inflacion-trepo-al-57-en-la-plata-y-se-corto-la-desaceleracion-de-precios","status":"publish","type":"post","link":"https:\/\/latecordoba.com\/index.php\/2024\/07\/09\/la-inflacion-trepo-al-57-en-la-plata-y-se-corto-la-desaceleracion-de-precios\/","title":{"rendered":"La inflaci\u00f3n trep\u00f3 al 5,7% en La Plata y se cort\u00f3 la desaceleraci\u00f3n de precios"},"content":{"rendered":"\n<p>De acuerdo a un informe de la Facultad de Ciencias Econ\u00f3micas de la Universidad de La Plata, la inflaci\u00f3n de junio en la capital bonaerense fue del 5,7%, lo que represent\u00f3 un corte en la desaceleraci\u00f3n de precios registrada a lo largo del a\u00f1o.<\/p>\n<p>Este dato va en l\u00ednea con el rebote inflacionario que, en las \u00faltimas horas, tambi\u00e9n registr\u00f3 la Direcci\u00f3n de Estad\u00edsticas de <a href=\"https:\/\/www.lapoliticaonline.com\/economia\/la-inflacion-subio-levemente-en-caba-pero-alimentos-aumento-apenas-2-4\/\">la Ciudad de Buenos Aires<\/a>. As\u00ed, se consolida en las principales ciudades un panorama que contradice las proyecciones de desaceleraci\u00f3n del Gobierno.<\/p>\n<p>El estudio encargado por la C\u00e1mara de Comercio e Industria platense marca que la variaci\u00f3n de junio se encuentra fuertemente influenciada por el cambio en el precio de los servicios p\u00fablicos, aunque tambi\u00e9n el impulso se dio a partir de la suba en los combustibles.&nbsp;<\/p>\n<p>M\u00e1s all\u00e1 de eso, y con una suba del 3%, el rubro Alimentos sigui\u00f3 su desaceleraci\u00f3n respecto de mayo (3,4%).<\/p>\n<p>En mayo, el Laboratorio de Desarrollo Sectorial y Territorial de la Facultad de Econ\u00f3micas de La Plata hab\u00eda registrado una inflaci\u00f3n del 4,6%, por lo que el rebote inflacionario en junio fue superior a un punto y se acerc\u00f3 al 6,3% de abril.<\/p>\n<p>Adem\u00e1s, el informe dio cuenta de un derrumbe de la actividad econ\u00f3mica que se consolida en las principales ciudades de la provincia de Buenos Aires. En La Plata, la actividad econ\u00f3mica cay\u00f3 un 5,4% y alcanza niveles de tiempos de pandemia. Un ejemplo, el comercio de autos se desplom\u00f3 un 37%.<\/p>\n<figure class=\"vsmimage\" contenteditable=\"false\"><img decoding=\"async\" loading=\"lazy\" alt=\"La inflaci\u00f3n trep\u00f3 al 5,7% en La Plata y se cort\u00f3 la desaceleraci\u00f3n de precios \" data-vsmid=\"230097\" data-owidth=\"956\" data-oheight=\"534\" src=\"data:image\/png;base64,iVBORw0KGgoAAAANSUhEUgAAAx4AAAG5AQMAAAA6cnACAAAAA1BMVEUAAACnej3aAAAAAXRSTlMAQObYZgAAAEJJREFUeJztwQENAAAAwqD3T20ON6AAAAAAAAAAAAAAAAAAAAAAAAAAAAAAAAAAAAAAAAAAAAAAAAAAAAAAAAAADgyt\/QABL5PpcwAAAABJRU5ErkJggg==\" vsmidos=\"1\" vsmsrc=\"\/files\/image\/230\/230097\/668c7ff0c5adf_798_441!.jpg?s=d23e776b97e53b1354dbe2f80a1e0e9e&amp;d=1720483826\" width=\"798\" height=\"441\" contenteditable=\"false\"><\/figure>\n<p>Esa foto es similar a la de otros grandes centros urbanos de la provincia de Buenos Aires que empiezan a sentir fuerte el ajuste promovido por Javier Milei. Por caso, en Bah\u00eda Blanca, el patentamiento automotor cay\u00f3 un 22% en mayo, comparado al mismo mes de 2023.<\/p>\n<p>Seg\u00fan un informe del Centro Regional de Estudios Econ\u00f3micos de Bah\u00eda Blanca (CREEBBA), en mayo se otorgaron 32 permisos de construcci\u00f3n, cifra que result\u00f3 un 18% menor a la observada el mes anterior. En t\u00e9rminos interanuales, la ca\u00edda fue m\u00e1s pronunciada, alcanzando el 33%. <\/p>\n<p><a href=\"https:\/\/www.lapoliticaonline.com\/tools\/redirect.php?t=3&amp;i=293939&amp;s=bbe400703c3a9ae6e92fef2d346ce8ff\" class=\"link-type-content content-type-noticia-ar\">Dos encuestas confirman una ca\u00edda de la imagen de Milei y de las expectativas sobre la econom\u00eda<\/a><\/p>\n<p>En Mar del Plata, la Uni\u00f3n del Comercio, la Industria y la Producci\u00f3n (UCIP) detall\u00f3 que las ventas de junio registraron una disminuci\u00f3n interanual del 12,5% y marca 16 meses de ca\u00eddas ininterrumpida de ventas en la ciudad balnearia.<\/p>\n<p>De ese trabajo de la UCIP surge que un 4,7% de los comerciantes entrevistados consideraron que las ventas fueron muy buenas, un 20,3% buenas, el 35,9% las defini\u00f3 como regulares, malas para el 29,7% y mientras que el 9,4% restante las consider\u00f3 p\u00e9simas.<\/p>\n","protected":false},"excerpt":{"rendered":"<p> Rebote inflacionario, en contraste a las proyecciones del Gobierno. Se consolida el derrumbe de la actividad econ\u00f3mica en las principales ciudades bonaerenses.  <\/p>\n","protected":false},"author":1,"featured_media":25448,"comment_status":"closed","ping_status":"closed","sticky":false,"template":"","format":"standard","meta":[],"categories":[18],"tags":[],"_links":{"self":[{"href":"https:\/\/latecordoba.com\/index.php\/wp-json\/wp\/v2\/posts\/25447"}],"collection":[{"href":"https:\/\/latecordoba.com\/index.php\/wp-json\/wp\/v2\/posts"}],"about":[{"href":"https:\/\/latecordoba.com\/index.php\/wp-json\/wp\/v2\/types\/post"}],"author":[{"embeddable":true,"href":"https:\/\/latecordoba.com\/index.php\/wp-json\/wp\/v2\/users\/1"}],"replies":[{"embeddable":true,"href":"https:\/\/latecordoba.com\/index.php\/wp-json\/wp\/v2\/comments?post=25447"}],"version-history":[{"count":0,"href":"https:\/\/latecordoba.com\/index.php\/wp-json\/wp\/v2\/posts\/25447\/revisions"}],"wp:featuredmedia":[{"embeddable":true,"href":"https:\/\/latecordoba.com\/index.php\/wp-json\/wp\/v2\/media\/25448"}],"wp:attachment":[{"href":"https:\/\/latecordoba.com\/index.php\/wp-json\/wp\/v2\/media?parent=25447"}],"wp:term":[{"taxonomy":"category","embeddable":true,"href":"https:\/\/latecordoba.com\/index.php\/wp-json\/wp\/v2\/categories?post=25447"},{"taxonomy":"post_tag","embeddable":true,"href":"https:\/\/latecordoba.com\/index.php\/wp-json\/wp\/v2\/tags?post=25447"}],"curies":[{"name":"wp","href":"https:\/\/api.w.org\/{rel}","templated":true}]}}